{"id":70650,"date":"2020-05-13T14:26:27","date_gmt":"2020-05-13T14:26:27","guid":{"rendered":"http:\/\/folhadosudeste.com\/site\/?p=70650"},"modified":"2020-05-13T18:33:57","modified_gmt":"2020-05-13T18:33:57","slug":"pronunciamento-grego-12-05-2020","status":"publish","type":"post","link":"http:\/\/folhadosudeste.com\/site\/?p=70650","title":{"rendered":"CORONAV\u00cdRUS: Prefeito disse nesta ter\u00e7a que volta a falar de novas delibera\u00e7\u00f5es na quinta"},"content":{"rendered":"<p>https:\/\/www.facebook.com\/gregomuriae\/videos\/662485337934592\/&nbsp;<\/p>\n<p style=\"text-align: justify;\"><strong>VEJA NO V\u00cdDEO OS DETALHES DO PRONUNCIAMENTO<\/strong><\/p>\n<p style=\"text-align: justify;\">O prefeito de Muria\u00e9 Grego, fez um pronunciamento na noite desta ter\u00e7a-feira (12), \u00e0s 20h e objetivo foi atualizar as informa\u00e7\u00f5es do Comit\u00ea Gestor, relacionadas ao coronav\u00edrus. O prefeito estava acompanhado do secret\u00e1rio de Sa\u00fade de Muria\u00e9, Dr. Paulo C\u00e9sar de Oliveira. Veja os pontos tratados:<\/p>\n<p style=\"text-align: justify;\"><!--more--><\/p>\n<p style=\"text-align: justify;\">\u2013 Comit\u00ea vai deliberar sobre Recomenda\u00e7\u00e3o da Coordenadoria do Minist\u00e9rio P\u00fablico da Macro Regi\u00e3o da Zona da Mata, na pr\u00f3xima quinta-feira ap\u00f3s an\u00e1lise e trar\u00e1 os detalhes (sobre ades\u00e3o formal a Cartilha de Protocolos do Governo de Minas).<br \/>\n\u2013 Confiar apenas nas informa\u00e7\u00f5es oficiais<br \/>\n\u2013 Ao todo s\u00e3o 13 internados no momento, sendo 2 confirmados e tr\u00eas deles internados em UTI<br \/>\n\u2013 Apelo para que todos usem m\u00e1scara e fique em casa, evitar sair, e caso v\u00e1 evite aglomera\u00e7\u00f5es e manter o distanciamento.<br \/>\n\u2013 Testes fornecidos pelo Governo de Minas ainda \u00e9 muito pequeno; Os casos positivados devem aumentar quando feito esses testes r\u00e1pidos<br \/>\n\u2013 Servi\u00e7o de som vai pedir a popula\u00e7\u00e3o que fa\u00e7a ades\u00e3o de ficar em casa<br \/>\n\u2013 A\u00e7\u00e3o integrada Prefeitura, Minist\u00e9rio P\u00fablico, PMMG atuando com rela\u00e7\u00e3o aos moradores de rua, iniciou dia 7 de maio. Retiradas das ruas at\u00e9 agora 33 pessoas, encaminhadas para seus munic\u00edpios de origem, para cl\u00ednicas, casa acolhedora, caps, etc.<br \/>\n\u2013 Novo local da feira vem sendo aprovado e a organiza\u00e7\u00e3o continuar\u00e1 da mesma forma no pr\u00f3ximo domingo<br \/>\n\u2013 Cria\u00e7\u00e3o de uma Barreira Sanit\u00e1ria para o Terminal Rodovi\u00e1rio de Muria\u00e9.<br \/>\n\u2013 Quinta-feira falar\u00e1 sobre as atividades, funcionamento do com\u00e9rcio local, ap\u00f3s reuni\u00e3o do Comit\u00ea \u00e0s 20h; o que estar\u00e1 valendo a partir de segunda-feira pr\u00f3xima.<\/p>\n<p style=\"text-align: justify;\"><strong>Fonte: Silvan Alves<\/strong><\/p>\n","protected":false},"excerpt":{"rendered":"<p>https:\/\/www.facebook.com\/gregomuriae\/videos\/662485337934592\/&nbsp; VEJA NO V\u00cdDEO OS DETALHES DO PRONUNCIAMENTO O prefeito de Muria\u00e9 Grego, fez um pronunciamento na noite desta ter\u00e7a-feira (12), \u00e0s 20h e objetivo foi atualizar as informa\u00e7\u00f5es do Comit\u00ea Gestor, relacionadas ao coronav\u00edrus. O prefeito estava acompanhado do secret\u00e1rio de Sa\u00fade de Muria\u00e9, Dr. Paulo C\u00e9sar de Oliveira. Veja os pontos tratados:<\/p>\n","protected":false},"author":6,"featured_media":0,"comment_status":"open","ping_status":"closed","sticky":false,"template":"","format":"standard","meta":{"_joinchat":[],"footnotes":""},"categories":[1],"tags":[],"class_list":["post-70650","post","type-post","status-publish","format-standard","hentry","category-sem-categoria"],"_links":{"self":[{"href":"http:\/\/folhadosudeste.com\/site\/index.php?rest_route=\/wp\/v2\/posts\/70650","targetHints":{"allow":["GET"]}}],"collection":[{"href":"http:\/\/folhadosudeste.com\/site\/index.php?rest_route=\/wp\/v2\/posts"}],"about":[{"href":"http:\/\/folhadosudeste.com\/site\/index.php?rest_route=\/wp\/v2\/types\/post"}],"author":[{"embeddable":true,"href":"http:\/\/folhadosudeste.com\/site\/index.php?rest_route=\/wp\/v2\/users\/6"}],"replies":[{"embeddable":true,"href":"http:\/\/folhadosudeste.com\/site\/index.php?rest_route=%2Fwp%2Fv2%2Fcomments&post=70650"}],"version-history":[{"count":4,"href":"http:\/\/folhadosudeste.com\/site\/index.php?rest_route=\/wp\/v2\/posts\/70650\/revisions"}],"predecessor-version":[{"id":70654,"href":"http:\/\/folhadosudeste.com\/site\/index.php?rest_route=\/wp\/v2\/posts\/70650\/revisions\/70654"}],"wp:attachment":[{"href":"http:\/\/folhadosudeste.com\/site\/index.php?rest_route=%2Fwp%2Fv2%2Fmedia&parent=70650"}],"wp:term":[{"taxonomy":"category","embeddable":true,"href":"http:\/\/folhadosudeste.com\/site\/index.php?rest_route=%2Fwp%2Fv2%2Fcategories&post=70650"},{"taxonomy":"post_tag","embeddable":true,"href":"http:\/\/folhadosudeste.com\/site\/index.php?rest_route=%2Fwp%2Fv2%2Ftags&post=70650"}],"curies":[{"name":"wp","href":"https:\/\/api.w.org\/{rel}","templated":true}]}}