{"id":70655,"date":"2020-05-13T18:34:55","date_gmt":"2020-05-13T18:34:55","guid":{"rendered":"http:\/\/folhadosudeste.com\/site\/?p=70655"},"modified":"2020-05-13T18:35:54","modified_gmt":"2020-05-13T18:35:54","slug":"mais-uma-conquista-importante-do-ciasdem-para-as-pessoas-com-deficiencia","status":"publish","type":"post","link":"http:\/\/folhadosudeste.com\/site\/?p=70655","title":{"rendered":"Mais uma conquista importante do CIASDEM para as pessoas com defici\u00eancia"},"content":{"rendered":"<p style=\"text-align: justify;\"><a href=\"http:\/\/folhadosudeste.com\/site\/wp-content\/uploads\/2020\/05\/90465735-0bbf-4baa-bcc8-02e992403873.jpg\"><img loading=\"lazy\" decoding=\"async\" class=\"alignnone size-full wp-image-70656\" src=\"http:\/\/folhadosudeste.com\/site\/wp-content\/uploads\/2020\/05\/90465735-0bbf-4baa-bcc8-02e992403873.jpg\" alt=\"\" width=\"800\" height=\"800\" srcset=\"http:\/\/folhadosudeste.com\/site\/wp-content\/uploads\/2020\/05\/90465735-0bbf-4baa-bcc8-02e992403873.jpg 800w, http:\/\/folhadosudeste.com\/site\/wp-content\/uploads\/2020\/05\/90465735-0bbf-4baa-bcc8-02e992403873-150x150.jpg 150w, http:\/\/folhadosudeste.com\/site\/wp-content\/uploads\/2020\/05\/90465735-0bbf-4baa-bcc8-02e992403873-300x300.jpg 300w, http:\/\/folhadosudeste.com\/site\/wp-content\/uploads\/2020\/05\/90465735-0bbf-4baa-bcc8-02e992403873-768x768.jpg 768w\" sizes=\"auto, (max-width: 800px) 100vw, 800px\" \/><\/a> Aconteceu ontem (12\/05), na Prefeitura, a Elei\u00e7\u00e3o para composi\u00e7\u00e3o do Novo Conselho Municipal de Sa\u00fade e, o CIASDEM foi eleito para representar os Usu\u00e1rios do Sistema \u00danico de Sa\u00fade (SUS).<\/p>\n<p style=\"text-align: justify;\">Fico muito feliz e grato a todos que votaram e apoiaram o CIASDEM para continuar fazendo parte deste importante Conselho, fiscalizando e propondo pol\u00edticas p\u00fablicas para a sa\u00fade.<\/p>\n<p style=\"text-align: justify;\">Um grande abra\u00e7o, Deus te aben\u00e7oe!<\/p>\n","protected":false},"excerpt":{"rendered":"<p>Aconteceu ontem (12\/05), na Prefeitura, a Elei\u00e7\u00e3o para composi\u00e7\u00e3o do Novo Conselho Municipal de Sa\u00fade e, o CIASDEM foi eleito para representar os Usu\u00e1rios do Sistema \u00danico de Sa\u00fade (SUS). Fico muito feliz e grato a todos que votaram e apoiaram o CIASDEM para continuar fazendo parte deste importante Conselho, fiscalizando e propondo pol\u00edticas p\u00fablicas [&hellip;]<\/p>\n","protected":false},"author":6,"featured_media":0,"comment_status":"open","ping_status":"closed","sticky":false,"template":"","format":"standard","meta":{"_joinchat":[],"footnotes":""},"categories":[1],"tags":[],"class_list":["post-70655","post","type-post","status-publish","format-standard","hentry","category-sem-categoria"],"_links":{"self":[{"href":"http:\/\/folhadosudeste.com\/site\/index.php?rest_route=\/wp\/v2\/posts\/70655","targetHints":{"allow":["GET"]}}],"collection":[{"href":"http:\/\/folhadosudeste.com\/site\/index.php?rest_route=\/wp\/v2\/posts"}],"about":[{"href":"http:\/\/folhadosudeste.com\/site\/index.php?rest_route=\/wp\/v2\/types\/post"}],"author":[{"embeddable":true,"href":"http:\/\/folhadosudeste.com\/site\/index.php?rest_route=\/wp\/v2\/users\/6"}],"replies":[{"embeddable":true,"href":"http:\/\/folhadosudeste.com\/site\/index.php?rest_route=%2Fwp%2Fv2%2Fcomments&post=70655"}],"version-history":[{"count":3,"href":"http:\/\/folhadosudeste.com\/site\/index.php?rest_route=\/wp\/v2\/posts\/70655\/revisions"}],"predecessor-version":[{"id":70660,"href":"http:\/\/folhadosudeste.com\/site\/index.php?rest_route=\/wp\/v2\/posts\/70655\/revisions\/70660"}],"wp:attachment":[{"href":"http:\/\/folhadosudeste.com\/site\/index.php?rest_route=%2Fwp%2Fv2%2Fmedia&parent=70655"}],"wp:term":[{"taxonomy":"category","embeddable":true,"href":"http:\/\/folhadosudeste.com\/site\/index.php?rest_route=%2Fwp%2Fv2%2Fcategories&post=70655"},{"taxonomy":"post_tag","embeddable":true,"href":"http:\/\/folhadosudeste.com\/site\/index.php?rest_route=%2Fwp%2Fv2%2Ftags&post=70655"}],"curies":[{"name":"wp","href":"https:\/\/api.w.org\/{rel}","templated":true}]}}