{"id":70683,"date":"2020-05-15T02:38:04","date_gmt":"2020-05-15T02:38:04","guid":{"rendered":"http:\/\/folhadosudeste.com\/site\/?p=70683"},"modified":"2020-05-15T02:38:04","modified_gmt":"2020-05-15T02:38:04","slug":"aulas-da-rede-estadual-de-ensino-em-minas-voltam-na-proxima-segunda-feira","status":"publish","type":"post","link":"http:\/\/folhadosudeste.com\/site\/?p=70683","title":{"rendered":"Aulas da rede estadual de ensino em Minas voltam na pr\u00f3xima segunda-feira"},"content":{"rendered":"<p><img decoding=\"async\" src=\"https:\/\/www.otempo.com.br\/image\/contentid\/policy:1.2195639:1589335645\/julia.jpg?f=3x2&amp;w=930&amp;$p$f$w=7c3b6c9\" alt=\"Julia Sant\u2019Anna\"><\/p>\n<p style=\"text-align: justify;\"><em>Foram desenvolvidas tr\u00eas ferramentas para alunos e professores utilizarem durante o per\u00edodo em que as atividades presenciais para os estudantes estiverem suspensas<\/em><\/p>\n<p style=\"text-align: justify;\">A Secretaria de Estado de Educa\u00e7\u00e3o de Minas Gerais (SEE\/MG) anunciou nesta ter\u00e7a-feira (12) que as aulas da rede p\u00fablica de ensino v\u00e3o voltar na pr\u00f3xima segunda-feira (18) de forma remota.<\/p>\n<p style=\"text-align: justify;\">Segundo a pasta, a&nbsp;medida pretende minimizar os efeitos da necessidade de suspens\u00e3o das aulas presenciais, determinada pelo Comit\u00ea Gestor do Plano de Preven\u00e7\u00e3o e Contingenciamento em Sa\u00fade do Covid-19, Comit\u00ea Extraordin\u00e1rio Covis-19 e da Secretaria de Estado de Sa\u00fade (SES) para evitar a transmiss\u00e3o do novo coronav\u00edrus.<\/p>\n<p><!--more--><!--more--><\/p>\n<p style=\"text-align: justify;\">Em um v\u00eddeo publicado nas redes sociais da pasta, a secret\u00e1ria&nbsp;Julia Sant\u2019Anna lan\u00e7ou o&nbsp;Regime de Estudo n\u00e3o Presencial e enfatizou a import\u00e2ncia da continuidade do ensino mesmo em tempos de isolamento social.&nbsp;\u201cSabemos que nada substitui a rela\u00e7\u00e3o presencial entre alunos e professores em sala de aula. Mas \u00e9 nossa fun\u00e7\u00e3o garantir a continuidade dos estudos de nossas crian\u00e7as e jovens mineiros da melhor forma poss\u00edvel\u201d, disse.<\/p>\n<p style=\"text-align: justify;\"><strong>Programa<\/strong><\/p>\n<p style=\"text-align: justify;\">A SEE informou que foram desenvolvidas tr\u00eas principais ferramentas para alunos e professores utilizarem nas aulas a dist\u00e2ncia durante o per\u00edodo em que as atividades presenciais para os estudantes est\u00e3o suspensas. A primeira delas j\u00e1 est\u00e1 dispon\u00edvel:&nbsp;Planos de Estudos Tutorados (PETs), que s\u00e3o apostilas com o conte\u00fado das disciplinas, e dever\u00e1 ser baixado no site:&nbsp;<a href=\"http:\/\/estudeemcasa.educacao.mg.gov.br\/\"><strong>estudeemcasa.educacao.mg.gov.br<\/strong><\/a>.<\/p>\n<p style=\"text-align: justify;\">A distribui\u00e7\u00e3o para os alunos tamb\u00e9m pode ser pelos via site, e-mail e WhatsApp. J\u00e1 aqueles que n\u00e3o t\u00eam acesso \u00e0 internet receber\u00e3o o material impresso.<\/p>\n<p style=\"text-align: justify;\">Na segunda-feira (18\/05) vai estrear o programa \u201cSe Liga na Educa\u00e7\u00e3o\u201d, que vai exibir aulas que ser\u00e3o transmitidas pela Rede Minas, de segunda a sexta-feira, nos dias \u00fateis, pela manh\u00e3. &#8220;Os conte\u00fados foram distribu\u00eddos por \u00e1rea de conhecimento. Na segunda-feira, a tem\u00e1tica ser\u00e1 linguagens (Portugu\u00eas, Ingl\u00eas, Literatura, Artes e Educa\u00e7\u00e3o F\u00edsica). Na ter\u00e7a-feira o assunto \u00e9 Ci\u00eancias Humanas (Hist\u00f3ria e Geografia). Matem\u00e1tica ser\u00e1 estudada na quarta-feira. Quinta ser\u00e1 a vez das Ci\u00eancias da Natureza (Biologia, Qu\u00edmica e F\u00edsica). E na sexta-feira uma programa\u00e7\u00e3o espec\u00edfica voltada para os alunos que est\u00e3o se preparando para o Exame Nacional do Ensino M\u00e9dio (Enem).&#8221;<\/p>\n<p style=\"text-align: justify;\">Tamb\u00e9m a partir de segunda-feira ser\u00e1 disponibilizado o aplicativo para dispositivo &#8220;Conex\u00e3o Escola&#8221;. Na plataforma, alunos e professores ter\u00e3o acesso aos PETs e ainda poder\u00e3o encontrar as aulas j\u00e1 exibidas no programa \u201cSe Liga na Educa\u00e7\u00e3o\u201d.<\/p>\n<p style=\"text-align: justify;\"><strong>Sindicato contr\u00e1rio<\/strong><\/p>\n<p style=\"text-align: justify;\">O Sindicato \u00danico dos Trabalhadores em Educa\u00e7\u00e3o de Minas Gerais (Sind-UTE\/MG) se posiciou contr\u00e1rio \u00e0 decis\u00e3o do Executivo retornar \u00e0s aulas, mesmo que de maneira remota. Foi afirmado que a liminar que suspendia a convoca\u00e7\u00e3o dos servidores para trabalhar durante a pandemia da Covid-19 ainda est\u00e1 em vigor.<\/p>\n<p style=\"text-align: justify;\">&#8220;A decis\u00e3o do Tribunal de Justi\u00e7a que suspendeu a convoca\u00e7\u00e3o dos servidores da educa\u00e7\u00e3o ainda est\u00e1 em vigor. N\u00e3o teve nenhuma altera\u00e7\u00e3o. O Sind-UTE j\u00e1 informou ao Tribunal o descumprimenro da decis\u00e3o por parte do Governo do Estado&#8221;, informou.&nbsp; <strong>Fonte: O Tempo<\/strong><\/p>\n","protected":false},"excerpt":{"rendered":"<p>Foram desenvolvidas tr\u00eas ferramentas para alunos e professores utilizarem durante o per\u00edodo em que as atividades presenciais para os estudantes estiverem suspensas A Secretaria de Estado de Educa\u00e7\u00e3o de Minas Gerais (SEE\/MG) anunciou nesta ter\u00e7a-feira (12) que as aulas da rede p\u00fablica de ensino v\u00e3o voltar na pr\u00f3xima segunda-feira (18) de forma remota. Segundo a [&hellip;]<\/p>\n","protected":false},"author":6,"featured_media":0,"comment_status":"open","ping_status":"closed","sticky":false,"template":"","format":"standard","meta":{"_joinchat":[],"footnotes":""},"categories":[1],"tags":[],"class_list":["post-70683","post","type-post","status-publish","format-standard","hentry","category-sem-categoria"],"_links":{"self":[{"href":"http:\/\/folhadosudeste.com\/site\/index.php?rest_route=\/wp\/v2\/posts\/70683","targetHints":{"allow":["GET"]}}],"collection":[{"href":"http:\/\/folhadosudeste.com\/site\/index.php?rest_route=\/wp\/v2\/posts"}],"about":[{"href":"http:\/\/folhadosudeste.com\/site\/index.php?rest_route=\/wp\/v2\/types\/post"}],"author":[{"embeddable":true,"href":"http:\/\/folhadosudeste.com\/site\/index.php?rest_route=\/wp\/v2\/users\/6"}],"replies":[{"embeddable":true,"href":"http:\/\/folhadosudeste.com\/site\/index.php?rest_route=%2Fwp%2Fv2%2Fcomments&post=70683"}],"version-history":[{"count":1,"href":"http:\/\/folhadosudeste.com\/site\/index.php?rest_route=\/wp\/v2\/posts\/70683\/revisions"}],"predecessor-version":[{"id":70684,"href":"http:\/\/folhadosudeste.com\/site\/index.php?rest_route=\/wp\/v2\/posts\/70683\/revisions\/70684"}],"wp:attachment":[{"href":"http:\/\/folhadosudeste.com\/site\/index.php?rest_route=%2Fwp%2Fv2%2Fmedia&parent=70683"}],"wp:term":[{"taxonomy":"category","embeddable":true,"href":"http:\/\/folhadosudeste.com\/site\/index.php?rest_route=%2Fwp%2Fv2%2Fcategories&post=70683"},{"taxonomy":"post_tag","embeddable":true,"href":"http:\/\/folhadosudeste.com\/site\/index.php?rest_route=%2Fwp%2Fv2%2Ftags&post=70683"}],"curies":[{"name":"wp","href":"https:\/\/api.w.org\/{rel}","templated":true}]}}