{"id":70687,"date":"2020-05-15T02:42:07","date_gmt":"2020-05-15T02:42:07","guid":{"rendered":"http:\/\/folhadosudeste.com\/site\/?p=70687"},"modified":"2020-05-15T02:42:07","modified_gmt":"2020-05-15T02:42:07","slug":"nova-parcela-do-auxilio-emergencial-comeca-a-ser-paga-na-segunda","status":"publish","type":"post","link":"http:\/\/folhadosudeste.com\/site\/?p=70687","title":{"rendered":"Nova parcela do aux\u00edlio emergencial come\u00e7a a ser paga na segunda"},"content":{"rendered":"<p><img decoding=\"async\" src=\"https:\/\/imagens.ebc.com.br\/8I9ZAqWoJLbxXys6ly0nwezfNLw=\/1170x700\/smart\/https:\/\/agenciabrasil.ebc.com.br\/sites\/default\/files\/thumbnails\/image\/27032020-coletiva-de-imprensa-com-o-presidente-da-repblica-jair-bolsonaro-presidente-do-bc-rresidente-da-caixa-e-presidente-do-bndes_49705140617_o.jpg?itok=jJtvcViM\" alt=\"(Bras\u00edlia - DF, 25703\/2020) Presidente da Rep\u00fablica Jair Bolsonaro, durante coletiva de imprensa ao lado do Presidente do Banco Central Roberto Campos Neto, do Presidente da Caixa Pedro Guimar\u00e3es e do Presidente do BNDES Gustavo Montezano.\nFoto:\"><\/p>\n<p style=\"text-align: justify;\"><em>Caixa vai abrir conta digital para todos os benefici\u00e1rios do programa<\/em><\/p>\n<p style=\"text-align: justify;\">A Caixa Econ\u00f4mica Federal come\u00e7ar\u00e1 a creditar a segunda parcela do aux\u00edlio emergencial de R$ 600 a partir da pr\u00f3xima segunda-feira (18), informou hoje (14) o presidente do banco estatal, Pedro Guimar\u00e3es, durante a&nbsp;<em>live<\/em>&nbsp;semanal do presidente Jair Bolsonaro. O calend\u00e1rio de pagamento ser\u00e1 detalhado em coletiva de imprensa amanh\u00e3 (15), \u00e0s 15 horas, no Pal\u00e1cio do Planalto.&nbsp;&nbsp;<\/p>\n<p style=\"text-align: justify;\">&#8220;N\u00f3s come\u00e7amos na segunda-feira. Amanh\u00e3, \u00e0s 15h da tarde, eu e o ministro Onyx [Lorenzoni, da Cidadania] vamos dar todos os detalhes. Mas n\u00f3s come\u00e7amos na segunda e faremos toda a quest\u00e3o via m\u00eas de nascimento, exatamente para que n\u00f3s tenhamos uma tranquilidade maior no pagamento. Amanh\u00e3 a gente detalha&#8221;, antecipou Guimar\u00e3es.&nbsp;<\/p>\n<p><!--more--><\/p>\n<p style=\"text-align: justify;\">Ao todo, cerca de 50 milh\u00f5es de pessoas est\u00e3o inscritas no programa, criado para garantir uma renda b\u00e1sica emergencial durante tr\u00eas meses, para o enfrentamento dos efeitos econ\u00f4micos da pandemia do novo coronav\u00edrus. O benef\u00edcio \u00e9 pago para trabalhadores informais e pessoas de baixa renda, inscritos do cadastro social do governo e no Bolsa Fam\u00edlia.&nbsp;<\/p>\n<h2 style=\"text-align: justify;\">Contas digitais<\/h2>\n<p style=\"text-align: justify;\">Ainda segundo o presidente da Caixa, o banco vai oferecer, de gra\u00e7a, uma conta digital para todos os benefici\u00e1rios do aux\u00edlio emergencial. At\u00e9 ent\u00e3o, o banco s\u00f3 havia aberto contas digitais para pessoas cadastradas que n\u00e3o tinham conta banc\u00e1ria informada. &#8220;\u00c9 o maior programa de inclus\u00e3o digital do Brasil, que tem not\u00edcia, de todos os tempos, e numa velocidade muito grande&#8221;, enfatizou Guimar\u00e3es.<\/p>\n<h2 style=\"text-align: justify;\">Aux\u00edlio irregular<\/h2>\n<p style=\"text-align: justify;\">Durante a<em>&nbsp;live<\/em>, o presidente Jair Bolsonaro comentou sobre o pagamento irregular do aux\u00edlio emergencial a militares. As irregularidades foram detectadas ap\u00f3s o minist\u00e9rios da Defesa e da Cidadania realizarem um cruzamento de dados e identificarem que 73,2 mil militares ativos, inativos, tempor\u00e1rios, pensionistas e anistiados receberam a ajuda do governo.&nbsp;&nbsp;&nbsp;<\/p>\n<p style=\"text-align: justify;\">&#8220;O que aconteceu com muitos recrutas, n\u00e3o sei precisar o n\u00famero aqui. Como ano passado eles n\u00e3o declararam renda, e ficava dif\u00edcil passar no filtro, eles se inscreveram como benefici\u00e1rios e receberam os R$ 600, s\u00f3 que foram plotados, foram descobertos e, no nosso meio, quando algu\u00e9m faz algo errado, o bicho pega. Ent\u00e3o, v\u00e3o devolver essa grana e v\u00e3o sofrer, com toda certeza, uma puni\u00e7\u00e3o disciplinar&#8221;, afirmou.&nbsp;<\/p>\n<p style=\"text-align: justify;\">Uma decis\u00e3o do Tribunal de Contas de Uni\u00e3o (TCU) tamb\u00e9m&nbsp;<a href=\"https:\/\/agenciabrasil.ebc.com.br\/economia\/noticia\/2020-05\/tcu-determina-devolucao-de-auxilio-emergencial-recebido-irregularmente\" target=\"_blank\" rel=\"noopener\">obrigou<\/a>&nbsp;os militares acusados de receber irregularmente o aux\u00edlio emergencial a devolverem os valores aos cofres p\u00fablicos.<strong> Fonte: Ag\u00eancia Brasil<\/strong><\/p>\n","protected":false},"excerpt":{"rendered":"<p>Caixa vai abrir conta digital para todos os benefici\u00e1rios do programa A Caixa Econ\u00f4mica Federal come\u00e7ar\u00e1 a creditar a segunda parcela do aux\u00edlio emergencial de R$ 600 a partir da pr\u00f3xima segunda-feira (18), informou hoje (14) o presidente do banco estatal, Pedro Guimar\u00e3es, durante a&nbsp;live&nbsp;semanal do presidente Jair Bolsonaro. O calend\u00e1rio de pagamento ser\u00e1 detalhado [&hellip;]<\/p>\n","protected":false},"author":6,"featured_media":0,"comment_status":"open","ping_status":"closed","sticky":false,"template":"","format":"standard","meta":{"_joinchat":[],"footnotes":""},"categories":[1],"tags":[],"class_list":["post-70687","post","type-post","status-publish","format-standard","hentry","category-sem-categoria"],"_links":{"self":[{"href":"http:\/\/folhadosudeste.com\/site\/index.php?rest_route=\/wp\/v2\/posts\/70687","targetHints":{"allow":["GET"]}}],"collection":[{"href":"http:\/\/folhadosudeste.com\/site\/index.php?rest_route=\/wp\/v2\/posts"}],"about":[{"href":"http:\/\/folhadosudeste.com\/site\/index.php?rest_route=\/wp\/v2\/types\/post"}],"author":[{"embeddable":true,"href":"http:\/\/folhadosudeste.com\/site\/index.php?rest_route=\/wp\/v2\/users\/6"}],"replies":[{"embeddable":true,"href":"http:\/\/folhadosudeste.com\/site\/index.php?rest_route=%2Fwp%2Fv2%2Fcomments&post=70687"}],"version-history":[{"count":1,"href":"http:\/\/folhadosudeste.com\/site\/index.php?rest_route=\/wp\/v2\/posts\/70687\/revisions"}],"predecessor-version":[{"id":70688,"href":"http:\/\/folhadosudeste.com\/site\/index.php?rest_route=\/wp\/v2\/posts\/70687\/revisions\/70688"}],"wp:attachment":[{"href":"http:\/\/folhadosudeste.com\/site\/index.php?rest_route=%2Fwp%2Fv2%2Fmedia&parent=70687"}],"wp:term":[{"taxonomy":"category","embeddable":true,"href":"http:\/\/folhadosudeste.com\/site\/index.php?rest_route=%2Fwp%2Fv2%2Fcategories&post=70687"},{"taxonomy":"post_tag","embeddable":true,"href":"http:\/\/folhadosudeste.com\/site\/index.php?rest_route=%2Fwp%2Fv2%2Ftags&post=70687"}],"curies":[{"name":"wp","href":"https:\/\/api.w.org\/{rel}","templated":true}]}}