{"id":70731,"date":"2020-05-16T21:35:00","date_gmt":"2020-05-16T21:35:00","guid":{"rendered":"http:\/\/folhadosudeste.com\/site\/?p=70731"},"modified":"2020-05-16T21:35:00","modified_gmt":"2020-05-16T21:35:00","slug":"muriae-chega-a-tres-mortes-por-coronavirus","status":"publish","type":"post","link":"http:\/\/folhadosudeste.com\/site\/?p=70731","title":{"rendered":"Muria\u00e9 chega a tr\u00eas mortes por coronav\u00edrus"},"content":{"rendered":"<p><a href=\"http:\/\/folhadosudeste.com\/site\/wp-content\/uploads\/2020\/05\/3.jpeg\"><img loading=\"lazy\" decoding=\"async\" class=\"alignnone size-full wp-image-70732\" src=\"http:\/\/folhadosudeste.com\/site\/wp-content\/uploads\/2020\/05\/3.jpeg\" alt=\"\" width=\"1082\" height=\"1081\" srcset=\"http:\/\/folhadosudeste.com\/site\/wp-content\/uploads\/2020\/05\/3.jpeg 1082w, http:\/\/folhadosudeste.com\/site\/wp-content\/uploads\/2020\/05\/3-150x150.jpeg 150w, http:\/\/folhadosudeste.com\/site\/wp-content\/uploads\/2020\/05\/3-300x300.jpeg 300w, http:\/\/folhadosudeste.com\/site\/wp-content\/uploads\/2020\/05\/3-768x767.jpeg 768w, http:\/\/folhadosudeste.com\/site\/wp-content\/uploads\/2020\/05\/3-1024x1024.jpeg 1024w\" sizes=\"auto, (max-width: 1082px) 100vw, 1082px\" \/><\/a><\/p>\n<p style=\"text-align: justify;\"><em>V\u00edtima de 93 anos residia em Muria\u00e9 e possu\u00eda comorbidades. Resultado foi divulgado na tarde de sexta-feira (15)<\/em><\/p>\n<p style=\"text-align: justify;\">Com novos exames divulgados pela Funed no final da tarde de sexta-feira (15), subiu para tr\u00eas o n\u00famero de mortes causadas pelo coronav\u00edrus em Muria\u00e9. A v\u00edtima \u00e9 um idoso de 93 anos. Ele tinha comorbidades e faleceu no dia 12 deste m\u00eas.<\/p>\n<p><!--more--><\/p>\n<p style=\"text-align: justify;\">Outros resultados divulgados pela Funed mostram ainda que a cidade possui mais 15 casos confirmados de covid-19. As novas confirma\u00e7\u00f5es, incluindo o idoso, referem-se a oito pessoas do sexo feminino (com idades entre 23 e 58 anos) e a sete pessoas do sexo masculino (de 31 a 93 anos). Destes exames, nove s\u00e3o de pacientes de Muria\u00e9 e os seis demais s\u00e3o de pessoas de fora da cidade.<\/p>\n<p style=\"text-align: justify;\">Assim, subiu para 79 o n\u00famero de confirma\u00e7\u00f5es da doen\u00e7a na cidade. Deste total, s\u00e3o 54 pacientes ainda ativos e 22 j\u00e1 recuperados.&nbsp;&nbsp;&nbsp;&nbsp;&nbsp;&nbsp;&nbsp;&nbsp;&nbsp;&nbsp;&nbsp;&nbsp;&nbsp;&nbsp;&nbsp;&nbsp;&nbsp;&nbsp;&nbsp;&nbsp;&nbsp;&nbsp;&nbsp;&nbsp;&nbsp;&nbsp;&nbsp;&nbsp;&nbsp;&nbsp;&nbsp;&nbsp;&nbsp;&nbsp;&nbsp;&nbsp;&nbsp;&nbsp;&nbsp;&nbsp;&nbsp;&nbsp;&nbsp;&nbsp;&nbsp;&nbsp;&nbsp;&nbsp;&nbsp;&nbsp;&nbsp;&nbsp;&nbsp;&nbsp;&nbsp;&nbsp;<\/p>\n<p style=\"text-align: justify;\">Veja outros n\u00fameros do novo coronav\u00edrus na cidade neste s\u00e1bado (16):<\/p>\n<p style=\"text-align: justify;\">Em investiga\u00e7\u00e3o &#8211; 30 pessoas est\u00e3o com exames sendo feitos na Funda\u00e7\u00e3o Ezequiel Dias. O prazo estimado para entrega dos resultados atualmente \u00e9 de tr\u00eas dias \u00fateis.<\/p>\n<p style=\"text-align: justify;\">Em observa\u00e7\u00e3o &#8211; 93 pacientes que apresentaram apenas sintomas leves de s\u00edndrome gripal recebem acompanhamento pela Secretaria Municipal de Sa\u00fade.<\/p>\n<p style=\"text-align: justify;\">Descartados e encerrados \u2013 com 11 testes negativos neste s\u00e1bado, 158 poss\u00edveis casos do novo coronav\u00edrus foram descartados at\u00e9 o momento. J\u00e1 os pacientes que j\u00e1 tiveram observa\u00e7\u00e3o encerrada somam agora 200.<\/p>\n","protected":false},"excerpt":{"rendered":"<p>V\u00edtima de 93 anos residia em Muria\u00e9 e possu\u00eda comorbidades. Resultado foi divulgado na tarde de sexta-feira (15) Com novos exames divulgados pela Funed no final da tarde de sexta-feira (15), subiu para tr\u00eas o n\u00famero de mortes causadas pelo coronav\u00edrus em Muria\u00e9. A v\u00edtima \u00e9 um idoso de 93 anos. Ele tinha comorbidades e [&hellip;]<\/p>\n","protected":false},"author":6,"featured_media":0,"comment_status":"open","ping_status":"closed","sticky":false,"template":"","format":"standard","meta":{"_joinchat":[],"footnotes":""},"categories":[1],"tags":[],"class_list":["post-70731","post","type-post","status-publish","format-standard","hentry","category-sem-categoria"],"_links":{"self":[{"href":"http:\/\/folhadosudeste.com\/site\/index.php?rest_route=\/wp\/v2\/posts\/70731","targetHints":{"allow":["GET"]}}],"collection":[{"href":"http:\/\/folhadosudeste.com\/site\/index.php?rest_route=\/wp\/v2\/posts"}],"about":[{"href":"http:\/\/folhadosudeste.com\/site\/index.php?rest_route=\/wp\/v2\/types\/post"}],"author":[{"embeddable":true,"href":"http:\/\/folhadosudeste.com\/site\/index.php?rest_route=\/wp\/v2\/users\/6"}],"replies":[{"embeddable":true,"href":"http:\/\/folhadosudeste.com\/site\/index.php?rest_route=%2Fwp%2Fv2%2Fcomments&post=70731"}],"version-history":[{"count":1,"href":"http:\/\/folhadosudeste.com\/site\/index.php?rest_route=\/wp\/v2\/posts\/70731\/revisions"}],"predecessor-version":[{"id":70733,"href":"http:\/\/folhadosudeste.com\/site\/index.php?rest_route=\/wp\/v2\/posts\/70731\/revisions\/70733"}],"wp:attachment":[{"href":"http:\/\/folhadosudeste.com\/site\/index.php?rest_route=%2Fwp%2Fv2%2Fmedia&parent=70731"}],"wp:term":[{"taxonomy":"category","embeddable":true,"href":"http:\/\/folhadosudeste.com\/site\/index.php?rest_route=%2Fwp%2Fv2%2Fcategories&post=70731"},{"taxonomy":"post_tag","embeddable":true,"href":"http:\/\/folhadosudeste.com\/site\/index.php?rest_route=%2Fwp%2Fv2%2Ftags&post=70731"}],"curies":[{"name":"wp","href":"https:\/\/api.w.org\/{rel}","templated":true}]}}