{"id":70742,"date":"2020-05-18T18:20:30","date_gmt":"2020-05-18T18:20:30","guid":{"rendered":"http:\/\/folhadosudeste.com\/site\/?p=70742"},"modified":"2020-05-18T18:20:30","modified_gmt":"2020-05-18T18:20:30","slug":"feirantes-divergem-opinioes-sobre-novo-local-da-feira-livre-em-muriae","status":"publish","type":"post","link":"http:\/\/folhadosudeste.com\/site\/?p=70742","title":{"rendered":"FEIRANTES DIVERGEM OPINI\u00d5ES SOBRE NOVO LOCAL DA FEIRA LIVRE EM MURIA\u00c9"},"content":{"rendered":"<p><a href=\"http:\/\/folhadosudeste.com\/site\/wp-content\/uploads\/2020\/05\/feira-276.jpg\"><img loading=\"lazy\" decoding=\"async\" class=\"alignnone size-full wp-image-70748\" src=\"http:\/\/folhadosudeste.com\/site\/wp-content\/uploads\/2020\/05\/feira-276.jpg\" alt=\"\" width=\"1032\" height=\"774\" srcset=\"http:\/\/folhadosudeste.com\/site\/wp-content\/uploads\/2020\/05\/feira-276.jpg 1032w, http:\/\/folhadosudeste.com\/site\/wp-content\/uploads\/2020\/05\/feira-276-300x225.jpg 300w, http:\/\/folhadosudeste.com\/site\/wp-content\/uploads\/2020\/05\/feira-276-768x576.jpg 768w, http:\/\/folhadosudeste.com\/site\/wp-content\/uploads\/2020\/05\/feira-276-1024x768.jpg 1024w\" sizes=\"auto, (max-width: 1032px) 100vw, 1032px\" \/><\/a><\/p>\n<p style=\"text-align: justify;\">&nbsp;&nbsp;&nbsp;&nbsp;&nbsp; A reportagem do jornal Folha do Sudeste marcou presen\u00e7a no domingo 17 de maio, na Feira Livre e percorrendo as in\u00fameras barracas constatou-se um aumento expressivo de pessoas circulando pelo local. Em contato com o presidente dos feirantes, M\u00e1rio Vaz Loretti o mesmo se mostrou indignado com as condi\u00e7\u00f5es oferecidas aos comerciantes. \u201cEu penso que a pessoa que vai deitar em uma cama precisa arruma-la antes, \u00e9 o caso deste local, totalmente despreparado para que os feirantes possam trabalhar de forma adequada, ao meu ver muita falta de considera\u00e7\u00e3o com a nossa classe\u201d. O presidente ainda foi al\u00e9m, disse que o lugar \u00e9 bom, por\u00e9m falta condi\u00e7\u00f5es de trabalho para que todos os feirantes (cerca de 260) possam buscar seu sustento de forma digna e tamb\u00e9m atender os clientes com o m\u00ednimo de conforto necess\u00e1rio.<\/p>\n<p><!--more--><\/p>\n<p style=\"text-align: justify;\">A fiscal respons\u00e1vel pela Sala Mineira do Empreendedor (setor de licenciamento das atividades econ\u00f4micas da prefeitura) kathellen Ferreira coordenou um trabalho relevante na Feira Livre de domingo, junto com sua equipe, buscando informa\u00e7\u00f5es de como a pandemia impactou na renda dos feirantes e ainda regularizando a situa\u00e7\u00e3o de cada um para manter a atividade ativa. \u201cAinda \u00e9 tudo muito novo, mas estamos trabalhando forte para que os feirantes e clientes tenham o maior n\u00famero de informa\u00e7\u00f5es poss\u00edveis e a seguran\u00e7a necess\u00e1ria na luta contra essa pandemia\u201d. Disse.<\/p>\n<p style=\"text-align: justify;\">A feirante Sarita Fintelman do distrito do Macuco disse que os feirantes e os consumidores precisam entender que este \u00e9 um per\u00edodo cr\u00edtico e que tudo vai retornar ao normal em breve. \u201cSabermos que o local n\u00e3o \u00e9 dos melhores, mas \u00e9 o que temos para o momento, por\u00e9m precisamos de uma aten\u00e7\u00e3o melhor aos banheiros qu\u00edmicos que s\u00e3o s\u00f3 dois e principalmente o feminino precisa de uma higieniza\u00e7\u00e3o melhor\u201d. Sarita ainda frisou a import\u00e2ncia da Feira Livre que possibilita ao produtor rural o escoamento de sua produ\u00e7\u00e3o e tamb\u00e9m viabilizando uma oportunidade aos clientes que j\u00e1 s\u00e3o acostumados a comprar na feira e que deveria voltar com a feira na quarta feira e no s\u00e1bado com as mesmas&nbsp; cautelas que est\u00e3o acontecendo aos domingos e que o local mais adequado seria na JK, nas media\u00e7\u00f5es da rodovi\u00e1ria, onde j\u00e1 funcionava, pois l\u00e1 j\u00e1 possui os banheiros dos feirantes. &nbsp;&nbsp;&nbsp;&nbsp;&nbsp;&nbsp;Outra feirante que se manifestou \u00e0&nbsp;nossa reportagem foi Juliana Cl\u00e1udia Rodrigues a qual disse que todos devem abrir m\u00e3o de alguma coisa para que a feira funcione neste momento cr\u00edtico. \u201cSabemos que as condi\u00e7\u00f5es n\u00e3o s\u00e3o as melhores, mas \u00e9 o que temos no momento, iremos nos adaptar e com as gra\u00e7as de Deus tudo voltar\u00e1 ao normal\u201d. Finaliza.<\/p>\n<p style=\"text-align: justify;\"><a href=\"http:\/\/folhadosudeste.com\/site\/wp-content\/uploads\/2020\/05\/feira25.jpg\"><img loading=\"lazy\" decoding=\"async\" class=\"alignnone size-full wp-image-70744\" src=\"http:\/\/folhadosudeste.com\/site\/wp-content\/uploads\/2020\/05\/feira25.jpg\" alt=\"\" width=\"1032\" height=\"774\" srcset=\"http:\/\/folhadosudeste.com\/site\/wp-content\/uploads\/2020\/05\/feira25.jpg 1032w, http:\/\/folhadosudeste.com\/site\/wp-content\/uploads\/2020\/05\/feira25-300x225.jpg 300w, http:\/\/folhadosudeste.com\/site\/wp-content\/uploads\/2020\/05\/feira25-768x576.jpg 768w, http:\/\/folhadosudeste.com\/site\/wp-content\/uploads\/2020\/05\/feira25-1024x768.jpg 1024w\" sizes=\"auto, (max-width: 1032px) 100vw, 1032px\" \/><\/a><a href=\"http:\/\/folhadosudeste.com\/site\/wp-content\/uploads\/2020\/05\/feira-22.jpg\"><img loading=\"lazy\" decoding=\"async\" class=\"alignnone size-full wp-image-70745\" src=\"http:\/\/folhadosudeste.com\/site\/wp-content\/uploads\/2020\/05\/feira-22.jpg\" alt=\"\" width=\"1032\" height=\"774\" srcset=\"http:\/\/folhadosudeste.com\/site\/wp-content\/uploads\/2020\/05\/feira-22.jpg 1032w, http:\/\/folhadosudeste.com\/site\/wp-content\/uploads\/2020\/05\/feira-22-300x225.jpg 300w, http:\/\/folhadosudeste.com\/site\/wp-content\/uploads\/2020\/05\/feira-22-768x576.jpg 768w, http:\/\/folhadosudeste.com\/site\/wp-content\/uploads\/2020\/05\/feira-22-1024x768.jpg 1024w\" sizes=\"auto, (max-width: 1032px) 100vw, 1032px\" \/><\/a><a href=\"http:\/\/folhadosudeste.com\/site\/wp-content\/uploads\/2020\/05\/feira-23.jpg\"><img loading=\"lazy\" decoding=\"async\" class=\"alignnone size-full wp-image-70746\" src=\"http:\/\/folhadosudeste.com\/site\/wp-content\/uploads\/2020\/05\/feira-23.jpg\" alt=\"\" width=\"1032\" height=\"774\" srcset=\"http:\/\/folhadosudeste.com\/site\/wp-content\/uploads\/2020\/05\/feira-23.jpg 1032w, http:\/\/folhadosudeste.com\/site\/wp-content\/uploads\/2020\/05\/feira-23-300x225.jpg 300w, http:\/\/folhadosudeste.com\/site\/wp-content\/uploads\/2020\/05\/feira-23-768x576.jpg 768w, http:\/\/folhadosudeste.com\/site\/wp-content\/uploads\/2020\/05\/feira-23-1024x768.jpg 1024w\" sizes=\"auto, (max-width: 1032px) 100vw, 1032px\" \/><\/a><a href=\"http:\/\/folhadosudeste.com\/site\/wp-content\/uploads\/2020\/05\/feira-24.jpg\"><img loading=\"lazy\" decoding=\"async\" class=\"alignnone size-full wp-image-70747\" src=\"http:\/\/folhadosudeste.com\/site\/wp-content\/uploads\/2020\/05\/feira-24.jpg\" alt=\"\" width=\"1032\" height=\"774\" srcset=\"http:\/\/folhadosudeste.com\/site\/wp-content\/uploads\/2020\/05\/feira-24.jpg 1032w, http:\/\/folhadosudeste.com\/site\/wp-content\/uploads\/2020\/05\/feira-24-300x225.jpg 300w, http:\/\/folhadosudeste.com\/site\/wp-content\/uploads\/2020\/05\/feira-24-768x576.jpg 768w, http:\/\/folhadosudeste.com\/site\/wp-content\/uploads\/2020\/05\/feira-24-1024x768.jpg 1024w\" sizes=\"auto, (max-width: 1032px) 100vw, 1032px\" \/><\/a><a href=\"http:\/\/folhadosudeste.com\/site\/wp-content\/uploads\/2020\/05\/feira32.jpg\"><img loading=\"lazy\" decoding=\"async\" class=\"alignnone size-full wp-image-70749\" src=\"http:\/\/folhadosudeste.com\/site\/wp-content\/uploads\/2020\/05\/feira32.jpg\" alt=\"\" width=\"1280\" height=\"719\" srcset=\"http:\/\/folhadosudeste.com\/site\/wp-content\/uploads\/2020\/05\/feira32.jpg 1280w, http:\/\/folhadosudeste.com\/site\/wp-content\/uploads\/2020\/05\/feira32-300x169.jpg 300w, http:\/\/folhadosudeste.com\/site\/wp-content\/uploads\/2020\/05\/feira32-768x431.jpg 768w, http:\/\/folhadosudeste.com\/site\/wp-content\/uploads\/2020\/05\/feira32-1024x575.jpg 1024w\" sizes=\"auto, (max-width: 1280px) 100vw, 1280px\" \/><\/a><a href=\"http:\/\/folhadosudeste.com\/site\/wp-content\/uploads\/2020\/05\/feira-26.jpg\"><img loading=\"lazy\" decoding=\"async\" class=\"alignnone size-full wp-image-70750\" src=\"http:\/\/folhadosudeste.com\/site\/wp-content\/uploads\/2020\/05\/feira-26.jpg\" alt=\"\" width=\"1032\" height=\"774\" srcset=\"http:\/\/folhadosudeste.com\/site\/wp-content\/uploads\/2020\/05\/feira-26.jpg 1032w, http:\/\/folhadosudeste.com\/site\/wp-content\/uploads\/2020\/05\/feira-26-300x225.jpg 300w, http:\/\/folhadosudeste.com\/site\/wp-content\/uploads\/2020\/05\/feira-26-768x576.jpg 768w, http:\/\/folhadosudeste.com\/site\/wp-content\/uploads\/2020\/05\/feira-26-1024x768.jpg 1024w\" sizes=\"auto, (max-width: 1032px) 100vw, 1032px\" \/><\/a><a href=\"http:\/\/folhadosudeste.com\/site\/wp-content\/uploads\/2020\/05\/ferira34.jpg\"><img loading=\"lazy\" decoding=\"async\" class=\"alignnone size-full wp-image-70751\" src=\"http:\/\/folhadosudeste.com\/site\/wp-content\/uploads\/2020\/05\/ferira34.jpg\" alt=\"\" width=\"1032\" height=\"774\" srcset=\"http:\/\/folhadosudeste.com\/site\/wp-content\/uploads\/2020\/05\/ferira34.jpg 1032w, http:\/\/folhadosudeste.com\/site\/wp-content\/uploads\/2020\/05\/ferira34-300x225.jpg 300w, http:\/\/folhadosudeste.com\/site\/wp-content\/uploads\/2020\/05\/ferira34-768x576.jpg 768w, http:\/\/folhadosudeste.com\/site\/wp-content\/uploads\/2020\/05\/ferira34-1024x768.jpg 1024w\" sizes=\"auto, (max-width: 1032px) 100vw, 1032px\" \/><\/a><\/p>\n<p>&nbsp;<\/p>\n<p>&nbsp;<\/p>\n","protected":false},"excerpt":{"rendered":"<p>&nbsp;&nbsp;&nbsp;&nbsp;&nbsp; A reportagem do jornal Folha do Sudeste marcou presen\u00e7a no domingo 17 de maio, na Feira Livre e percorrendo as in\u00fameras barracas constatou-se um aumento expressivo de pessoas circulando pelo local. Em contato com o presidente dos feirantes, M\u00e1rio Vaz Loretti o mesmo se mostrou indignado com as condi\u00e7\u00f5es oferecidas aos comerciantes. \u201cEu penso [&hellip;]<\/p>\n","protected":false},"author":6,"featured_media":0,"comment_status":"open","ping_status":"closed","sticky":false,"template":"","format":"standard","meta":{"_joinchat":[],"footnotes":""},"categories":[1],"tags":[],"class_list":["post-70742","post","type-post","status-publish","format-standard","hentry","category-sem-categoria"],"_links":{"self":[{"href":"http:\/\/folhadosudeste.com\/site\/index.php?rest_route=\/wp\/v2\/posts\/70742","targetHints":{"allow":["GET"]}}],"collection":[{"href":"http:\/\/folhadosudeste.com\/site\/index.php?rest_route=\/wp\/v2\/posts"}],"about":[{"href":"http:\/\/folhadosudeste.com\/site\/index.php?rest_route=\/wp\/v2\/types\/post"}],"author":[{"embeddable":true,"href":"http:\/\/folhadosudeste.com\/site\/index.php?rest_route=\/wp\/v2\/users\/6"}],"replies":[{"embeddable":true,"href":"http:\/\/folhadosudeste.com\/site\/index.php?rest_route=%2Fwp%2Fv2%2Fcomments&post=70742"}],"version-history":[{"count":1,"href":"http:\/\/folhadosudeste.com\/site\/index.php?rest_route=\/wp\/v2\/posts\/70742\/revisions"}],"predecessor-version":[{"id":70752,"href":"http:\/\/folhadosudeste.com\/site\/index.php?rest_route=\/wp\/v2\/posts\/70742\/revisions\/70752"}],"wp:attachment":[{"href":"http:\/\/folhadosudeste.com\/site\/index.php?rest_route=%2Fwp%2Fv2%2Fmedia&parent=70742"}],"wp:term":[{"taxonomy":"category","embeddable":true,"href":"http:\/\/folhadosudeste.com\/site\/index.php?rest_route=%2Fwp%2Fv2%2Fcategories&post=70742"},{"taxonomy":"post_tag","embeddable":true,"href":"http:\/\/folhadosudeste.com\/site\/index.php?rest_route=%2Fwp%2Fv2%2Ftags&post=70742"}],"curies":[{"name":"wp","href":"https:\/\/api.w.org\/{rel}","templated":true}]}}