{"id":70759,"date":"2020-05-18T22:40:39","date_gmt":"2020-05-18T22:40:39","guid":{"rendered":"http:\/\/folhadosudeste.com\/site\/?p=70759"},"modified":"2020-05-18T22:40:39","modified_gmt":"2020-05-18T22:40:39","slug":"mirai-boletim-epidemiologica-da-dengue","status":"publish","type":"post","link":"http:\/\/folhadosudeste.com\/site\/?p=70759","title":{"rendered":"Mira\u00ed: Boletim Epidemiol\u00f3gica da Dengue"},"content":{"rendered":"<p style=\"text-align: justify;\"><a href=\"http:\/\/folhadosudeste.com\/site\/wp-content\/uploads\/2020\/05\/CA708C34-DBAF-4F0B-8346-7CF5E6D0CAA6.jpeg\"><img loading=\"lazy\" decoding=\"async\" class=\"alignnone size-full wp-image-70760\" src=\"http:\/\/folhadosudeste.com\/site\/wp-content\/uploads\/2020\/05\/CA708C34-DBAF-4F0B-8346-7CF5E6D0CAA6.jpeg\" alt=\"\" width=\"1280\" height=\"1279\" srcset=\"http:\/\/folhadosudeste.com\/site\/wp-content\/uploads\/2020\/05\/CA708C34-DBAF-4F0B-8346-7CF5E6D0CAA6.jpeg 1280w, http:\/\/folhadosudeste.com\/site\/wp-content\/uploads\/2020\/05\/CA708C34-DBAF-4F0B-8346-7CF5E6D0CAA6-150x150.jpeg 150w, http:\/\/folhadosudeste.com\/site\/wp-content\/uploads\/2020\/05\/CA708C34-DBAF-4F0B-8346-7CF5E6D0CAA6-300x300.jpeg 300w, http:\/\/folhadosudeste.com\/site\/wp-content\/uploads\/2020\/05\/CA708C34-DBAF-4F0B-8346-7CF5E6D0CAA6-768x767.jpeg 768w, http:\/\/folhadosudeste.com\/site\/wp-content\/uploads\/2020\/05\/CA708C34-DBAF-4F0B-8346-7CF5E6D0CAA6-1024x1024.jpeg 1024w\" sizes=\"auto, (max-width: 1280px) 100vw, 1280px\" \/><\/a><br \/>\n&#x1f6a8; ATEN\u00c7\u00c3O!<\/p>\n<p style=\"text-align: justify;\">&#x1f61f; Em tempos de pandemia do novo coronav\u00edrus a dengue \u00e9 uma realidade preocupante.<\/p>\n<p style=\"text-align: justify;\">&#x1f4cc; Os dados contabilizados at\u00e9 esta segunda, 18\/05\/2020, apontam 08 casos confirmados da doen\u00e7a no munic\u00edpio, sendo que outros 04 ainda est\u00e3o em investiga\u00e7\u00e3o.<\/p>\n<p><!--more--><\/p>\n<p style=\"text-align: justify;\">&#x1f5e8; Ao contr\u00e1rio da Covid-19, a dengue pode ser evitada com a\u00e7\u00f5es muito simples. Limpe o seu quintal, se proteja e proteja quem voc\u00ea mais ama! Fa\u00e7a a sua parte!<\/p>\n<p style=\"text-align: justify;\">#denguetambemmata #isolamentoepreven\u00e7ao #x\u00f4dengue #fa\u00e7asuaparte #limpeseuquintal<\/p>\n","protected":false},"excerpt":{"rendered":"<p>&#x1f6a8; ATEN\u00c7\u00c3O! &#x1f61f; Em tempos de pandemia do novo coronav\u00edrus a dengue \u00e9 uma realidade preocupante. &#x1f4cc; Os dados contabilizados at\u00e9 esta segunda, 18\/05\/2020, apontam 08 casos confirmados da doen\u00e7a no munic\u00edpio, sendo que outros 04 ainda est\u00e3o em investiga\u00e7\u00e3o.<\/p>\n","protected":false},"author":6,"featured_media":0,"comment_status":"open","ping_status":"closed","sticky":false,"template":"","format":"standard","meta":{"_joinchat":[],"footnotes":""},"categories":[1],"tags":[],"class_list":["post-70759","post","type-post","status-publish","format-standard","hentry","category-sem-categoria"],"_links":{"self":[{"href":"http:\/\/folhadosudeste.com\/site\/index.php?rest_route=\/wp\/v2\/posts\/70759","targetHints":{"allow":["GET"]}}],"collection":[{"href":"http:\/\/folhadosudeste.com\/site\/index.php?rest_route=\/wp\/v2\/posts"}],"about":[{"href":"http:\/\/folhadosudeste.com\/site\/index.php?rest_route=\/wp\/v2\/types\/post"}],"author":[{"embeddable":true,"href":"http:\/\/folhadosudeste.com\/site\/index.php?rest_route=\/wp\/v2\/users\/6"}],"replies":[{"embeddable":true,"href":"http:\/\/folhadosudeste.com\/site\/index.php?rest_route=%2Fwp%2Fv2%2Fcomments&post=70759"}],"version-history":[{"count":1,"href":"http:\/\/folhadosudeste.com\/site\/index.php?rest_route=\/wp\/v2\/posts\/70759\/revisions"}],"predecessor-version":[{"id":70761,"href":"http:\/\/folhadosudeste.com\/site\/index.php?rest_route=\/wp\/v2\/posts\/70759\/revisions\/70761"}],"wp:attachment":[{"href":"http:\/\/folhadosudeste.com\/site\/index.php?rest_route=%2Fwp%2Fv2%2Fmedia&parent=70759"}],"wp:term":[{"taxonomy":"category","embeddable":true,"href":"http:\/\/folhadosudeste.com\/site\/index.php?rest_route=%2Fwp%2Fv2%2Fcategories&post=70759"},{"taxonomy":"post_tag","embeddable":true,"href":"http:\/\/folhadosudeste.com\/site\/index.php?rest_route=%2Fwp%2Fv2%2Ftags&post=70759"}],"curies":[{"name":"wp","href":"https:\/\/api.w.org\/{rel}","templated":true}]}}