{"id":70769,"date":"2020-05-19T20:08:03","date_gmt":"2020-05-19T20:08:03","guid":{"rendered":"http:\/\/folhadosudeste.com\/site\/?p=70769"},"modified":"2020-05-19T20:08:03","modified_gmt":"2020-05-19T20:08:03","slug":"na-semana-da-luta-antimanicomial-paciente-do-caps-escreve-poema-para-celebrar-data","status":"publish","type":"post","link":"http:\/\/folhadosudeste.com\/site\/?p=70769","title":{"rendered":"Na Semana da Luta Antimanicomial, paciente do CAPS escreve poema para celebrar data"},"content":{"rendered":"<div style=\"width: 640px;\" class=\"wp-video\"><!--[if lt IE 9]><script>document.createElement('video');<\/script><![endif]-->\n<video class=\"wp-video-shortcode\" id=\"video-70769-1\" width=\"640\" height=\"352\" preload=\"metadata\" controls=\"controls\"><source type=\"video\/mp4\" src=\"http:\/\/folhadosudeste.com\/site\/wp-content\/uploads\/2020\/05\/WhatsApp-Video-2020-05-19-at-16.35.31.mp4?_=1\" \/><a href=\"http:\/\/folhadosudeste.com\/site\/wp-content\/uploads\/2020\/05\/WhatsApp-Video-2020-05-19-at-16.35.31.mp4\">http:\/\/folhadosudeste.com\/site\/wp-content\/uploads\/2020\/05\/WhatsApp-Video-2020-05-19-at-16.35.31.mp4<\/a><\/video><\/div>\n<p style=\"text-align: justify;\"><i>Movimento busca esclarecer e garantir direitos dos cidad\u00e3os a viver em sociedade e receber cuidado e tratamento<u><\/u><u><\/u><\/i><\/p>\n<p style=\"text-align: justify;\"><u><\/u>Na semana em que se comemora a luta antimanicomial, ou seja, pessoas com doen\u00e7as mentais poderem receber tratamento adequado fora dos manic\u00f4mios, a paciente do Centro de Aten\u00e7\u00e3o Psicossocial (CAPS) de Muria\u00e9 Ana Cl\u00e1udia de Souza declama um poema de autoria pr\u00f3pria que expressa e refor\u00e7a o objetivo do movimento.<u><\/u><u><\/u><\/p>\n<p><!--more--><\/p>\n<p style=\"text-align: justify;\"><u><\/u>No texto, a paciente (e artista) d\u00e1 dicas do que fazer durante o isolamento social, transmitindo uma mensagem otimista para vencer a covid-19, doen\u00e7a causada pelo novo coronav\u00edrus.&nbsp;<i>(Confira o poema ao final do texto)<\/i><u><\/u><u><\/u><\/p>\n<p style=\"text-align: justify;\"><u><\/u>A iniciativa \u00e9 uma forma de celebrar a data, comemorada em 18 de maio. Diferente das edi\u00e7\u00f5es anteriores, a programa\u00e7\u00e3o deste ano acontece somente de forma online, para atender as determina\u00e7\u00f5es de distanciamento social, a fim de evitar a propaga\u00e7\u00e3o da covid-19.<u><\/u><u><\/u><\/p>\n<p style=\"text-align: justify;\"><u><\/u>\u201cO movimento antimanicomial combate a ideia de que se deve isolar a pessoa com sofrimento mental em nome de pretensos tratamentos, ideia baseada apenas nos preconceitos que cercam a doen\u00e7a mental. Esse movimento faz lembrar que, como todo cidad\u00e3o, estas pessoas t\u00eam o direito fundamental \u00e0 liberdade, o direito a viver em sociedade, al\u00e9m do direto a receber cuidado e tratamento, sem que para isto tenham que abrir m\u00e3o de seu lugar de cidad\u00e3os\u201d, explica a refer\u00eancia em Sa\u00fade Mental da Secretaria Municipal de Sa\u00fade, psic\u00f3loga Cintia Muglia.<u><\/u><u><\/u><\/p>\n<p style=\"text-align: justify;\"><u><\/u>Para evitar aglomera\u00e7\u00f5es e preservar a sa\u00fade de seus usu\u00e1rios, o CAPS est\u00e1 fazendo atendimentos individuais e visitas em domic\u00edlio, al\u00e9m do contato constante com os pacientes e seus familiares. Em casos necess\u00e1rios, \u00e9 feita a interna\u00e7\u00e3o no leito do CAPS AD III para desintoxica\u00e7\u00e3o e no leito de sa\u00fade mental para estabiliza\u00e7\u00e3o de quadros ps\u00edquicos.<u><\/u><u><\/u><\/p>\n<p style=\"text-align: justify;\"><u><\/u><b>Confira o poema na \u00edntegra:<\/b><\/p>\n<p style=\"text-align: justify;\"><b><u><\/u><u><\/u><\/b><b>Voc\u00eas<u><\/u><u><\/u><\/b><\/p>\n<p style=\"text-align: justify;\"><u><\/u>Estamos em casa de quarententa<u><\/u><u><\/u><\/p>\n<p style=\"text-align: justify;\">T\u00e1 dif\u00edcil, triste, mas persista<u><\/u><u><\/u><\/p>\n<p style=\"text-align: justify;\">Vamos nos cuidar e vencer esse problema<u><\/u><u><\/u><\/p>\n<p style=\"text-align: justify;\">Fiquem firmes<u><\/u><u><\/u><\/p>\n<p style=\"text-align: justify;\">Vamos, resista<u><\/u><u><\/u><\/p>\n<p style=\"text-align: justify;\">Vamos ler, escrever em nosso lar<u><\/u><u><\/u><\/p>\n<p style=\"text-align: justify;\">Ver um bom filme, unir e orar<u><\/u><u><\/u><\/p>\n<p style=\"text-align: justify;\">\u00c9 momento de amor e uni\u00e3o<u><\/u><u><\/u><\/p>\n<p style=\"text-align: justify;\">Em cada lar, em cada cora\u00e7\u00e3o<u><\/u><u><\/u><\/p>\n<p style=\"text-align: justify;\">Um v\u00edrus n\u00e3o pode vencer milh\u00f5es de bravos guerreiros<u><\/u><u><\/u><\/p>\n<p style=\"text-align: justify;\">Se voc\u00ea se proteger ser\u00e1 breve e passageiro<u><\/u><u><\/u><\/p>\n<p style=\"text-align: justify;\">Evite sair sem precis\u00e3o<u><\/u><u><\/u><\/p>\n<p style=\"text-align: justify;\">Cuide-se com amor, sua casa \u00e9 sua prote\u00e7\u00e3o<u><\/u><u><\/u><\/p>\n<p style=\"text-align: justify;\">O leito do hospital sim, esse \u00e9 uma pris\u00e3o<u><\/u><u><\/u><\/p>\n<p style=\"text-align: justify;\">Sei que \u00e9 dif\u00edcil entender, tanta confus\u00e3o nos deixa loucos<u><\/u><u><\/u><\/p>\n<p style=\"text-align: justify;\">Mas com f\u00e9 vamos vencer<u><\/u><u><\/u><\/p>\n<p style=\"text-align: justify;\">Tudo findar\u00e1 logo a pouco<u><\/u><u><\/u><\/p>\n<p style=\"text-align: justify;\">Aproveite pequenos momentos, fam\u00edlias em uni\u00e3o<u><\/u><u><\/u><\/p>\n<p style=\"text-align: justify;\">Com serenidade e bons pensamentos, salvaremos essa na\u00e7\u00e3o<u><\/u><u><\/u><\/p>\n<p style=\"text-align: justify;\">Ah, jamais se esque\u00e7a, sem lutas sem vit\u00f3ria<u><\/u><u><\/u><\/p>\n<p style=\"text-align: justify;\">Logo desapare\u00e7a, o tal covid ser\u00e1 s\u00f3 uma hist\u00f3ria<u><\/u><u><\/u><\/p>\n<p style=\"text-align: justify;\">A voc\u00eas, cada irm\u00e3o,<u><\/u><u><\/u><\/p>\n<p style=\"text-align: justify;\">Um abra\u00e7o com amor<u><\/u><u><\/u><\/p>\n<p style=\"text-align: justify;\">Vamos acabar com o covid<u><\/u><u><\/u><\/p>\n<p style=\"text-align: justify;\">Forte \u00e9 a nossa na\u00e7\u00e3o<u><\/u><u><\/u><\/p>\n<p style=\"text-align: justify;\"><u><\/u>&nbsp;<u><\/u><i>Ana Cl\u00e1udia de Souza<\/i><\/p>\n","protected":false},"excerpt":{"rendered":"<p>Movimento busca esclarecer e garantir direitos dos cidad\u00e3os a viver em sociedade e receber cuidado e tratamento Na semana em que se comemora a luta antimanicomial, ou seja, pessoas com doen\u00e7as mentais poderem receber tratamento adequado fora dos manic\u00f4mios, a paciente do Centro de Aten\u00e7\u00e3o Psicossocial (CAPS) de Muria\u00e9 Ana Cl\u00e1udia de Souza declama um [&hellip;]<\/p>\n","protected":false},"author":6,"featured_media":0,"comment_status":"open","ping_status":"closed","sticky":false,"template":"","format":"standard","meta":{"_joinchat":[],"footnotes":""},"categories":[1],"tags":[],"class_list":["post-70769","post","type-post","status-publish","format-standard","hentry","category-sem-categoria"],"_links":{"self":[{"href":"http:\/\/folhadosudeste.com\/site\/index.php?rest_route=\/wp\/v2\/posts\/70769","targetHints":{"allow":["GET"]}}],"collection":[{"href":"http:\/\/folhadosudeste.com\/site\/index.php?rest_route=\/wp\/v2\/posts"}],"about":[{"href":"http:\/\/folhadosudeste.com\/site\/index.php?rest_route=\/wp\/v2\/types\/post"}],"author":[{"embeddable":true,"href":"http:\/\/folhadosudeste.com\/site\/index.php?rest_route=\/wp\/v2\/users\/6"}],"replies":[{"embeddable":true,"href":"http:\/\/folhadosudeste.com\/site\/index.php?rest_route=%2Fwp%2Fv2%2Fcomments&post=70769"}],"version-history":[{"count":1,"href":"http:\/\/folhadosudeste.com\/site\/index.php?rest_route=\/wp\/v2\/posts\/70769\/revisions"}],"predecessor-version":[{"id":70771,"href":"http:\/\/folhadosudeste.com\/site\/index.php?rest_route=\/wp\/v2\/posts\/70769\/revisions\/70771"}],"wp:attachment":[{"href":"http:\/\/folhadosudeste.com\/site\/index.php?rest_route=%2Fwp%2Fv2%2Fmedia&parent=70769"}],"wp:term":[{"taxonomy":"category","embeddable":true,"href":"http:\/\/folhadosudeste.com\/site\/index.php?rest_route=%2Fwp%2Fv2%2Fcategories&post=70769"},{"taxonomy":"post_tag","embeddable":true,"href":"http:\/\/folhadosudeste.com\/site\/index.php?rest_route=%2Fwp%2Fv2%2Ftags&post=70769"}],"curies":[{"name":"wp","href":"https:\/\/api.w.org\/{rel}","templated":true}]}}