{"id":70809,"date":"2020-05-21T14:15:15","date_gmt":"2020-05-21T14:15:15","guid":{"rendered":"http:\/\/folhadosudeste.com\/site\/?p=70809"},"modified":"2020-05-21T14:15:15","modified_gmt":"2020-05-21T14:15:15","slug":"com-mais-um-obito-confirmado-chega-a-cinco-numero-de-mortes-por-coronavirus-em-muriae-2","status":"publish","type":"post","link":"http:\/\/folhadosudeste.com\/site\/?p=70809","title":{"rendered":"Com mais um \u00f3bito confirmado, chega a cinco n\u00famero de mortes por coronav\u00edrus em Muria\u00e9"},"content":{"rendered":"<p style=\"text-align: justify;\"><a href=\"http:\/\/folhadosudeste.com\/site\/wp-content\/uploads\/2020\/05\/C515ADD3-760D-457A-ABAA-AA6764E43EFD.jpeg\"><img loading=\"lazy\" decoding=\"async\" class=\"alignnone size-full wp-image-70810\" src=\"http:\/\/folhadosudeste.com\/site\/wp-content\/uploads\/2020\/05\/C515ADD3-760D-457A-ABAA-AA6764E43EFD.jpeg\" alt=\"\" width=\"1080\" height=\"1080\" srcset=\"http:\/\/folhadosudeste.com\/site\/wp-content\/uploads\/2020\/05\/C515ADD3-760D-457A-ABAA-AA6764E43EFD.jpeg 1080w, http:\/\/folhadosudeste.com\/site\/wp-content\/uploads\/2020\/05\/C515ADD3-760D-457A-ABAA-AA6764E43EFD-150x150.jpeg 150w, http:\/\/folhadosudeste.com\/site\/wp-content\/uploads\/2020\/05\/C515ADD3-760D-457A-ABAA-AA6764E43EFD-300x300.jpeg 300w, http:\/\/folhadosudeste.com\/site\/wp-content\/uploads\/2020\/05\/C515ADD3-760D-457A-ABAA-AA6764E43EFD-768x768.jpeg 768w, http:\/\/folhadosudeste.com\/site\/wp-content\/uploads\/2020\/05\/C515ADD3-760D-457A-ABAA-AA6764E43EFD-1024x1024.jpeg 1024w\" sizes=\"auto, (max-width: 1080px) 100vw, 1080px\" \/><\/a><br \/>\n<em>V\u00edtima \u00e9 um idoso de 73 anos residente na cidade. Ele sofria de diabetes e doen\u00e7as cardiovasculares<\/em><\/p>\n<p style=\"text-align: justify;\">Muria\u00e9 confirma mais um \u00f3bito por coronav\u00edrus. Com isso, chega a cinco o n\u00famero de mortes causadas pela covid-19 na cidade.<\/p>\n<p><!--more--><\/p>\n<p><span style=\"text-align: justify;\">A v\u00edtima \u00e9 um idoso de 73 anos. Residente no munic\u00edpio, ele tinha diabetes e problemas cardiovasculares. O idoso foi internado no dia 16 de maio no Hospital S\u00e3o Paulo e faleceu dois dias depois, em 18 deste m\u00eas.<\/span><\/p>\n","protected":false},"excerpt":{"rendered":"<p>V\u00edtima \u00e9 um idoso de 73 anos residente na cidade. Ele sofria de diabetes e doen\u00e7as cardiovasculares Muria\u00e9 confirma mais um \u00f3bito por coronav\u00edrus. Com isso, chega a cinco o n\u00famero de mortes causadas pela covid-19 na cidade.<\/p>\n","protected":false},"author":6,"featured_media":0,"comment_status":"open","ping_status":"closed","sticky":false,"template":"","format":"standard","meta":{"_joinchat":[],"footnotes":""},"categories":[1],"tags":[],"class_list":["post-70809","post","type-post","status-publish","format-standard","hentry","category-sem-categoria"],"_links":{"self":[{"href":"http:\/\/folhadosudeste.com\/site\/index.php?rest_route=\/wp\/v2\/posts\/70809","targetHints":{"allow":["GET"]}}],"collection":[{"href":"http:\/\/folhadosudeste.com\/site\/index.php?rest_route=\/wp\/v2\/posts"}],"about":[{"href":"http:\/\/folhadosudeste.com\/site\/index.php?rest_route=\/wp\/v2\/types\/post"}],"author":[{"embeddable":true,"href":"http:\/\/folhadosudeste.com\/site\/index.php?rest_route=\/wp\/v2\/users\/6"}],"replies":[{"embeddable":true,"href":"http:\/\/folhadosudeste.com\/site\/index.php?rest_route=%2Fwp%2Fv2%2Fcomments&post=70809"}],"version-history":[{"count":1,"href":"http:\/\/folhadosudeste.com\/site\/index.php?rest_route=\/wp\/v2\/posts\/70809\/revisions"}],"predecessor-version":[{"id":70811,"href":"http:\/\/folhadosudeste.com\/site\/index.php?rest_route=\/wp\/v2\/posts\/70809\/revisions\/70811"}],"wp:attachment":[{"href":"http:\/\/folhadosudeste.com\/site\/index.php?rest_route=%2Fwp%2Fv2%2Fmedia&parent=70809"}],"wp:term":[{"taxonomy":"category","embeddable":true,"href":"http:\/\/folhadosudeste.com\/site\/index.php?rest_route=%2Fwp%2Fv2%2Fcategories&post=70809"},{"taxonomy":"post_tag","embeddable":true,"href":"http:\/\/folhadosudeste.com\/site\/index.php?rest_route=%2Fwp%2Fv2%2Ftags&post=70809"}],"curies":[{"name":"wp","href":"https:\/\/api.w.org\/{rel}","templated":true}]}}