{"id":70823,"date":"2020-05-22T16:08:25","date_gmt":"2020-05-22T16:08:25","guid":{"rendered":"http:\/\/folhadosudeste.com\/site\/?p=70823"},"modified":"2020-05-22T16:08:25","modified_gmt":"2020-05-22T16:08:25","slug":"pagode-solidario-doacoes-de-live-do-cantor-eullao-serao-revertidas-para-a-saude-mental","status":"publish","type":"post","link":"http:\/\/folhadosudeste.com\/site\/?p=70823","title":{"rendered":"Pagode solid\u00e1rio: doa\u00e7\u00f5es de live do cantor Eull\u00e3o ser\u00e3o revertidas para a Sa\u00fade Mental"},"content":{"rendered":"<p><a href=\"http:\/\/folhadosudeste.com\/site\/wp-content\/uploads\/2020\/05\/Cantor-Eull\u00e3o.jpg\"><img loading=\"lazy\" decoding=\"async\" class=\"alignnone size-full wp-image-70824\" src=\"http:\/\/folhadosudeste.com\/site\/wp-content\/uploads\/2020\/05\/Cantor-Eull\u00e3o.jpg\" alt=\"\" width=\"648\" height=\"634\" srcset=\"http:\/\/folhadosudeste.com\/site\/wp-content\/uploads\/2020\/05\/Cantor-Eull\u00e3o.jpg 648w, http:\/\/folhadosudeste.com\/site\/wp-content\/uploads\/2020\/05\/Cantor-Eull\u00e3o-300x294.jpg 300w\" sizes=\"auto, (max-width: 648px) 100vw, 648px\" \/><\/a><\/p>\n<p style=\"text-align: justify;\"><i>Show online acontece domingo (24), \u00e0s 16h, no canal do artista no YouTube<u><\/u><u><\/u><\/i><\/p>\n<p style=\"text-align: justify;\"><u><\/u>Domingo (24) \u00e9 dia de pagode solid\u00e1rio com o cantor Eull\u00e3o, que faz show online a partir das 16h em seu canal no YouTube. As doa\u00e7\u00f5es arrecadadas com a&nbsp;<i>live<\/i>&nbsp;ser\u00e3o revertidas para a Sa\u00fade Mental de Muria\u00e9.<u><\/u><u><\/u><\/p>\n<p style=\"text-align: justify;\"><u><\/u>&nbsp;<u><\/u>Para assistir \u00e0 apresenta\u00e7\u00e3o, basta acessar YouTube.com\/cantoreull\u00e3o. A&nbsp;<i>live<\/i>&nbsp;contar\u00e1 com a participa\u00e7\u00e3o especial de Taylor.<u><\/u><u><\/u><\/p>\n<p style=\"text-align: justify;\"><em><strong>Foto: Cantor Eull\u00e3o\/Divulga\u00e7\u00e3o<\/strong><\/em><\/p>\n","protected":false},"excerpt":{"rendered":"<p>Show online acontece domingo (24), \u00e0s 16h, no canal do artista no YouTube Domingo (24) \u00e9 dia de pagode solid\u00e1rio com o cantor Eull\u00e3o, que faz show online a partir das 16h em seu canal no YouTube. As doa\u00e7\u00f5es arrecadadas com a&nbsp;live&nbsp;ser\u00e3o revertidas para a Sa\u00fade Mental de Muria\u00e9. &nbsp;Para assistir \u00e0 apresenta\u00e7\u00e3o, basta acessar [&hellip;]<\/p>\n","protected":false},"author":6,"featured_media":0,"comment_status":"open","ping_status":"closed","sticky":false,"template":"","format":"standard","meta":{"_joinchat":[],"footnotes":""},"categories":[1],"tags":[],"class_list":["post-70823","post","type-post","status-publish","format-standard","hentry","category-sem-categoria"],"_links":{"self":[{"href":"http:\/\/folhadosudeste.com\/site\/index.php?rest_route=\/wp\/v2\/posts\/70823","targetHints":{"allow":["GET"]}}],"collection":[{"href":"http:\/\/folhadosudeste.com\/site\/index.php?rest_route=\/wp\/v2\/posts"}],"about":[{"href":"http:\/\/folhadosudeste.com\/site\/index.php?rest_route=\/wp\/v2\/types\/post"}],"author":[{"embeddable":true,"href":"http:\/\/folhadosudeste.com\/site\/index.php?rest_route=\/wp\/v2\/users\/6"}],"replies":[{"embeddable":true,"href":"http:\/\/folhadosudeste.com\/site\/index.php?rest_route=%2Fwp%2Fv2%2Fcomments&post=70823"}],"version-history":[{"count":1,"href":"http:\/\/folhadosudeste.com\/site\/index.php?rest_route=\/wp\/v2\/posts\/70823\/revisions"}],"predecessor-version":[{"id":70825,"href":"http:\/\/folhadosudeste.com\/site\/index.php?rest_route=\/wp\/v2\/posts\/70823\/revisions\/70825"}],"wp:attachment":[{"href":"http:\/\/folhadosudeste.com\/site\/index.php?rest_route=%2Fwp%2Fv2%2Fmedia&parent=70823"}],"wp:term":[{"taxonomy":"category","embeddable":true,"href":"http:\/\/folhadosudeste.com\/site\/index.php?rest_route=%2Fwp%2Fv2%2Fcategories&post=70823"},{"taxonomy":"post_tag","embeddable":true,"href":"http:\/\/folhadosudeste.com\/site\/index.php?rest_route=%2Fwp%2Fv2%2Ftags&post=70823"}],"curies":[{"name":"wp","href":"https:\/\/api.w.org\/{rel}","templated":true}]}}