{"id":70880,"date":"2020-05-27T13:12:45","date_gmt":"2020-05-27T13:12:45","guid":{"rendered":"http:\/\/folhadosudeste.com\/site\/?p=70880"},"modified":"2020-05-27T13:12:45","modified_gmt":"2020-05-27T13:12:45","slug":"muriae-tem-mais-duas-mortes-confirmadas-de-coronavirus","status":"publish","type":"post","link":"http:\/\/folhadosudeste.com\/site\/?p=70880","title":{"rendered":"Muria\u00e9 tem mais duas mortes confirmadas de coronav\u00edrus"},"content":{"rendered":"<p style=\"text-align: justify;\"><em><a href=\"http:\/\/folhadosudeste.com\/site\/wp-content\/uploads\/2020\/05\/A5D32B72-6BB1-4FB8-872B-2210B51D3132.jpeg\"><img loading=\"lazy\" decoding=\"async\" class=\"alignnone size-full wp-image-70881\" src=\"http:\/\/folhadosudeste.com\/site\/wp-content\/uploads\/2020\/05\/A5D32B72-6BB1-4FB8-872B-2210B51D3132.jpeg\" alt=\"\" width=\"1081\" height=\"1081\" srcset=\"http:\/\/folhadosudeste.com\/site\/wp-content\/uploads\/2020\/05\/A5D32B72-6BB1-4FB8-872B-2210B51D3132.jpeg 1081w, http:\/\/folhadosudeste.com\/site\/wp-content\/uploads\/2020\/05\/A5D32B72-6BB1-4FB8-872B-2210B51D3132-150x150.jpeg 150w, http:\/\/folhadosudeste.com\/site\/wp-content\/uploads\/2020\/05\/A5D32B72-6BB1-4FB8-872B-2210B51D3132-300x300.jpeg 300w, http:\/\/folhadosudeste.com\/site\/wp-content\/uploads\/2020\/05\/A5D32B72-6BB1-4FB8-872B-2210B51D3132-768x768.jpeg 768w, http:\/\/folhadosudeste.com\/site\/wp-content\/uploads\/2020\/05\/A5D32B72-6BB1-4FB8-872B-2210B51D3132-1024x1024.jpeg 1024w\" sizes=\"auto, (max-width: 1081px) 100vw, 1081px\" \/><\/a><br \/>\nCom isso, n\u00famero de \u00f3bitos sobe para sete na cidade<\/em><br \/>\n&nbsp;<br \/>\nNovos resultados emitidos pela Universidade Federal de Vi\u00e7osa mostram que Muria\u00e9 tem mais duas mortes confirmadas por coronav\u00edrus. Os exames positivados s\u00e3o de dois idosos: um de 75 anos residente no munic\u00edpio e de outro de 68 anos, residente em outro estado. Com isso, o n\u00famero de \u00f3bitos por covid-19 subiu para sete na cidade.<br \/>\n<!--more-->Ambas as v\u00edtimas possu\u00edam comorbidades. O idoso de 68 anos era hipertenso e faleceu no dia 22 deste m\u00eas. J\u00e1 o de 75 anos, cujo \u00f3bito foi no \u00faltimo s\u00e1bado (23), possu\u00eda cardiopatia hipertensiva e hipertens\u00e3o arterial.<br \/>\n&nbsp;<br \/>\nVale lembrar que, desde o dia 22 deste m\u00eas, conforme orienta\u00e7\u00e3o da Ger\u00eancia Regional de Sa\u00fade, os exames est\u00e3o sendo enviados para a UFV.<\/p>\n","protected":false},"excerpt":{"rendered":"<p>Com isso, n\u00famero de \u00f3bitos sobe para sete na cidade &nbsp; Novos resultados emitidos pela Universidade Federal de Vi\u00e7osa mostram que Muria\u00e9 tem mais duas mortes confirmadas por coronav\u00edrus. Os exames positivados s\u00e3o de dois idosos: um de 75 anos residente no munic\u00edpio e de outro de 68 anos, residente em outro estado. Com isso, [&hellip;]<\/p>\n","protected":false},"author":6,"featured_media":0,"comment_status":"open","ping_status":"closed","sticky":false,"template":"","format":"standard","meta":{"_joinchat":[],"footnotes":""},"categories":[1],"tags":[],"class_list":["post-70880","post","type-post","status-publish","format-standard","hentry","category-sem-categoria"],"_links":{"self":[{"href":"http:\/\/folhadosudeste.com\/site\/index.php?rest_route=\/wp\/v2\/posts\/70880","targetHints":{"allow":["GET"]}}],"collection":[{"href":"http:\/\/folhadosudeste.com\/site\/index.php?rest_route=\/wp\/v2\/posts"}],"about":[{"href":"http:\/\/folhadosudeste.com\/site\/index.php?rest_route=\/wp\/v2\/types\/post"}],"author":[{"embeddable":true,"href":"http:\/\/folhadosudeste.com\/site\/index.php?rest_route=\/wp\/v2\/users\/6"}],"replies":[{"embeddable":true,"href":"http:\/\/folhadosudeste.com\/site\/index.php?rest_route=%2Fwp%2Fv2%2Fcomments&post=70880"}],"version-history":[{"count":1,"href":"http:\/\/folhadosudeste.com\/site\/index.php?rest_route=\/wp\/v2\/posts\/70880\/revisions"}],"predecessor-version":[{"id":70882,"href":"http:\/\/folhadosudeste.com\/site\/index.php?rest_route=\/wp\/v2\/posts\/70880\/revisions\/70882"}],"wp:attachment":[{"href":"http:\/\/folhadosudeste.com\/site\/index.php?rest_route=%2Fwp%2Fv2%2Fmedia&parent=70880"}],"wp:term":[{"taxonomy":"category","embeddable":true,"href":"http:\/\/folhadosudeste.com\/site\/index.php?rest_route=%2Fwp%2Fv2%2Fcategories&post=70880"},{"taxonomy":"post_tag","embeddable":true,"href":"http:\/\/folhadosudeste.com\/site\/index.php?rest_route=%2Fwp%2Fv2%2Ftags&post=70880"}],"curies":[{"name":"wp","href":"https:\/\/api.w.org\/{rel}","templated":true}]}}