{"id":70905,"date":"2020-05-27T13:56:15","date_gmt":"2020-05-27T13:56:15","guid":{"rendered":"http:\/\/folhadosudeste.com\/site\/?p=70905"},"modified":"2020-05-27T13:56:15","modified_gmt":"2020-05-27T13:56:15","slug":"sobe-para-oito-numero-de-mortes-por-coronavirus-em-muriae","status":"publish","type":"post","link":"http:\/\/folhadosudeste.com\/site\/?p=70905","title":{"rendered":"Sobe para oito n\u00famero de mortes por coronav\u00edrus em Muria\u00e9"},"content":{"rendered":"<p style=\"text-align: justify;\"><em><a href=\"http:\/\/folhadosudeste.com\/site\/wp-content\/uploads\/2020\/05\/A5D32B72-6BB1-4FB8-872B-2210B51D3132.jpeg\"><img loading=\"lazy\" decoding=\"async\" class=\"alignnone size-full wp-image-70881\" src=\"http:\/\/folhadosudeste.com\/site\/wp-content\/uploads\/2020\/05\/A5D32B72-6BB1-4FB8-872B-2210B51D3132.jpeg\" alt=\"\" width=\"1081\" height=\"1081\" srcset=\"http:\/\/folhadosudeste.com\/site\/wp-content\/uploads\/2020\/05\/A5D32B72-6BB1-4FB8-872B-2210B51D3132.jpeg 1081w, http:\/\/folhadosudeste.com\/site\/wp-content\/uploads\/2020\/05\/A5D32B72-6BB1-4FB8-872B-2210B51D3132-150x150.jpeg 150w, http:\/\/folhadosudeste.com\/site\/wp-content\/uploads\/2020\/05\/A5D32B72-6BB1-4FB8-872B-2210B51D3132-300x300.jpeg 300w, http:\/\/folhadosudeste.com\/site\/wp-content\/uploads\/2020\/05\/A5D32B72-6BB1-4FB8-872B-2210B51D3132-768x768.jpeg 768w, http:\/\/folhadosudeste.com\/site\/wp-content\/uploads\/2020\/05\/A5D32B72-6BB1-4FB8-872B-2210B51D3132-1024x1024.jpeg 1024w\" sizes=\"auto, (max-width: 1081px) 100vw, 1081px\" \/><\/a><br \/>\nCasos confirmados aumentam para 148 nesta quarta-feira (27)<\/em><\/p>\n<p style=\"text-align: justify;\">Muria\u00e9 confirma mais uma morte por coronav\u00edrus, totalizando, desta forma, oito \u00f3bitos causados pela covid-19. O exame divulgado pela Universidade Federal de Vi\u00e7osa \u00e9 de uma idosa de 78 anos, residente em Muria\u00e9. A idosa faleceu na noite de ter\u00e7a-feira (26). Ela possu\u00eda hipotireoidismo (uma disfun\u00e7\u00e3o na tire\u00f3ide), problemas no cora\u00e7\u00e3o e de hirpertens\u00e3o arterial.<\/p>\n<p><!--more--><\/p>\n<p style=\"text-align: justify;\">Outros resultados de exames divulgados nesta quarta-feira, dia 27 de maio, mostram que casos confirmados de coronav\u00edrus subiram para 148. Deste total, s\u00e3o 75 pacientes ainda ativos e 65 j\u00e1 recuperados.<\/p>\n<p style=\"text-align: justify;\">Dos 20 testes positivados \u2013 incluindo o \u00f3bito -, 12 s\u00e3o de pessoas do sexo feminino (com idades entre 28 e 92 anos) e oito do sexo masculino (com idades entre 22 e 75 anos), sendo que apenas tr\u00eas residem fora do munic\u00edpio.<\/p>\n<p style=\"text-align: justify;\">Conforme orienta\u00e7\u00e3o da Ger\u00eancia Regional de Sa\u00fade, desde a \u00faltima sexta-feira, 22 de maio, os exames est\u00e3o sendo enviados para a Universidade Federal de Vi\u00e7osa. Al\u00e9m de resultados da UFV, testes feitos em laborat\u00f3rios particulares tamb\u00e9m est\u00e3o sendo contabilizados nas estat\u00edsticas.<\/p>\n<p style=\"text-align: justify;\">Veja outros n\u00fameros do novo coronav\u00edrus na cidade nesta quarta-feira (27):<\/p>\n<p style=\"text-align: justify;\">Em investiga\u00e7\u00e3o &#8211; 39 pessoas est\u00e3o com exames sendo feitos. O prazo estimado para entrega dos resultados atualmente \u00e9 de tr\u00eas dias \u00fateis.<\/p>\n<p style=\"text-align: justify;\">Em observa\u00e7\u00e3o &#8211; 155 pacientes que apresentaram apenas sintomas leves de s\u00edndrome gripal recebem acompanhamento pela Secretaria Municipal de Sa\u00fade.<\/p>\n<p style=\"text-align: justify;\">Descartados e encerrados \u2013 com 28 testes negativos, 257 poss\u00edveis casos do novo coronav\u00edrus foram descartados at\u00e9 o momento. J\u00e1 os pacientes que j\u00e1 tiveram observa\u00e7\u00e3o encerrada somam 239.<\/p>\n","protected":false},"excerpt":{"rendered":"<p>Casos confirmados aumentam para 148 nesta quarta-feira (27) Muria\u00e9 confirma mais uma morte por coronav\u00edrus, totalizando, desta forma, oito \u00f3bitos causados pela covid-19. O exame divulgado pela Universidade Federal de Vi\u00e7osa \u00e9 de uma idosa de 78 anos, residente em Muria\u00e9. A idosa faleceu na noite de ter\u00e7a-feira (26). Ela possu\u00eda hipotireoidismo (uma disfun\u00e7\u00e3o na [&hellip;]<\/p>\n","protected":false},"author":6,"featured_media":0,"comment_status":"open","ping_status":"closed","sticky":false,"template":"","format":"standard","meta":{"_joinchat":[],"footnotes":""},"categories":[1],"tags":[],"class_list":["post-70905","post","type-post","status-publish","format-standard","hentry","category-sem-categoria"],"_links":{"self":[{"href":"http:\/\/folhadosudeste.com\/site\/index.php?rest_route=\/wp\/v2\/posts\/70905","targetHints":{"allow":["GET"]}}],"collection":[{"href":"http:\/\/folhadosudeste.com\/site\/index.php?rest_route=\/wp\/v2\/posts"}],"about":[{"href":"http:\/\/folhadosudeste.com\/site\/index.php?rest_route=\/wp\/v2\/types\/post"}],"author":[{"embeddable":true,"href":"http:\/\/folhadosudeste.com\/site\/index.php?rest_route=\/wp\/v2\/users\/6"}],"replies":[{"embeddable":true,"href":"http:\/\/folhadosudeste.com\/site\/index.php?rest_route=%2Fwp%2Fv2%2Fcomments&post=70905"}],"version-history":[{"count":1,"href":"http:\/\/folhadosudeste.com\/site\/index.php?rest_route=\/wp\/v2\/posts\/70905\/revisions"}],"predecessor-version":[{"id":70906,"href":"http:\/\/folhadosudeste.com\/site\/index.php?rest_route=\/wp\/v2\/posts\/70905\/revisions\/70906"}],"wp:attachment":[{"href":"http:\/\/folhadosudeste.com\/site\/index.php?rest_route=%2Fwp%2Fv2%2Fmedia&parent=70905"}],"wp:term":[{"taxonomy":"category","embeddable":true,"href":"http:\/\/folhadosudeste.com\/site\/index.php?rest_route=%2Fwp%2Fv2%2Fcategories&post=70905"},{"taxonomy":"post_tag","embeddable":true,"href":"http:\/\/folhadosudeste.com\/site\/index.php?rest_route=%2Fwp%2Fv2%2Ftags&post=70905"}],"curies":[{"name":"wp","href":"https:\/\/api.w.org\/{rel}","templated":true}]}}