{"id":70907,"date":"2020-05-28T14:06:07","date_gmt":"2020-05-28T14:06:07","guid":{"rendered":"http:\/\/folhadosudeste.com\/site\/?p=70907"},"modified":"2020-05-28T14:06:07","modified_gmt":"2020-05-28T14:06:07","slug":"com-mais-um-obito-confirmado-muriae-chega-a-sete-mortes-de-residentes-por-coronavirus","status":"publish","type":"post","link":"http:\/\/folhadosudeste.com\/site\/?p=70907","title":{"rendered":"Com mais um \u00f3bito confirmado, Muria\u00e9 chega a sete mortes de residentes por coronav\u00edrus"},"content":{"rendered":"<p style=\"text-align: justify;\"><em><a href=\"http:\/\/folhadosudeste.com\/site\/wp-content\/uploads\/2020\/05\/DDA93769-4B22-42DA-8812-1E6157F02DE6.jpeg\"><img loading=\"lazy\" decoding=\"async\" class=\"alignnone size-full wp-image-70908\" src=\"http:\/\/folhadosudeste.com\/site\/wp-content\/uploads\/2020\/05\/DDA93769-4B22-42DA-8812-1E6157F02DE6.jpeg\" alt=\"\" width=\"768\" height=\"768\" srcset=\"http:\/\/folhadosudeste.com\/site\/wp-content\/uploads\/2020\/05\/DDA93769-4B22-42DA-8812-1E6157F02DE6.jpeg 768w, http:\/\/folhadosudeste.com\/site\/wp-content\/uploads\/2020\/05\/DDA93769-4B22-42DA-8812-1E6157F02DE6-150x150.jpeg 150w, http:\/\/folhadosudeste.com\/site\/wp-content\/uploads\/2020\/05\/DDA93769-4B22-42DA-8812-1E6157F02DE6-300x300.jpeg 300w\" sizes=\"auto, (max-width: 768px) 100vw, 768px\" \/><\/a><br \/>\nConsiderando casos de outros munic\u00edpio, total de \u00f3bitos chega a nove<\/em><\/p>\n<p style=\"text-align: justify;\">Muria\u00e9 confirma mais um \u00f3bito por coronav\u00edrus nesta quinta-feira, 28 de maio. Com isso, o n\u00famero de mortes chega a nove na cidade. O exame divulgado pela Universidade Federal de Vi\u00e7osa \u00e9 de um idoso de 66 anos, residente no munic\u00edpio. Ele estava internado desde o dia 22 deste m\u00eas em uma institui\u00e7\u00e3o hospitalar e faleceu na tarde de quarta-feira, dia 27. O idoso possu\u00eda comorbidades, como hipertens\u00e3o arterial, diabetes e hist\u00f3rico de insufici\u00eancia card\u00edaca.<\/p>\n<p style=\"text-align: justify;\"><!--more-->Outros resultados de exames divulgados nesta quinta-feira mostram que casos confirmados de coronav\u00edrus subiram para 161. Deste total, s\u00e3o 85 pacientes ainda ativos e 67 j\u00e1 recuperados.<\/p>\n<p style=\"text-align: justify;\">Dos 13 testes positivados \u2013 incluindo o \u00f3bito -, sete s\u00e3o de pessoas do sexo masculino (com idades entre 3 meses e 67 anos) e seis do sexo feminino (com idades entre 24 e 83 anos), todos residentes em Muria\u00e9.<\/p>\n<p style=\"text-align: justify;\">Conforme orienta\u00e7\u00e3o da Ger\u00eancia Regional de Sa\u00fade, desde o dia 22 de maio os exames est\u00e3o sendo enviados para a Universidade Federal de Vi\u00e7osa. Al\u00e9m de resultados da UFV, testes feitos em laborat\u00f3rios particulares tamb\u00e9m est\u00e3o sendo contabilizados nas estat\u00edsticas.<\/p>\n<p style=\"text-align: justify;\">Veja outros n\u00fameros do novo coronav\u00edrus na cidade nesta quinta-feira (28):<\/p>\n<p style=\"text-align: justify;\">Em investiga\u00e7\u00e3o &#8211; 30 pessoas est\u00e3o com exames sendo feitos. O prazo estimado para entrega dos resultados atualmente \u00e9 de tr\u00eas dias \u00fateis.<\/p>\n<p style=\"text-align: justify;\">Em observa\u00e7\u00e3o &#8211; 186 pacientes que apresentaram apenas sintomas leves de s\u00edndrome gripal recebem acompanhamento pela Secretaria Municipal de Sa\u00fade.<\/p>\n<p style=\"text-align: justify;\">Descartados e encerrados \u2013 com quatro testes negativos, 272 poss\u00edveis casos do novo coronav\u00edrus foram descartados at\u00e9 o momento. J\u00e1 os pacientes que j\u00e1 tiveram observa\u00e7\u00e3o encerrada somam 249.<\/p>\n","protected":false},"excerpt":{"rendered":"<p>Considerando casos de outros munic\u00edpio, total de \u00f3bitos chega a nove Muria\u00e9 confirma mais um \u00f3bito por coronav\u00edrus nesta quinta-feira, 28 de maio. Com isso, o n\u00famero de mortes chega a nove na cidade. O exame divulgado pela Universidade Federal de Vi\u00e7osa \u00e9 de um idoso de 66 anos, residente no munic\u00edpio. Ele estava internado [&hellip;]<\/p>\n","protected":false},"author":6,"featured_media":0,"comment_status":"open","ping_status":"closed","sticky":false,"template":"","format":"standard","meta":{"_joinchat":[],"footnotes":""},"categories":[1],"tags":[],"class_list":["post-70907","post","type-post","status-publish","format-standard","hentry","category-sem-categoria"],"_links":{"self":[{"href":"http:\/\/folhadosudeste.com\/site\/index.php?rest_route=\/wp\/v2\/posts\/70907","targetHints":{"allow":["GET"]}}],"collection":[{"href":"http:\/\/folhadosudeste.com\/site\/index.php?rest_route=\/wp\/v2\/posts"}],"about":[{"href":"http:\/\/folhadosudeste.com\/site\/index.php?rest_route=\/wp\/v2\/types\/post"}],"author":[{"embeddable":true,"href":"http:\/\/folhadosudeste.com\/site\/index.php?rest_route=\/wp\/v2\/users\/6"}],"replies":[{"embeddable":true,"href":"http:\/\/folhadosudeste.com\/site\/index.php?rest_route=%2Fwp%2Fv2%2Fcomments&post=70907"}],"version-history":[{"count":1,"href":"http:\/\/folhadosudeste.com\/site\/index.php?rest_route=\/wp\/v2\/posts\/70907\/revisions"}],"predecessor-version":[{"id":70909,"href":"http:\/\/folhadosudeste.com\/site\/index.php?rest_route=\/wp\/v2\/posts\/70907\/revisions\/70909"}],"wp:attachment":[{"href":"http:\/\/folhadosudeste.com\/site\/index.php?rest_route=%2Fwp%2Fv2%2Fmedia&parent=70907"}],"wp:term":[{"taxonomy":"category","embeddable":true,"href":"http:\/\/folhadosudeste.com\/site\/index.php?rest_route=%2Fwp%2Fv2%2Fcategories&post=70907"},{"taxonomy":"post_tag","embeddable":true,"href":"http:\/\/folhadosudeste.com\/site\/index.php?rest_route=%2Fwp%2Fv2%2Ftags&post=70907"}],"curies":[{"name":"wp","href":"https:\/\/api.w.org\/{rel}","templated":true}]}}