{"id":70913,"date":"2020-05-29T14:31:14","date_gmt":"2020-05-29T14:31:14","guid":{"rendered":"http:\/\/folhadosudeste.com\/site\/?p=70913"},"modified":"2020-05-29T14:32:08","modified_gmt":"2020-05-29T14:32:08","slug":"acidente-fatal-no-trevo-da-gavea-vitima-e-uma-muriaeense-de-apenas-25-anos-de-idade","status":"publish","type":"post","link":"http:\/\/folhadosudeste.com\/site\/?p=70913","title":{"rendered":"Acidente fatal no Trevo da G\u00e1vea. V\u00edtima \u00e9 uma muriaeense de apenas 25 anos de idade"},"content":{"rendered":"<p style=\"text-align: justify;\"><a href=\"http:\/\/folhadosudeste.com\/site\/wp-content\/uploads\/2020\/05\/73640D13-6AF7-4211-BE89-58F88469848A.jpeg\"><img loading=\"lazy\" decoding=\"async\" class=\"alignnone size-full wp-image-70915\" src=\"http:\/\/folhadosudeste.com\/site\/wp-content\/uploads\/2020\/05\/73640D13-6AF7-4211-BE89-58F88469848A.jpeg\" alt=\"\" width=\"707\" height=\"398\" srcset=\"http:\/\/folhadosudeste.com\/site\/wp-content\/uploads\/2020\/05\/73640D13-6AF7-4211-BE89-58F88469848A.jpeg 707w, http:\/\/folhadosudeste.com\/site\/wp-content\/uploads\/2020\/05\/73640D13-6AF7-4211-BE89-58F88469848A-300x169.jpeg 300w\" sizes=\"auto, (max-width: 707px) 100vw, 707px\" \/><\/a><br \/>\n<a href=\"http:\/\/folhadosudeste.com\/site\/wp-content\/uploads\/2020\/05\/06AE73A2-A0B5-4FCA-A2C6-0BE3DBD5DE2B.jpeg\"><img loading=\"lazy\" decoding=\"async\" class=\"alignnone size-full wp-image-70914\" src=\"http:\/\/folhadosudeste.com\/site\/wp-content\/uploads\/2020\/05\/06AE73A2-A0B5-4FCA-A2C6-0BE3DBD5DE2B.jpeg\" alt=\"\" width=\"176\" height=\"188\"><\/a><br \/>\nUm tr\u00e1gico acidente de tr\u00e2nsito tirou a vida de uma muriaeense de apenas 25 anos de idade. A trag\u00e9dia aconteceu no Trevo da G\u00e1vea, por volta das 17h30, envolvendo uma motocicleta, conduzida pela jovem muriaeense, e uma carreta.<\/p>\n<p>https:\/\/www.facebook.com\/silvanalves.oficial\/videos\/941960529602572\/?vh=e<\/p>\n<p style=\"text-align: justify;\"><!--more-->O Corpo de Bombeiros e SAMU foram acionados com urg\u00eancia e chegaram de imediato ao local, pois a sede fica naquela regi\u00e3o, mas ao chegar, a v\u00edtima j\u00e1 estava sem vida devido a gravidade do acidente.<\/p>\n<p style=\"text-align: justify;\">As primeiras informa\u00e7\u00f5es d\u00e3o conta que os ve\u00edculos transitavam no mesmo sentido, passaram pela BR-356 e ao deixar a rodovia, a motociclista teria perdido o controle da dire\u00e7\u00e3o, e j\u00e1 no trevo, bateu contra as rodas traseiras da carreta, sendo atingida fatalmente, por elas. As causas do acidente ser\u00e3o apuradas ap\u00f3s as autoridades ouvirem o motorista da carreta e testemunhas.<\/p>\n<p style=\"text-align: justify;\">Foi informado no local a v\u00edtima \u00e9 Flancislaine Fonseca da Silva, 25 anos de idade. Alguns familiares estiveram no local. A trag\u00e9dia chocou os muriaeenses. <strong>Fonte: Silvan Alves<\/strong><\/p>\n<p><a href=\"http:\/\/folhadosudeste.com\/site\/wp-content\/uploads\/2020\/05\/74C54EBE-4715-45AA-8BBD-76EA3CA592A7.jpeg\"><img loading=\"lazy\" decoding=\"async\" class=\"alignnone size-full wp-image-70917\" src=\"http:\/\/folhadosudeste.com\/site\/wp-content\/uploads\/2020\/05\/74C54EBE-4715-45AA-8BBD-76EA3CA592A7.jpeg\" alt=\"\" width=\"707\" height=\"398\" srcset=\"http:\/\/folhadosudeste.com\/site\/wp-content\/uploads\/2020\/05\/74C54EBE-4715-45AA-8BBD-76EA3CA592A7.jpeg 707w, http:\/\/folhadosudeste.com\/site\/wp-content\/uploads\/2020\/05\/74C54EBE-4715-45AA-8BBD-76EA3CA592A7-300x169.jpeg 300w\" sizes=\"auto, (max-width: 707px) 100vw, 707px\" \/><\/a><br \/>\n<a href=\"http:\/\/folhadosudeste.com\/site\/wp-content\/uploads\/2020\/05\/55821AC0-1108-4C81-BDB7-F27F04ADD815.jpeg\"><img loading=\"lazy\" decoding=\"async\" class=\"alignnone size-full wp-image-70916\" src=\"http:\/\/folhadosudeste.com\/site\/wp-content\/uploads\/2020\/05\/55821AC0-1108-4C81-BDB7-F27F04ADD815.jpeg\" alt=\"\" width=\"707\" height=\"398\" srcset=\"http:\/\/folhadosudeste.com\/site\/wp-content\/uploads\/2020\/05\/55821AC0-1108-4C81-BDB7-F27F04ADD815.jpeg 707w, http:\/\/folhadosudeste.com\/site\/wp-content\/uploads\/2020\/05\/55821AC0-1108-4C81-BDB7-F27F04ADD815-300x169.jpeg 300w\" sizes=\"auto, (max-width: 707px) 100vw, 707px\" \/><\/a><\/p>\n","protected":false},"excerpt":{"rendered":"<p>Um tr\u00e1gico acidente de tr\u00e2nsito tirou a vida de uma muriaeense de apenas 25 anos de idade. A trag\u00e9dia aconteceu no Trevo da G\u00e1vea, por volta das 17h30, envolvendo uma motocicleta, conduzida pela jovem muriaeense, e uma carreta. https:\/\/www.facebook.com\/silvanalves.oficial\/videos\/941960529602572\/?vh=e<\/p>\n","protected":false},"author":6,"featured_media":0,"comment_status":"open","ping_status":"closed","sticky":false,"template":"","format":"standard","meta":{"_joinchat":[],"footnotes":""},"categories":[1],"tags":[],"class_list":["post-70913","post","type-post","status-publish","format-standard","hentry","category-sem-categoria"],"_links":{"self":[{"href":"http:\/\/folhadosudeste.com\/site\/index.php?rest_route=\/wp\/v2\/posts\/70913","targetHints":{"allow":["GET"]}}],"collection":[{"href":"http:\/\/folhadosudeste.com\/site\/index.php?rest_route=\/wp\/v2\/posts"}],"about":[{"href":"http:\/\/folhadosudeste.com\/site\/index.php?rest_route=\/wp\/v2\/types\/post"}],"author":[{"embeddable":true,"href":"http:\/\/folhadosudeste.com\/site\/index.php?rest_route=\/wp\/v2\/users\/6"}],"replies":[{"embeddable":true,"href":"http:\/\/folhadosudeste.com\/site\/index.php?rest_route=%2Fwp%2Fv2%2Fcomments&post=70913"}],"version-history":[{"count":2,"href":"http:\/\/folhadosudeste.com\/site\/index.php?rest_route=\/wp\/v2\/posts\/70913\/revisions"}],"predecessor-version":[{"id":70919,"href":"http:\/\/folhadosudeste.com\/site\/index.php?rest_route=\/wp\/v2\/posts\/70913\/revisions\/70919"}],"wp:attachment":[{"href":"http:\/\/folhadosudeste.com\/site\/index.php?rest_route=%2Fwp%2Fv2%2Fmedia&parent=70913"}],"wp:term":[{"taxonomy":"category","embeddable":true,"href":"http:\/\/folhadosudeste.com\/site\/index.php?rest_route=%2Fwp%2Fv2%2Fcategories&post=70913"},{"taxonomy":"post_tag","embeddable":true,"href":"http:\/\/folhadosudeste.com\/site\/index.php?rest_route=%2Fwp%2Fv2%2Ftags&post=70913"}],"curies":[{"name":"wp","href":"https:\/\/api.w.org\/{rel}","templated":true}]}}