{"id":70933,"date":"2020-06-01T17:14:14","date_gmt":"2020-06-01T17:14:14","guid":{"rendered":"http:\/\/folhadosudeste.com\/site\/?p=70933"},"modified":"2020-06-01T17:14:14","modified_gmt":"2020-06-01T17:14:14","slug":"dia-mundial-sem-tabaco-sera-comemorado-em-muriae-com-campanha-online","status":"publish","type":"post","link":"http:\/\/folhadosudeste.com\/site\/?p=70933","title":{"rendered":"Dia Mundial sem Tabaco ser\u00e1 comemorado em Muria\u00e9 com campanha online"},"content":{"rendered":"<p style=\"text-align: justify;\"><i><a href=\"http:\/\/folhadosudeste.com\/site\/wp-content\/uploads\/2020\/06\/Arte-Dia-Mundial-sem-Tabaco.jpg\"><img loading=\"lazy\" decoding=\"async\" class=\"alignnone  wp-image-70934\" src=\"http:\/\/folhadosudeste.com\/site\/wp-content\/uploads\/2020\/06\/Arte-Dia-Mundial-sem-Tabaco.jpg\" alt=\"\" width=\"1019\" height=\"720\" srcset=\"http:\/\/folhadosudeste.com\/site\/wp-content\/uploads\/2020\/06\/Arte-Dia-Mundial-sem-Tabaco.jpg 1019w, http:\/\/folhadosudeste.com\/site\/wp-content\/uploads\/2020\/06\/Arte-Dia-Mundial-sem-Tabaco-300x212.jpg 300w, http:\/\/folhadosudeste.com\/site\/wp-content\/uploads\/2020\/06\/Arte-Dia-Mundial-sem-Tabaco-768x543.jpg 768w\" sizes=\"auto, (max-width: 1019px) 100vw, 1019px\" \/><\/a>Prefeitura oferece programa para auxiliar fumantes a superar v\u00edcio. Atendimento est\u00e1 sendo feito de forma individual<u><\/u><u><\/u><\/i><\/p>\n<p style=\"text-align: justify;\"><u><\/u>Para celebrar o Dia Mundial sem Tabaco (31 de maio), a Prefeitura de Muria\u00e9 organizou uma campanha online, j\u00e1 que os eventos presenciais foram suspensos devido \u00e0 pandemia do coronav\u00edrus. A a\u00e7\u00e3o virtual tem o mesmo objetivo: alertar para os malef\u00edcios que o cigarro causa \u00e0 sa\u00fade, informando \u00e0s pessoas o que elas podem fazer para ter uma vida saud\u00e1vel e proteger crian\u00e7as e jovens das consequ\u00eancias devastadoras do tabagismo.<u><\/u><u><\/u><\/p>\n<p><!--more--><\/p>\n<p style=\"text-align: justify;\"><u><\/u>Em Muria\u00e9, a Secretaria Municipal de Sa\u00fade oferece um programa para ajudar os fumantes a superar o v\u00edcio. Com dura\u00e7\u00e3o de quatro meses, a iniciativa \u00e9 composta por orienta\u00e7\u00f5es e medica\u00e7\u00e3o.<u><\/u><u><\/u><\/p>\n<p style=\"text-align: justify;\"><u><\/u>Os interessados em participar do projeto devem procurar o Setor de Psicologia e Nutri\u00e7\u00e3o do Centro de Epidemiologia da Secretaria de Sa\u00fade, localizada na Rua Vereador Jos\u00e9 Messias, 65, Santo Ant\u00f4nio \u2013 pr\u00e9dio da antiga Amiu (procurar a Karina), ou a Unidade B\u00e1sica de Sa\u00fade (UBS) mais pr\u00f3xima para se cadastrar.<u><\/u><u><\/u><\/p>\n<p style=\"text-align: justify;\"><u><\/u>Por conta do coronav\u00edrus, os encontros em grupo foram suspensos. O atendimento est\u00e1 sendo feito de forma individual nas UBS\u2019s.<u><\/u><u><\/u><\/p>\n<p style=\"text-align: justify;\"><u><\/u>As pe\u00e7as educativas da campanha estar\u00e3o dispon\u00edveis neste domingo nas redes sociais da Prefeitura: @prefeiturademuriae e Facebook.com\/<wbr>Prefeitura de Muria\u00e9.<\/p>\n","protected":false},"excerpt":{"rendered":"<p>Prefeitura oferece programa para auxiliar fumantes a superar v\u00edcio. Atendimento est\u00e1 sendo feito de forma individual Para celebrar o Dia Mundial sem Tabaco (31 de maio), a Prefeitura de Muria\u00e9 organizou uma campanha online, j\u00e1 que os eventos presenciais foram suspensos devido \u00e0 pandemia do coronav\u00edrus. A a\u00e7\u00e3o virtual tem o mesmo objetivo: alertar para [&hellip;]<\/p>\n","protected":false},"author":6,"featured_media":0,"comment_status":"open","ping_status":"closed","sticky":false,"template":"","format":"standard","meta":{"_joinchat":[],"footnotes":""},"categories":[1],"tags":[],"class_list":["post-70933","post","type-post","status-publish","format-standard","hentry","category-sem-categoria"],"_links":{"self":[{"href":"http:\/\/folhadosudeste.com\/site\/index.php?rest_route=\/wp\/v2\/posts\/70933","targetHints":{"allow":["GET"]}}],"collection":[{"href":"http:\/\/folhadosudeste.com\/site\/index.php?rest_route=\/wp\/v2\/posts"}],"about":[{"href":"http:\/\/folhadosudeste.com\/site\/index.php?rest_route=\/wp\/v2\/types\/post"}],"author":[{"embeddable":true,"href":"http:\/\/folhadosudeste.com\/site\/index.php?rest_route=\/wp\/v2\/users\/6"}],"replies":[{"embeddable":true,"href":"http:\/\/folhadosudeste.com\/site\/index.php?rest_route=%2Fwp%2Fv2%2Fcomments&post=70933"}],"version-history":[{"count":1,"href":"http:\/\/folhadosudeste.com\/site\/index.php?rest_route=\/wp\/v2\/posts\/70933\/revisions"}],"predecessor-version":[{"id":70935,"href":"http:\/\/folhadosudeste.com\/site\/index.php?rest_route=\/wp\/v2\/posts\/70933\/revisions\/70935"}],"wp:attachment":[{"href":"http:\/\/folhadosudeste.com\/site\/index.php?rest_route=%2Fwp%2Fv2%2Fmedia&parent=70933"}],"wp:term":[{"taxonomy":"category","embeddable":true,"href":"http:\/\/folhadosudeste.com\/site\/index.php?rest_route=%2Fwp%2Fv2%2Fcategories&post=70933"},{"taxonomy":"post_tag","embeddable":true,"href":"http:\/\/folhadosudeste.com\/site\/index.php?rest_route=%2Fwp%2Fv2%2Ftags&post=70933"}],"curies":[{"name":"wp","href":"https:\/\/api.w.org\/{rel}","templated":true}]}}