{"id":70936,"date":"2020-06-01T17:16:43","date_gmt":"2020-06-01T17:16:43","guid":{"rendered":"http:\/\/folhadosudeste.com\/site\/?p=70936"},"modified":"2020-06-01T17:16:43","modified_gmt":"2020-06-01T17:16:43","slug":"saude-mental-inicia-campanha-de-doacao-em-prol-dos-pacientes","status":"publish","type":"post","link":"http:\/\/folhadosudeste.com\/site\/?p=70936","title":{"rendered":"Sa\u00fade Mental inicia campanha de doa\u00e7\u00e3o em prol dos pacientes"},"content":{"rendered":"<p><a href=\"http:\/\/folhadosudeste.com\/site\/wp-content\/uploads\/2020\/06\/02-1.jpg\"><img loading=\"lazy\" decoding=\"async\" class=\"alignnone size-full wp-image-70937\" src=\"http:\/\/folhadosudeste.com\/site\/wp-content\/uploads\/2020\/06\/02-1.jpg\" alt=\"\" width=\"975\" height=\"626\" srcset=\"http:\/\/folhadosudeste.com\/site\/wp-content\/uploads\/2020\/06\/02-1.jpg 975w, http:\/\/folhadosudeste.com\/site\/wp-content\/uploads\/2020\/06\/02-1-300x193.jpg 300w, http:\/\/folhadosudeste.com\/site\/wp-content\/uploads\/2020\/06\/02-1-768x493.jpg 768w\" sizes=\"auto, (max-width: 975px) 100vw, 975px\" \/><\/a><\/p>\n<p style=\"text-align: justify;\"><i>Est\u00e3o sendo solicitados itens como roupas de cama e de banho e produtos de higiene pessoal<\/i><\/p>\n<p style=\"text-align: justify;\">Com o Centro de Aten\u00e7\u00e3o Psicossocial (CAPS II) passando a funcionar 24 horas por dia e o consequente aumento da demanda, a Sa\u00fade Mental est\u00e1 promovendo uma campanha de arrecada\u00e7\u00e3o de roupas de cama e banho e produtos de higiene pessoal para os pacientes.<\/p>\n<p style=\"text-align: justify;\">Os interessados podem entregar os donativos no pr\u00f3prio CAPS II, localizado no Centro Educacional Dom Delfim (antiga Febem), que est\u00e1 situado na Rua Itagiba de Oliveira, Barra. Est\u00e3o sendo solicitados cobertores, toalhas de banho, len\u00e7\u00f3is, fronhas, sabonetes, shampoo, creme dental, escovas de dentes, entre outros.<\/p>\n<p><!--more--><\/p>\n<p style=\"text-align: justify;\">\u201cTais itens s\u00e3o de extrema import\u00e2ncia, e devido \u00e0 urg\u00eancia em abrir o abrigo, contamos com esta ajuda\u201d, frisa a refer\u00eancia em Sa\u00fade Mental de Muria\u00e9, Cintia Muglia.<\/p>\n<p style=\"text-align: justify;\">Vinculado \u00e0 Secretaria Municipal de Sa\u00fade, o setor de Sa\u00fade Mental abrange o CAPS II, CAPS AD III e Unidade de Acolhimento Adulto.<\/p>\n<p><a href=\"http:\/\/folhadosudeste.com\/site\/wp-content\/uploads\/2020\/06\/01-1.jpg\"><img loading=\"lazy\" decoding=\"async\" class=\"alignnone size-full wp-image-70938\" src=\"http:\/\/folhadosudeste.com\/site\/wp-content\/uploads\/2020\/06\/01-1.jpg\" alt=\"\" width=\"1274\" height=\"921\" srcset=\"http:\/\/folhadosudeste.com\/site\/wp-content\/uploads\/2020\/06\/01-1.jpg 1274w, http:\/\/folhadosudeste.com\/site\/wp-content\/uploads\/2020\/06\/01-1-300x217.jpg 300w, http:\/\/folhadosudeste.com\/site\/wp-content\/uploads\/2020\/06\/01-1-768x555.jpg 768w, http:\/\/folhadosudeste.com\/site\/wp-content\/uploads\/2020\/06\/01-1-1024x740.jpg 1024w\" sizes=\"auto, (max-width: 1274px) 100vw, 1274px\" \/><\/a><\/p>\n","protected":false},"excerpt":{"rendered":"<p>Est\u00e3o sendo solicitados itens como roupas de cama e de banho e produtos de higiene pessoal Com o Centro de Aten\u00e7\u00e3o Psicossocial (CAPS II) passando a funcionar 24 horas por dia e o consequente aumento da demanda, a Sa\u00fade Mental est\u00e1 promovendo uma campanha de arrecada\u00e7\u00e3o de roupas de cama e banho e produtos de [&hellip;]<\/p>\n","protected":false},"author":6,"featured_media":0,"comment_status":"open","ping_status":"closed","sticky":false,"template":"","format":"standard","meta":{"_joinchat":[],"footnotes":""},"categories":[1],"tags":[],"class_list":["post-70936","post","type-post","status-publish","format-standard","hentry","category-sem-categoria"],"_links":{"self":[{"href":"http:\/\/folhadosudeste.com\/site\/index.php?rest_route=\/wp\/v2\/posts\/70936","targetHints":{"allow":["GET"]}}],"collection":[{"href":"http:\/\/folhadosudeste.com\/site\/index.php?rest_route=\/wp\/v2\/posts"}],"about":[{"href":"http:\/\/folhadosudeste.com\/site\/index.php?rest_route=\/wp\/v2\/types\/post"}],"author":[{"embeddable":true,"href":"http:\/\/folhadosudeste.com\/site\/index.php?rest_route=\/wp\/v2\/users\/6"}],"replies":[{"embeddable":true,"href":"http:\/\/folhadosudeste.com\/site\/index.php?rest_route=%2Fwp%2Fv2%2Fcomments&post=70936"}],"version-history":[{"count":1,"href":"http:\/\/folhadosudeste.com\/site\/index.php?rest_route=\/wp\/v2\/posts\/70936\/revisions"}],"predecessor-version":[{"id":70939,"href":"http:\/\/folhadosudeste.com\/site\/index.php?rest_route=\/wp\/v2\/posts\/70936\/revisions\/70939"}],"wp:attachment":[{"href":"http:\/\/folhadosudeste.com\/site\/index.php?rest_route=%2Fwp%2Fv2%2Fmedia&parent=70936"}],"wp:term":[{"taxonomy":"category","embeddable":true,"href":"http:\/\/folhadosudeste.com\/site\/index.php?rest_route=%2Fwp%2Fv2%2Fcategories&post=70936"},{"taxonomy":"post_tag","embeddable":true,"href":"http:\/\/folhadosudeste.com\/site\/index.php?rest_route=%2Fwp%2Fv2%2Ftags&post=70936"}],"curies":[{"name":"wp","href":"https:\/\/api.w.org\/{rel}","templated":true}]}}