{"id":70986,"date":"2020-06-03T18:46:01","date_gmt":"2020-06-03T18:46:01","guid":{"rendered":"http:\/\/folhadosudeste.com\/site\/?p=70986"},"modified":"2020-06-03T18:46:01","modified_gmt":"2020-06-03T18:46:01","slug":"com-mais-um-obito-sobe-para-9-numero-mortes-por-coronavirus-em-moradores-de-muriae","status":"publish","type":"post","link":"http:\/\/folhadosudeste.com\/site\/?p=70986","title":{"rendered":"Com mais um \u00f3bito, sobe para 9 n\u00famero mortes por coronav\u00edrus em moradores de Muria\u00e9"},"content":{"rendered":"<p style=\"text-align: justify;\"><a href=\"http:\/\/folhadosudeste.com\/site\/wp-content\/uploads\/2020\/06\/58C32352-A4D2-4517-AF43-D62E5737B7A8.jpeg\"><img loading=\"lazy\" decoding=\"async\" class=\"alignnone size-full wp-image-70987\" src=\"http:\/\/folhadosudeste.com\/site\/wp-content\/uploads\/2020\/06\/58C32352-A4D2-4517-AF43-D62E5737B7A8.jpeg\" alt=\"\" width=\"1081\" height=\"1081\" srcset=\"http:\/\/folhadosudeste.com\/site\/wp-content\/uploads\/2020\/06\/58C32352-A4D2-4517-AF43-D62E5737B7A8.jpeg 1081w, http:\/\/folhadosudeste.com\/site\/wp-content\/uploads\/2020\/06\/58C32352-A4D2-4517-AF43-D62E5737B7A8-150x150.jpeg 150w, http:\/\/folhadosudeste.com\/site\/wp-content\/uploads\/2020\/06\/58C32352-A4D2-4517-AF43-D62E5737B7A8-300x300.jpeg 300w, http:\/\/folhadosudeste.com\/site\/wp-content\/uploads\/2020\/06\/58C32352-A4D2-4517-AF43-D62E5737B7A8-768x768.jpeg 768w, http:\/\/folhadosudeste.com\/site\/wp-content\/uploads\/2020\/06\/58C32352-A4D2-4517-AF43-D62E5737B7A8-1024x1024.jpeg 1024w\" sizes=\"auto, (max-width: 1081px) 100vw, 1081px\" \/><\/a><br \/>\nMuria\u00e9 tem mais um \u00f3bito por coronav\u00edrus. A v\u00edtima \u00e9 uma senhora de 87 anos. Ela faleceu na madrugada desta quarta-feira, dia 3, no hospital onde estava internada desde o dia 30 de maio. A idosa era hipertensa e tinha Alzheimer. O exame testou positivo para covid-19 no dia 2 deste m\u00eas.<\/p>\n<p><!--more--><\/p>\n<p style=\"text-align: justify;\">Com isso, a cidade totaliza 12 mortes pelo novo coronav\u00edrus, sendo nove de pessoas residentes em Muria\u00e9 e de tr\u00eas de fora do munic\u00edpio.<\/p>\n<p style=\"text-align: justify;\">Novos exames tamb\u00e9m apontam que casos confirmados subiram para 226. Entre eles, s\u00e3o 195 de pessoas de Muria\u00e9 e 31 de outros munic\u00edpios. Deste total, s\u00e3o 118 pacientes ainda ativos e 96 j\u00e1 recuperados.<\/p>\n<p style=\"text-align: justify;\">Os exames positivados se referem a 12 pessoas do sexo feminino, incluindo o \u00f3bito (com idades entre 16 e 87 anos), e a tr\u00eas pessoas do sexo masculino (com idades entre 6 e 76 anos) \u2013 apenas um paciente n\u00e3o reside na cidade.<\/p>\n<p style=\"text-align: justify;\">Conforme orienta\u00e7\u00e3o da Ger\u00eancia Regional de Sa\u00fade, desde o dia 22 de maio os exames est\u00e3o sendo enviados para a Universidade Federal de Vi\u00e7osa. Al\u00e9m de resultados da UFV, testes feitos em laborat\u00f3rios particulares tamb\u00e9m est\u00e3o sendo contabilizados nas estat\u00edsticas.<\/p>\n<p style=\"text-align: justify;\">Veja outros n\u00fameros do novo coronav\u00edrus na cidade nesta quarta-feira (3):<\/p>\n<p style=\"text-align: justify;\"><strong>Em investiga\u00e7\u00e3o &#8211;<\/strong> 18 pessoas est\u00e3o com exames sendo feitos. O prazo estimado para entrega dos resultados atualmente \u00e9 de tr\u00eas dias \u00fateis.<\/p>\n<p style=\"text-align: justify;\"><strong>Em observa\u00e7\u00e3o &#8211;<\/strong> 153 pacientes que apresentaram apenas sintomas leves de s\u00edndrome gripal recebem acompanhamento pela Secretaria Municipal de Sa\u00fade.<\/p>\n<p style=\"text-align: justify;\"><strong>Descartados e encerrados \u2013<\/strong>com 13 testes negativos, 365 poss\u00edveis casos do novo coronav\u00edrus foram descartados at\u00e9 o momento. J\u00e1 os pacientes que j\u00e1 tiveram observa\u00e7\u00e3o encerrada somam 294.<\/p>\n","protected":false},"excerpt":{"rendered":"<p>Muria\u00e9 tem mais um \u00f3bito por coronav\u00edrus. A v\u00edtima \u00e9 uma senhora de 87 anos. Ela faleceu na madrugada desta quarta-feira, dia 3, no hospital onde estava internada desde o dia 30 de maio. A idosa era hipertensa e tinha Alzheimer. O exame testou positivo para covid-19 no dia 2 deste m\u00eas.<\/p>\n","protected":false},"author":6,"featured_media":0,"comment_status":"open","ping_status":"closed","sticky":false,"template":"","format":"standard","meta":{"_joinchat":[],"footnotes":""},"categories":[1],"tags":[],"class_list":["post-70986","post","type-post","status-publish","format-standard","hentry","category-sem-categoria"],"_links":{"self":[{"href":"http:\/\/folhadosudeste.com\/site\/index.php?rest_route=\/wp\/v2\/posts\/70986","targetHints":{"allow":["GET"]}}],"collection":[{"href":"http:\/\/folhadosudeste.com\/site\/index.php?rest_route=\/wp\/v2\/posts"}],"about":[{"href":"http:\/\/folhadosudeste.com\/site\/index.php?rest_route=\/wp\/v2\/types\/post"}],"author":[{"embeddable":true,"href":"http:\/\/folhadosudeste.com\/site\/index.php?rest_route=\/wp\/v2\/users\/6"}],"replies":[{"embeddable":true,"href":"http:\/\/folhadosudeste.com\/site\/index.php?rest_route=%2Fwp%2Fv2%2Fcomments&post=70986"}],"version-history":[{"count":1,"href":"http:\/\/folhadosudeste.com\/site\/index.php?rest_route=\/wp\/v2\/posts\/70986\/revisions"}],"predecessor-version":[{"id":70988,"href":"http:\/\/folhadosudeste.com\/site\/index.php?rest_route=\/wp\/v2\/posts\/70986\/revisions\/70988"}],"wp:attachment":[{"href":"http:\/\/folhadosudeste.com\/site\/index.php?rest_route=%2Fwp%2Fv2%2Fmedia&parent=70986"}],"wp:term":[{"taxonomy":"category","embeddable":true,"href":"http:\/\/folhadosudeste.com\/site\/index.php?rest_route=%2Fwp%2Fv2%2Fcategories&post=70986"},{"taxonomy":"post_tag","embeddable":true,"href":"http:\/\/folhadosudeste.com\/site\/index.php?rest_route=%2Fwp%2Fv2%2Ftags&post=70986"}],"curies":[{"name":"wp","href":"https:\/\/api.w.org\/{rel}","templated":true}]}}