{"id":70989,"date":"2020-06-05T18:26:03","date_gmt":"2020-06-05T18:26:03","guid":{"rendered":"http:\/\/folhadosudeste.com\/site\/?p=70989"},"modified":"2020-06-05T18:26:03","modified_gmt":"2020-06-05T18:26:03","slug":"muriae-registra-nova-morte-provocada-por-coronavirus","status":"publish","type":"post","link":"http:\/\/folhadosudeste.com\/site\/?p=70989","title":{"rendered":"Muria\u00e9 registra nova morte provocada por coronav\u00edrus"},"content":{"rendered":"<p style=\"text-align: justify;\"><a href=\"http:\/\/folhadosudeste.com\/site\/wp-content\/uploads\/2020\/06\/50BFE933-DD40-496C-844E-0B778ACA4172.jpeg\"><img loading=\"lazy\" decoding=\"async\" class=\"alignnone size-full wp-image-70990\" src=\"http:\/\/folhadosudeste.com\/site\/wp-content\/uploads\/2020\/06\/50BFE933-DD40-496C-844E-0B778ACA4172.jpeg\" alt=\"\" width=\"1081\" height=\"1081\" srcset=\"http:\/\/folhadosudeste.com\/site\/wp-content\/uploads\/2020\/06\/50BFE933-DD40-496C-844E-0B778ACA4172.jpeg 1081w, http:\/\/folhadosudeste.com\/site\/wp-content\/uploads\/2020\/06\/50BFE933-DD40-496C-844E-0B778ACA4172-150x150.jpeg 150w, http:\/\/folhadosudeste.com\/site\/wp-content\/uploads\/2020\/06\/50BFE933-DD40-496C-844E-0B778ACA4172-300x300.jpeg 300w, http:\/\/folhadosudeste.com\/site\/wp-content\/uploads\/2020\/06\/50BFE933-DD40-496C-844E-0B778ACA4172-768x768.jpeg 768w, http:\/\/folhadosudeste.com\/site\/wp-content\/uploads\/2020\/06\/50BFE933-DD40-496C-844E-0B778ACA4172-1024x1024.jpeg 1024w\" sizes=\"auto, (max-width: 1081px) 100vw, 1081px\" \/><\/a><br \/>\nMuria\u00e9 teve nova confirma\u00e7\u00e3o de morte provocada por coronav\u00edrus &#8211; a d\u00e9cima entre moradores da cidade. O paciente que veio a \u00f3bito era um homem de 68 anos que sofria de leucemia mieloide cr\u00f4nica. Ele havia sido internado em 23 de maio e morreu dois dias depois.<\/p>\n<p><!--more--><\/p>\n<p style=\"text-align: justify;\">Al\u00e9m desta confirma\u00e7\u00e3o, outros 12 pacientes testaram positivo para o coronav\u00edrus &#8211; 10 deles s\u00e3o moradores de Muria\u00e9, sendo cinco homens e cinco mulheres. As idades variam entre 25 e 77 anos. J\u00e1 os outros dois casos referem-se a duas mulheres, de 46 e 84 anos, que vivem em outros munic\u00edpios.<\/p>\n<p style=\"text-align: justify;\">Veja o balan\u00e7o desta sexta-feira, dia 5 de junho:<\/p>\n<p style=\"text-align: justify;\">Moradores de Muria\u00e9 &#8211; Somam 223 confirma\u00e7\u00f5es at\u00e9 o momento. Deste total, s\u00e3o 117 pacientes ainda ativos, 96 curados e 10 mortos.<\/p>\n<p style=\"text-align: justify;\">Pacientes de outras cidades &#8211; Dos 34 moradores de outros munic\u00edpios que buscaram atendimento em Muria\u00e9, 15 ainda est\u00e3o em tratamento e outros 16 j\u00e1 se recuperaram. Tr\u00eas morreram.<\/p>\n<p style=\"text-align: justify;\">Casos em investiga\u00e7\u00e3o &#8211; 23 pacientes ainda est\u00e3o aguardando resultado de exame. S\u00e3o 18 moradores de Muria\u00e9 e cinco de outras cidades.<\/p>\n<p style=\"text-align: justify;\">Em observa\u00e7\u00e3o &#8211; 127 pessoas que apresentaram apenas sintomas leves de gripe est\u00e3o sendo monitoradas pela Secretaria Municipal de Sa\u00fade.<\/p>\n<p style=\"text-align: justify;\">Descartados e encerrados \u2013 386 exames deram negativo at\u00e9 o momento. Outros 313 pacientes j\u00e1 finalizaram a quarentena e est\u00e3o sem sintomas.<\/p>\n","protected":false},"excerpt":{"rendered":"<p>Muria\u00e9 teve nova confirma\u00e7\u00e3o de morte provocada por coronav\u00edrus &#8211; a d\u00e9cima entre moradores da cidade. O paciente que veio a \u00f3bito era um homem de 68 anos que sofria de leucemia mieloide cr\u00f4nica. Ele havia sido internado em 23 de maio e morreu dois dias depois.<\/p>\n","protected":false},"author":6,"featured_media":0,"comment_status":"open","ping_status":"closed","sticky":false,"template":"","format":"standard","meta":{"_joinchat":[],"footnotes":""},"categories":[1],"tags":[],"class_list":["post-70989","post","type-post","status-publish","format-standard","hentry","category-sem-categoria"],"_links":{"self":[{"href":"http:\/\/folhadosudeste.com\/site\/index.php?rest_route=\/wp\/v2\/posts\/70989","targetHints":{"allow":["GET"]}}],"collection":[{"href":"http:\/\/folhadosudeste.com\/site\/index.php?rest_route=\/wp\/v2\/posts"}],"about":[{"href":"http:\/\/folhadosudeste.com\/site\/index.php?rest_route=\/wp\/v2\/types\/post"}],"author":[{"embeddable":true,"href":"http:\/\/folhadosudeste.com\/site\/index.php?rest_route=\/wp\/v2\/users\/6"}],"replies":[{"embeddable":true,"href":"http:\/\/folhadosudeste.com\/site\/index.php?rest_route=%2Fwp%2Fv2%2Fcomments&post=70989"}],"version-history":[{"count":1,"href":"http:\/\/folhadosudeste.com\/site\/index.php?rest_route=\/wp\/v2\/posts\/70989\/revisions"}],"predecessor-version":[{"id":70991,"href":"http:\/\/folhadosudeste.com\/site\/index.php?rest_route=\/wp\/v2\/posts\/70989\/revisions\/70991"}],"wp:attachment":[{"href":"http:\/\/folhadosudeste.com\/site\/index.php?rest_route=%2Fwp%2Fv2%2Fmedia&parent=70989"}],"wp:term":[{"taxonomy":"category","embeddable":true,"href":"http:\/\/folhadosudeste.com\/site\/index.php?rest_route=%2Fwp%2Fv2%2Fcategories&post=70989"},{"taxonomy":"post_tag","embeddable":true,"href":"http:\/\/folhadosudeste.com\/site\/index.php?rest_route=%2Fwp%2Fv2%2Ftags&post=70989"}],"curies":[{"name":"wp","href":"https:\/\/api.w.org\/{rel}","templated":true}]}}