{"id":71002,"date":"2020-06-05T19:07:11","date_gmt":"2020-06-05T19:07:11","guid":{"rendered":"http:\/\/folhadosudeste.com\/site\/?p=71002"},"modified":"2020-06-05T19:07:11","modified_gmt":"2020-06-05T19:07:11","slug":"nota-oficial-da-prefeitura-de-muriae-sobre-sepultamento-de-vitima-de-coronavirus","status":"publish","type":"post","link":"http:\/\/folhadosudeste.com\/site\/?p=71002","title":{"rendered":"Nota oficial da Prefeitura de Muria\u00e9 sobre sepultamento de v\u00edtima de coronav\u00edrus"},"content":{"rendered":"<p><a href=\"http:\/\/folhadosudeste.com\/site\/wp-content\/uploads\/2020\/06\/Atestado-de-\u00f3bito.jpg\"><img loading=\"lazy\" decoding=\"async\" class=\"alignnone size-full wp-image-71003\" src=\"http:\/\/folhadosudeste.com\/site\/wp-content\/uploads\/2020\/06\/Atestado-de-\u00f3bito.jpg\" alt=\"\" width=\"1279\" height=\"1280\" srcset=\"http:\/\/folhadosudeste.com\/site\/wp-content\/uploads\/2020\/06\/Atestado-de-\u00f3bito.jpg 1279w, http:\/\/folhadosudeste.com\/site\/wp-content\/uploads\/2020\/06\/Atestado-de-\u00f3bito-150x150.jpg 150w, http:\/\/folhadosudeste.com\/site\/wp-content\/uploads\/2020\/06\/Atestado-de-\u00f3bito-300x300.jpg 300w, http:\/\/folhadosudeste.com\/site\/wp-content\/uploads\/2020\/06\/Atestado-de-\u00f3bito-768x769.jpg 768w, http:\/\/folhadosudeste.com\/site\/wp-content\/uploads\/2020\/06\/Atestado-de-\u00f3bito-1024x1024.jpg 1024w\" sizes=\"auto, (max-width: 1279px) 100vw, 1279px\" \/><\/a><\/p>\n<p style=\"text-align: justify;\">A Prefeitura de Muria\u00e9, em face da reportagem exibida pelo canal Globo News no programa Edi\u00e7\u00e3o das 10 de 3 de junho de 2020, a qual cita o caso de um morador da cidade que faleceu em decorr\u00eancia da covid-19 e n\u00e3o teve atendimento adequado, esclarece que o sepultamento n\u00e3o foi feito na cidade de Muria\u00e9, e sim no munic\u00edpio vizinho de Miradouro.&nbsp;<em>(conforme c\u00f3pia do atestado de \u00f3bito anexo)<\/em><u><\/u><u><\/u><\/p>\n<p><!--more--><\/p>\n<p style=\"text-align: justify;\"><u><\/u>Muria\u00e9 \u00e9 refer\u00eancia regional em sa\u00fade e atende v\u00e1rios munic\u00edpios da Zona da Mata mineira. O morador em quest\u00e3o foi atendido, como mostra na reportagem, de forma adequada no Hospital S\u00e3o Paulo e, ap\u00f3s o \u00f3bito, teve seu corpo trasladado pela funer\u00e1ria contratada pela fam\u00edlia.<u><\/u><u><\/u><\/p>\n<p style=\"text-align: justify;\"><u><\/u>Desde o in\u00edcio da pandemia, Muria\u00e9 est\u00e1 preparada para os enfrentamentos do coronav\u00edrus, e todos os sepultamentos s\u00e3o feitos de acordo com os protocolos do Minist\u00e9rio da Sa\u00fade e Secretaria de Estado de Sa\u00fade de Minas Gerais, inclusive com treinamento de funcion\u00e1rios e uso de EPI\u2019s adequados.<u><\/u><u><\/u><\/p>\n","protected":false},"excerpt":{"rendered":"<p>A Prefeitura de Muria\u00e9, em face da reportagem exibida pelo canal Globo News no programa Edi\u00e7\u00e3o das 10 de 3 de junho de 2020, a qual cita o caso de um morador da cidade que faleceu em decorr\u00eancia da covid-19 e n\u00e3o teve atendimento adequado, esclarece que o sepultamento n\u00e3o foi feito na cidade de [&hellip;]<\/p>\n","protected":false},"author":6,"featured_media":0,"comment_status":"open","ping_status":"closed","sticky":false,"template":"","format":"standard","meta":{"_joinchat":[],"footnotes":""},"categories":[1],"tags":[],"class_list":["post-71002","post","type-post","status-publish","format-standard","hentry","category-sem-categoria"],"_links":{"self":[{"href":"http:\/\/folhadosudeste.com\/site\/index.php?rest_route=\/wp\/v2\/posts\/71002","targetHints":{"allow":["GET"]}}],"collection":[{"href":"http:\/\/folhadosudeste.com\/site\/index.php?rest_route=\/wp\/v2\/posts"}],"about":[{"href":"http:\/\/folhadosudeste.com\/site\/index.php?rest_route=\/wp\/v2\/types\/post"}],"author":[{"embeddable":true,"href":"http:\/\/folhadosudeste.com\/site\/index.php?rest_route=\/wp\/v2\/users\/6"}],"replies":[{"embeddable":true,"href":"http:\/\/folhadosudeste.com\/site\/index.php?rest_route=%2Fwp%2Fv2%2Fcomments&post=71002"}],"version-history":[{"count":1,"href":"http:\/\/folhadosudeste.com\/site\/index.php?rest_route=\/wp\/v2\/posts\/71002\/revisions"}],"predecessor-version":[{"id":71005,"href":"http:\/\/folhadosudeste.com\/site\/index.php?rest_route=\/wp\/v2\/posts\/71002\/revisions\/71005"}],"wp:attachment":[{"href":"http:\/\/folhadosudeste.com\/site\/index.php?rest_route=%2Fwp%2Fv2%2Fmedia&parent=71002"}],"wp:term":[{"taxonomy":"category","embeddable":true,"href":"http:\/\/folhadosudeste.com\/site\/index.php?rest_route=%2Fwp%2Fv2%2Fcategories&post=71002"},{"taxonomy":"post_tag","embeddable":true,"href":"http:\/\/folhadosudeste.com\/site\/index.php?rest_route=%2Fwp%2Fv2%2Ftags&post=71002"}],"curies":[{"name":"wp","href":"https:\/\/api.w.org\/{rel}","templated":true}]}}