{"id":71006,"date":"2020-06-06T03:36:20","date_gmt":"2020-06-06T03:36:20","guid":{"rendered":"http:\/\/folhadosudeste.com\/site\/?p=71006"},"modified":"2020-06-30T16:58:01","modified_gmt":"2020-06-30T16:58:01","slug":"vereador-osvaldo-alves-felipe-o-popular-sape-fala-de-alguns-projetos-e-trabalhos-prestados-ao-municipio-de-mirai","status":"publish","type":"post","link":"http:\/\/folhadosudeste.com\/site\/?p=71006","title":{"rendered":"Vereador Osvaldo Alves Felipe o popular Sap\u00e9 fala de alguns projetos e trabalhos prestados ao munic\u00edpio de Mira\u00ed"},"content":{"rendered":"<p><a href=\"http:\/\/folhadosudeste.com\/site\/wp-content\/uploads\/2020\/06\/DSC_0010-1.jpg\"><img loading=\"lazy\" decoding=\"async\" class=\"alignnone size-full wp-image-71007\" src=\"http:\/\/folhadosudeste.com\/site\/wp-content\/uploads\/2020\/06\/DSC_0010-1.jpg\" alt=\"\" width=\"2048\" height=\"1356\" srcset=\"http:\/\/folhadosudeste.com\/site\/wp-content\/uploads\/2020\/06\/DSC_0010-1.jpg 2048w, http:\/\/folhadosudeste.com\/site\/wp-content\/uploads\/2020\/06\/DSC_0010-1-300x199.jpg 300w, http:\/\/folhadosudeste.com\/site\/wp-content\/uploads\/2020\/06\/DSC_0010-1-768x509.jpg 768w, http:\/\/folhadosudeste.com\/site\/wp-content\/uploads\/2020\/06\/DSC_0010-1-1024x678.jpg 1024w, http:\/\/folhadosudeste.com\/site\/wp-content\/uploads\/2020\/06\/DSC_0010-1-120x80.jpg 120w, http:\/\/folhadosudeste.com\/site\/wp-content\/uploads\/2020\/06\/DSC_0010-1-590x390.jpg 590w\" sizes=\"auto, (max-width: 2048px) 100vw, 2048px\" \/><\/a><\/p>\n<p style=\"text-align: justify;\">Oswaldo Alves Felipe, mais conhecido por Sap\u00e9, \u00e9 um vereador atuante que faz quest\u00e3o de mostrar seu trabalho constante em favor dos miraienses. Ele foi presidente da C\u00e2mara Municipal no bi\u00eanio 2017\/ 2018, e conta que com o apoio de assessores e seus pares, conseguiu fazer muito pela cidade. Nesta reportagem exclusiva ao jornal Folha do Sudeste ele fala sobre projetos e indica\u00e7\u00f5es que melhoraram, e muito a vida dos moradores de Mira\u00ed.<\/p>\n<p style=\"text-align: justify;\">\u201cMe orgulho profundamente de mostrar para todos o Projeto de Resolu\u00e7\u00e3o 021\/2018, que passou o im\u00f3vel localizado na antiga Av. Presidente M\u00e9dice, hoje, Manoel Tom\u00e1z Duarte, para a Prefeitura de Mira\u00ed. O im\u00f3vel em quest\u00e3o, onde funcionava o F\u00f3rum, era da C\u00e2mara e foi doado para o Estado montar o F\u00f3rum de nossa comarca. Na \u00e9poca, solicitei ao assessor jur\u00eddico do Legislativo, Dr. Jo\u00e3o Batista de Andrade, e repassei o terreno de volta para a prefeitura esperando que poderia ser constru\u00eddo ali uma obra onde se encaixasse diversas atividades do munic\u00edpio, como o CAPS, a Delegacia da Pol\u00edcia Militar, ou uma Unidade de Sa\u00fade. Ent\u00e3o gostaria que as pessoas ficassem sabendo dessas minhas indica\u00e7\u00f5es.\u201d<\/p>\n<p><!--more--><\/p>\n<p style=\"text-align: justify;\">Sap\u00e9, como prefere ser chamado, explica os motivos que o levaram a se empenhar no projeto. \u201cComo leg\u00edtimo representante do povo, quero dizer a voc\u00eas, cidad\u00e3os de Mira\u00ed, que repassei o im\u00f3vel para a prefeitura, porque consegui trazer o F\u00f3rum novamente para a C\u00e2mara, ent\u00e3o n\u00e3o havia necessidade que esse im\u00f3vel, continuasse com ele. Isso vai ajudar estrondosamente o Munic\u00edpio, at\u00e9 no futuro, porque l\u00e1, pode ser constru\u00edda uma Secretaria de Desenvolvimento Social, para atender a toda popula\u00e7\u00e3o miraiense, agora nesse momento de pandemia do Novo Coronav\u00edrus, com certeza ajudaria muitas pessoas e tamb\u00e9m ao Hospital S\u00e3o Vicente de Paulo, porque o trabalho do vereador \u00e9 isso a\u00ed, fiscalizar e cobrar de executivo. Agrade\u00e7o a todos os vereadores que me ajudaram na aprova\u00e7\u00e3o desse projeto e mandar um abra\u00e7o para o pessoal do bairro Argeu Botelho, porque falar dele me orgulha profundamente, ele deixou seu legado. Quero dizer, em suas palavras, que se n\u00f3s nascemos n\u00f3s vivemos; se n\u00f3s vivemos, n\u00f3s crescemos; a vida \u00e9 curta, mas ela \u00e9 bela e temos que saber viver ela. O vento vem, que \u00e9 a morte; as flores morrem, que s\u00e3o os nossos entes queridos e n\u00f3s temos que saber viver s\u00f3. E ele, Sr. Argeu, vai permanecer na lembran\u00e7a assim como todos os nossos amigos.\u201d<\/p>\n<p style=\"text-align: justify;\">O vereador lembra a Indica\u00e7\u00e3o 036\/ 2019, pedindo melhorias para a &nbsp;Rua Afonso Alves Pereira, \u201cme orgulho de tamb\u00e9m falar esse nome, porque ele deixou um grande legado como empres\u00e1rio bem sucedido em Mira\u00ed.\u201d A Indica\u00e7\u00e3o 196\/2017 solicita academias ao ar livre para os bairros, Jacar\u00e9, Tab\u00f5es, Indai\u00e1, Monte Verde, atendendo a solicita\u00e7\u00e3o dos moradores. \u201cPedi para todos os bairros, e isso j\u00e1 foi concretizado e n\u00e3o poderia deixar de agradecer o Isauro Calais, que nos ajudou muito, ex-deputado estadual, que fez um trabalho com muita transpar\u00eancia e muito ajudou Mira\u00ed.\u201d<\/p>\n<p style=\"text-align: justify;\">Sap\u00e9 tamb\u00e9m \u00e9 autor da indica\u00e7\u00e3o de 003\/2018. \u201cum grande abra\u00e7o para o povo de Dores da Vit\u00f3ria, Patrim\u00f4nio, Jacar\u00e9, S\u00e3o Jos\u00e9 do Alegre e Santo Ant\u00f4nio do Rio Preto. Quero deixar registrado aqui um pedido que fiz e foi concretizado, o asfaltamento ou cal\u00e7amento de todas as ruas desses bairros entre outros.\u201d O vereador tamb\u00e9m mostrou a indica\u00e7\u00e3o 006\/\/2019 que trata da complementa\u00e7\u00e3o do cal\u00e7amento\/ asfaltamento das ruas do bairro Jacar\u00e9, Indai\u00e1, Tab\u00f5es, Tucano e Monte Verde. \u201cQuero que o povo saiba que eu pe\u00e7o para todos os bairros e a execu\u00e7\u00e3o fica por conta do Sr. Prefeito. Pedi tamb\u00e9m que sejam feitas galerias pluviais, para n\u00e3o deixar as \u00e1guas correrem nas ruas, prejudicando a popula\u00e7\u00e3o. Fico feliz com isso porque o povo merece.\u201d&nbsp;&nbsp;<\/p>\n<p style=\"text-align: justify;\">\u201cQuero tamb\u00e9m desejar muita sa\u00fade e muita paz para toda popula\u00e7\u00e3o miraiense. Quero agradecer o Executivo por ter me atendido nessas indica\u00e7\u00f5es, n\u00e3o fiz s\u00f3 uma, mas v\u00e1rias. Pedi por todos os bairros e sempre que recebo indica\u00e7\u00f5es da popula\u00e7\u00e3o, o povo pode contar que farei o poss\u00edvel para ajudar\u201d, conclui o vereador Sap\u00e9.<\/p>\n<p style=\"text-align: justify;\">&nbsp;<\/p>\n<p><a href=\"http:\/\/folhadosudeste.com\/site\/wp-content\/uploads\/2020\/06\/DSC_0025.jpg\"><img loading=\"lazy\" decoding=\"async\" class=\"alignnone size-full wp-image-71008\" src=\"http:\/\/folhadosudeste.com\/site\/wp-content\/uploads\/2020\/06\/DSC_0025.jpg\" alt=\"\" width=\"2048\" height=\"1356\" srcset=\"http:\/\/folhadosudeste.com\/site\/wp-content\/uploads\/2020\/06\/DSC_0025.jpg 2048w, http:\/\/folhadosudeste.com\/site\/wp-content\/uploads\/2020\/06\/DSC_0025-300x199.jpg 300w, http:\/\/folhadosudeste.com\/site\/wp-content\/uploads\/2020\/06\/DSC_0025-768x509.jpg 768w, http:\/\/folhadosudeste.com\/site\/wp-content\/uploads\/2020\/06\/DSC_0025-1024x678.jpg 1024w, http:\/\/folhadosudeste.com\/site\/wp-content\/uploads\/2020\/06\/DSC_0025-120x80.jpg 120w, http:\/\/folhadosudeste.com\/site\/wp-content\/uploads\/2020\/06\/DSC_0025-590x390.jpg 590w\" sizes=\"auto, (max-width: 2048px) 100vw, 2048px\" \/><\/a><\/p>\n","protected":false},"excerpt":{"rendered":"<p>Oswaldo Alves Felipe, mais conhecido por Sap\u00e9, \u00e9 um vereador atuante que faz quest\u00e3o de mostrar seu trabalho constante em favor dos miraienses. Ele foi presidente da C\u00e2mara Municipal no bi\u00eanio 2017\/ 2018, e conta que com o apoio de assessores e seus pares, conseguiu fazer muito pela cidade. Nesta reportagem exclusiva ao jornal Folha [&hellip;]<\/p>\n","protected":false},"author":6,"featured_media":0,"comment_status":"open","ping_status":"closed","sticky":false,"template":"","format":"standard","meta":{"_joinchat":[],"footnotes":""},"categories":[1],"tags":[],"class_list":["post-71006","post","type-post","status-publish","format-standard","hentry","category-sem-categoria"],"_links":{"self":[{"href":"http:\/\/folhadosudeste.com\/site\/index.php?rest_route=\/wp\/v2\/posts\/71006","targetHints":{"allow":["GET"]}}],"collection":[{"href":"http:\/\/folhadosudeste.com\/site\/index.php?rest_route=\/wp\/v2\/posts"}],"about":[{"href":"http:\/\/folhadosudeste.com\/site\/index.php?rest_route=\/wp\/v2\/types\/post"}],"author":[{"embeddable":true,"href":"http:\/\/folhadosudeste.com\/site\/index.php?rest_route=\/wp\/v2\/users\/6"}],"replies":[{"embeddable":true,"href":"http:\/\/folhadosudeste.com\/site\/index.php?rest_route=%2Fwp%2Fv2%2Fcomments&post=71006"}],"version-history":[{"count":5,"href":"http:\/\/folhadosudeste.com\/site\/index.php?rest_route=\/wp\/v2\/posts\/71006\/revisions"}],"predecessor-version":[{"id":71369,"href":"http:\/\/folhadosudeste.com\/site\/index.php?rest_route=\/wp\/v2\/posts\/71006\/revisions\/71369"}],"wp:attachment":[{"href":"http:\/\/folhadosudeste.com\/site\/index.php?rest_route=%2Fwp%2Fv2%2Fmedia&parent=71006"}],"wp:term":[{"taxonomy":"category","embeddable":true,"href":"http:\/\/folhadosudeste.com\/site\/index.php?rest_route=%2Fwp%2Fv2%2Fcategories&post=71006"},{"taxonomy":"post_tag","embeddable":true,"href":"http:\/\/folhadosudeste.com\/site\/index.php?rest_route=%2Fwp%2Fv2%2Ftags&post=71006"}],"curies":[{"name":"wp","href":"https:\/\/api.w.org\/{rel}","templated":true}]}}