{"id":71010,"date":"2020-06-06T03:43:08","date_gmt":"2020-06-06T03:43:08","guid":{"rendered":"http:\/\/folhadosudeste.com\/site\/?p=71010"},"modified":"2020-06-06T03:43:08","modified_gmt":"2020-06-06T03:43:08","slug":"familia-que-contraiu-a-doenca-da-covid-19-em-muriae-ja-estao-todos-curados","status":"publish","type":"post","link":"http:\/\/folhadosudeste.com\/site\/?p=71010","title":{"rendered":"Fam\u00edlia que contraiu a doen\u00e7a da COVID-19 em Muria\u00e9 j\u00e1 est\u00e3o todos curados"},"content":{"rendered":"<p><a href=\"http:\/\/folhadosudeste.com\/site\/wp-content\/uploads\/2020\/06\/885317b8-1fb4-4ea1-812e-9f4b8e4273bc.jpg\"><img loading=\"lazy\" decoding=\"async\" class=\"alignnone size-full wp-image-71012\" src=\"http:\/\/folhadosudeste.com\/site\/wp-content\/uploads\/2020\/06\/885317b8-1fb4-4ea1-812e-9f4b8e4273bc.jpg\" alt=\"\" width=\"707\" height=\"530\" srcset=\"http:\/\/folhadosudeste.com\/site\/wp-content\/uploads\/2020\/06\/885317b8-1fb4-4ea1-812e-9f4b8e4273bc.jpg 707w, http:\/\/folhadosudeste.com\/site\/wp-content\/uploads\/2020\/06\/885317b8-1fb4-4ea1-812e-9f4b8e4273bc-300x225.jpg 300w\" sizes=\"auto, (max-width: 707px) 100vw, 707px\" \/><\/a><\/p>\n<p>Quinze pessoas de uma mesma fam\u00edlia foram contaminadas pela COVID- 19 e todos conseguiram se livrar da doen\u00e7a e est\u00e3o saud\u00e1veis novamente. A fam\u00edlia que \u00e9 muito unida, mora na Rua Alberto Jos\u00e9 Ferreira, continua\u00e7\u00e3o da Silas Macedo no loteamento S\u00e3o Vicente de Paulo entre o Planalto e o Safira. Quem conta a hist\u00f3ria de supera\u00e7\u00e3o pessoalmente a reportagem do jornal Folha do Sudeste \u00e9 Maria da Gl\u00f3ria Maciel Marinho, a Glorinha, que falou em nome da fam\u00edlia e comemorou a alegria de estarem todos bem.<\/p>\n<p>\u201cA primeira coisa que quero colocar \u00e9 que ningu\u00e9m ficou internado. A minha m\u00e3e foi a primeira a ser diagnosticada. Desconfiamos, porque ela tinha sintomas de gripe e um inquilino nosso que usava \u00e1reas em comum do quintal, e havia se mudado h\u00e1 pouco tempo, infelizmente, foi a primeira pessoa a falecer por COVID-19 em Muria\u00e9. No princ\u00edpio a gente leva um choque, quando a m\u00e9dica d\u00e1 a not\u00edcia, mas gra\u00e7as a Deus tivemos for\u00e7a, porque Ele nos sustentou o tempo todo.\u201d<\/p>\n<p><!--more--><\/p>\n<p>Glorinha continua a hist\u00f3ria dizendo como passou pelo processo. \u201cEu senti muito enjoo, muita fraqueza, \u00e0s vezes ficava deitada o dia todo, mas sei que Deus estava ali, me sustentando, por isso, em momento nenhum eu fiquei com depress\u00e3o ou entrei em p\u00e2nico. A minha m\u00e3e tamb\u00e9m e meus irm\u00e3os. Todos foram pegando a doen\u00e7a, um por um, mas permanecemos unidos. Eles falam: voc\u00ea tem que isolar dentro de um quarto, mas quando a pessoa faz isso \u00e9 muito pior. Gra\u00e7as a Deus todos pegamos de uma vez, porque assim ficamos todos juntos. Eu melhorava, descia na casa da minha m\u00e3e, conversava e me sentia melhor, se precisasse ficar trancada seria pior.\u201d<\/p>\n<p>Glorinha faz quest\u00e3o de afirmar que ningu\u00e9m na fam\u00edlia saiu, ou foi para a rua. \u201cEu apenas atravessava a rua, mas de m\u00e1scara, para ver a minha m\u00e3e. Eu acho que minha m\u00e3e foi a primeira a pegar a doen\u00e7a, porque ela sentiu os sintomas de gripe primeiro. Depois minha irm\u00e3 pegou e todos foram pegando. E agora todos estamos bem e curados para a Honra e Gl\u00f3ria do Senhor Jesus. Porque Deus \u00e9 muito poderoso e s\u00f3 Ele para nos livrar nessa hora.\u201d<\/p>\n<p>A respeito da testagem, ela explica que nem todos conseguiram ser testados, porque o valor do exame \u00e9 alto. \u201cNem todos fizemos o teste, porque \u00e9 muito caro. Acho que esse teste deveria ser de gra\u00e7a, assim, todos saberiam quem est\u00e1 e que n\u00e3o est\u00e1 com a doen\u00e7a. Porque as pessoas podem estar contaminadas, n\u00e3o saber e ao ir para a rua contaminar outras pessoas. N\u00f3s tivemos que pagar o teste para saber se era COVID-19, R$ 250,00 cada um, porque n\u00e3o conseguimos fazer de gra\u00e7a. Ent\u00e3o s\u00f3 alguns testaram. Quem n\u00e3o tem condi\u00e7\u00f5es ou fica isolado ou transmite o v\u00edrus.\u201d<\/p>\n<p>Onedir Alves Maciel, de 78 anos, m\u00e3e de Glorinha, conta como passou pela doen\u00e7a. \u201cDeus usou minha m\u00e9dica que mandou eu fazer os exames, confirmou a doen\u00e7a e fez ela passar os rem\u00e9dios certos pra mim. Antibi\u00f3ticos, anticoagulantes e penicilina. Tive dor no corpo, coriza, e um pouco de febre, mas muito pouco. Tinha vontade de ficar deitada e quietinha. Foram 15 pessoas com sintomas na minha fam\u00edlia, mas seis confirmados, porque nem todos conseguiram pagar para fazer os exames. Ficamos muito unidos, e quem estava melhor cuidava do outro. Minha filha Isabel, que trabalha numa loja de departamentos aqui na cidade, estava melhor e cuidava muito de mim.\u201d<\/p>\n<p>Glorinha fez quest\u00e3o de deixar uma mensagem de otimismo. \u201cDeixe de assistir notici\u00e1rios, procure um programa evang\u00e9lico, eles mostram as pessoas curadas da COVID-19 e isso nos fortalece. Colocar Deus em primeiro lugar \u00e9 muito importante, s\u00f3 Ele para nos ajudar, porque os m\u00e9dicos existem por Deus, ent\u00e3o vamos ao m\u00e9dico, mas quem usa o m\u00e9dico \u00e9 Deus, que encaminha tudo e nos d\u00e1 suporte, porque se tiver medo \u00e9 pior.\u201d<\/p>\n<p><a href=\"http:\/\/folhadosudeste.com\/site\/wp-content\/uploads\/2020\/06\/DSC_0003-1.jpg\"><img loading=\"lazy\" decoding=\"async\" class=\"alignnone size-full wp-image-71013\" src=\"http:\/\/folhadosudeste.com\/site\/wp-content\/uploads\/2020\/06\/DSC_0003-1.jpg\" alt=\"\" width=\"2048\" height=\"1356\" srcset=\"http:\/\/folhadosudeste.com\/site\/wp-content\/uploads\/2020\/06\/DSC_0003-1.jpg 2048w, http:\/\/folhadosudeste.com\/site\/wp-content\/uploads\/2020\/06\/DSC_0003-1-300x199.jpg 300w, http:\/\/folhadosudeste.com\/site\/wp-content\/uploads\/2020\/06\/DSC_0003-1-768x509.jpg 768w, http:\/\/folhadosudeste.com\/site\/wp-content\/uploads\/2020\/06\/DSC_0003-1-1024x678.jpg 1024w, http:\/\/folhadosudeste.com\/site\/wp-content\/uploads\/2020\/06\/DSC_0003-1-120x80.jpg 120w, http:\/\/folhadosudeste.com\/site\/wp-content\/uploads\/2020\/06\/DSC_0003-1-590x390.jpg 590w\" sizes=\"auto, (max-width: 2048px) 100vw, 2048px\" \/><\/a><\/p>\n","protected":false},"excerpt":{"rendered":"<p>Quinze pessoas de uma mesma fam\u00edlia foram contaminadas pela COVID- 19 e todos conseguiram se livrar da doen\u00e7a e est\u00e3o saud\u00e1veis novamente. A fam\u00edlia que \u00e9 muito unida, mora na Rua Alberto Jos\u00e9 Ferreira, continua\u00e7\u00e3o da Silas Macedo no loteamento S\u00e3o Vicente de Paulo entre o Planalto e o Safira. Quem conta a hist\u00f3ria de [&hellip;]<\/p>\n","protected":false},"author":6,"featured_media":0,"comment_status":"open","ping_status":"closed","sticky":false,"template":"","format":"standard","meta":{"_joinchat":[],"footnotes":""},"categories":[1],"tags":[],"class_list":["post-71010","post","type-post","status-publish","format-standard","hentry","category-sem-categoria"],"_links":{"self":[{"href":"http:\/\/folhadosudeste.com\/site\/index.php?rest_route=\/wp\/v2\/posts\/71010","targetHints":{"allow":["GET"]}}],"collection":[{"href":"http:\/\/folhadosudeste.com\/site\/index.php?rest_route=\/wp\/v2\/posts"}],"about":[{"href":"http:\/\/folhadosudeste.com\/site\/index.php?rest_route=\/wp\/v2\/types\/post"}],"author":[{"embeddable":true,"href":"http:\/\/folhadosudeste.com\/site\/index.php?rest_route=\/wp\/v2\/users\/6"}],"replies":[{"embeddable":true,"href":"http:\/\/folhadosudeste.com\/site\/index.php?rest_route=%2Fwp%2Fv2%2Fcomments&post=71010"}],"version-history":[{"count":1,"href":"http:\/\/folhadosudeste.com\/site\/index.php?rest_route=\/wp\/v2\/posts\/71010\/revisions"}],"predecessor-version":[{"id":71014,"href":"http:\/\/folhadosudeste.com\/site\/index.php?rest_route=\/wp\/v2\/posts\/71010\/revisions\/71014"}],"wp:attachment":[{"href":"http:\/\/folhadosudeste.com\/site\/index.php?rest_route=%2Fwp%2Fv2%2Fmedia&parent=71010"}],"wp:term":[{"taxonomy":"category","embeddable":true,"href":"http:\/\/folhadosudeste.com\/site\/index.php?rest_route=%2Fwp%2Fv2%2Fcategories&post=71010"},{"taxonomy":"post_tag","embeddable":true,"href":"http:\/\/folhadosudeste.com\/site\/index.php?rest_route=%2Fwp%2Fv2%2Ftags&post=71010"}],"curies":[{"name":"wp","href":"https:\/\/api.w.org\/{rel}","templated":true}]}}