{"id":71029,"date":"2020-06-06T14:46:04","date_gmt":"2020-06-06T14:46:04","guid":{"rendered":"http:\/\/folhadosudeste.com\/site\/?p=71029"},"modified":"2020-06-06T14:48:04","modified_gmt":"2020-06-06T14:48:04","slug":"prefeito-de-muriae-fez-pronunciamento-nesta-sexta-feira-sobre-o-coronavirus-e-flexibilizacao","status":"publish","type":"post","link":"http:\/\/folhadosudeste.com\/site\/?p=71029","title":{"rendered":"Prefeito de Muria\u00e9 fez pronunciamento nesta sexta-feira sobre o coronav\u00edrus e flexibiliza\u00e7\u00e3o"},"content":{"rendered":"<p>https:\/\/www.facebook.com\/gregomuriae\/videos\/566786537311576\/<\/p>\n<p><img decoding=\"async\" style=\"text-align: justify;\" src=\"http:\/\/www.silvanalves.com.br\/portal\/wp-content\/uploads\/2020\/06\/DSC_0056_707x471-1.jpg\"><\/p>\n<p style=\"text-align: justify;\">O prefeito de Muria\u00e9 Grego fez um pronunciamento neste in\u00edcio de sexta-feira sobre o coronav\u00edrus e medidas de flexibiliza\u00e7\u00e3o que vem sendo adotada no munic\u00edpio. O prefeito estava acompanhado do secret\u00e1rio de Sa\u00fade, Dr. Paulo C\u00e9sar de Oliveira e do m\u00e9dico infectologista, Dr. Daniel Licy<\/p>\n<p style=\"text-align: justify;\"><strong>VEJA O V\u00cdDEO NA \u00cdNTEGRA<\/strong><\/p>\n<p style=\"text-align: justify;\"><em><strong>Assuntos tratados<\/strong><\/em><\/p>\n<ul>\n<li style=\"text-align: justify;\">Programa Telemedicina para agilizar o diagn\u00f3stico sobre o Covid 19, custeada pelo Instituto Votorantim<\/li>\n<\/ul>\n<p><!--more--><\/p>\n<ul>\n<li style=\"text-align: justify;\">Muria\u00e9 Mais Consciente distribuiu mais de 16 mil m\u00e1scaras<\/li>\n<li style=\"text-align: justify;\">Audio irrespons\u00e1vel na internet dizendo que a cidade tem mais de 1 mil casos e citando nomes; no momento em que o Comit\u00ea e a Prefeitura trabalha para levar serenidade \u00e1s fam\u00edlias que tem doentes e tem perdas.<\/li>\n<li style=\"text-align: justify;\">Lockdown seria uma das medidas caso a situa\u00e7\u00e3o for fugindo do controle; \u00e9 preciso conscientiza\u00e7\u00e3o das pessoas.<\/li>\n<li style=\"text-align: justify;\">No momento h\u00e1 46 internados sendo 31 suspeitos e 15 positivos e 3 est\u00e3o na UTI.<\/li>\n<li style=\"text-align: justify;\">Ainda h\u00e1 o Pico da doen\u00e7a, \u00e9 a realidade<\/li>\n<li style=\"text-align: justify;\">Todos os laborat\u00f3rios particulares precisam notificar sobre o resultado do exame de Covid-19<\/li>\n<li style=\"text-align: justify;\">Secret\u00e1rio de Sa\u00fade foi firme na fala se dirigindo as pessoas que n\u00e3o est\u00e3o seguindo as normas e mal acreditando que h\u00e1 a doen\u00e7a<\/li>\n<li style=\"text-align: justify;\">Campos de futebol e quadras sendo utilizadas no munic\u00edpio de Muria\u00e9. Medidas dr\u00e1sticas ser\u00e3o tomadas<\/li>\n<li style=\"text-align: justify;\">Com\u00e9rcio funcionando sim, mas n\u00e3o pode abrir m\u00e3o de zelar pela sa\u00fada da popula\u00e7\u00e3o. \u00c9 preciso boa vontade de todos para que os dois desejos da sociedade convivam de forma harm\u00f4nica e complementar.<\/li>\n<li style=\"text-align: justify;\">Reuni\u00e3o Comit\u00ea Gestor passar\u00e1 para as quartas-feira<\/li>\n<li style=\"text-align: justify;\">Sa\u00fade da popula\u00e7\u00e3o estar\u00e1 em primeiro lugar<\/li>\n<li style=\"text-align: justify;\">Reconheceu o trabalho dos coveiros de Muria\u00e9 neste momento de Pandemia<\/li>\n<li style=\"text-align: justify;\">Nenhum segmento ter\u00e1 hor\u00e1rio estendido no Feriado do Dia dos Namorados<\/li>\n<\/ul>\n<p><!--more--><\/p>\n<p><em><strong>Fonte Silvan Alves<\/strong><\/em><\/p>\n","protected":false},"excerpt":{"rendered":"<p>https:\/\/www.facebook.com\/gregomuriae\/videos\/566786537311576\/ O prefeito de Muria\u00e9 Grego fez um pronunciamento neste in\u00edcio de sexta-feira sobre o coronav\u00edrus e medidas de flexibiliza\u00e7\u00e3o que vem sendo adotada no munic\u00edpio. O prefeito estava acompanhado do secret\u00e1rio de Sa\u00fade, Dr. Paulo C\u00e9sar de Oliveira e do m\u00e9dico infectologista, Dr. Daniel Licy VEJA O V\u00cdDEO NA \u00cdNTEGRA Assuntos tratados Programa Telemedicina [&hellip;]<\/p>\n","protected":false},"author":6,"featured_media":0,"comment_status":"open","ping_status":"closed","sticky":false,"template":"","format":"standard","meta":{"_joinchat":[],"footnotes":""},"categories":[1],"tags":[],"class_list":["post-71029","post","type-post","status-publish","format-standard","hentry","category-sem-categoria"],"_links":{"self":[{"href":"http:\/\/folhadosudeste.com\/site\/index.php?rest_route=\/wp\/v2\/posts\/71029","targetHints":{"allow":["GET"]}}],"collection":[{"href":"http:\/\/folhadosudeste.com\/site\/index.php?rest_route=\/wp\/v2\/posts"}],"about":[{"href":"http:\/\/folhadosudeste.com\/site\/index.php?rest_route=\/wp\/v2\/types\/post"}],"author":[{"embeddable":true,"href":"http:\/\/folhadosudeste.com\/site\/index.php?rest_route=\/wp\/v2\/users\/6"}],"replies":[{"embeddable":true,"href":"http:\/\/folhadosudeste.com\/site\/index.php?rest_route=%2Fwp%2Fv2%2Fcomments&post=71029"}],"version-history":[{"count":5,"href":"http:\/\/folhadosudeste.com\/site\/index.php?rest_route=\/wp\/v2\/posts\/71029\/revisions"}],"predecessor-version":[{"id":71034,"href":"http:\/\/folhadosudeste.com\/site\/index.php?rest_route=\/wp\/v2\/posts\/71029\/revisions\/71034"}],"wp:attachment":[{"href":"http:\/\/folhadosudeste.com\/site\/index.php?rest_route=%2Fwp%2Fv2%2Fmedia&parent=71029"}],"wp:term":[{"taxonomy":"category","embeddable":true,"href":"http:\/\/folhadosudeste.com\/site\/index.php?rest_route=%2Fwp%2Fv2%2Fcategories&post=71029"},{"taxonomy":"post_tag","embeddable":true,"href":"http:\/\/folhadosudeste.com\/site\/index.php?rest_route=%2Fwp%2Fv2%2Ftags&post=71029"}],"curies":[{"name":"wp","href":"https:\/\/api.w.org\/{rel}","templated":true}]}}