{"id":71055,"date":"2020-06-09T21:07:07","date_gmt":"2020-06-09T21:07:07","guid":{"rendered":"http:\/\/folhadosudeste.com\/site\/?p=71055"},"modified":"2020-06-09T21:10:48","modified_gmt":"2020-06-09T21:10:48","slug":"tragico-acidente-na-br-116-entre-muriae-e-bom-jesus-mata-muriaeense-de-36-anos","status":"publish","type":"post","link":"http:\/\/folhadosudeste.com\/site\/?p=71055","title":{"rendered":"Tr\u00e1gico acidente na BR-116 entre Muria\u00e9 e Bom Jesus, mata muriaeense de 36 anos"},"content":{"rendered":"<p><a href=\"http:\/\/folhadosudeste.com\/site\/wp-content\/uploads\/2020\/06\/FATAL2_707x392.jpg\"><img loading=\"lazy\" decoding=\"async\" class=\"alignnone size-full wp-image-71056\" src=\"http:\/\/folhadosudeste.com\/site\/wp-content\/uploads\/2020\/06\/FATAL2_707x392.jpg\" alt=\"\" width=\"707\" height=\"392\" srcset=\"http:\/\/folhadosudeste.com\/site\/wp-content\/uploads\/2020\/06\/FATAL2_707x392.jpg 707w, http:\/\/folhadosudeste.com\/site\/wp-content\/uploads\/2020\/06\/FATAL2_707x392-300x166.jpg 300w\" sizes=\"auto, (max-width: 707px) 100vw, 707px\" \/><\/a><\/p>\n<p><a href=\"http:\/\/folhadosudeste.com\/site\/wp-content\/uploads\/2020\/06\/FATAL6-1.jpg\"><img loading=\"lazy\" decoding=\"async\" class=\"size-full wp-image-71063 alignleft\" src=\"http:\/\/folhadosudeste.com\/site\/wp-content\/uploads\/2020\/06\/FATAL6-1.jpg\" alt=\"\" width=\"207\" height=\"278\"><\/a><\/p>\n<p style=\"text-align: justify;\">Mais uma fam\u00edlia muriaeense vive a trag\u00e9dia da estrada. Nesta segunda-feira (8), um muriaeense de apenas 36 anos de idade foi v\u00edtima fatal de um acidente na BR-116, entre a cidade de Muria\u00e9 e o distrito de Bom Jesus da Cachoeira, onde tem familiares e estaria indo buscar sua filha. O acidente tr\u00e1gico envolveu o ve\u00edculo do muriaeense, um Palio, placa de Muria\u00e9-MG (que viajava para a regi\u00e3o de Bom Jesus da Cachoeira) e uma Van, placa de Juiz de Fora (que viajando para S\u00e3o Jo\u00e3o do Manhua\u00e7u), quando tiveram um violento choque frontal.<\/p>\n<p style=\"text-align: justify;\">A Pol\u00edcia Rodovi\u00e1ria Federal, Corpo de Bombeiros e a Per\u00edcia T\u00e9cnica, foram para o local e tomaram todas as provid\u00eancias necess\u00e1rias e o corpo foi encaminhado para o IML de Muria\u00e9. Segundo as autoridades, a v\u00edtima fatal \u00e9 Tiago Concei\u00e7\u00e3o Soares, morador do bairro Alto do Castelo, em Muria\u00e9, e com familiares no distrito de Bom Jesus da Cachoeira. Foi informado tamb\u00e9m, que ele era um motorista experiente, caminhoneiro. <strong>Fonte Silvan Alves<\/strong><\/p>\n<p>&nbsp;<\/p>\n<p><!--more--><\/p>\n<p style=\"text-align: justify;\">\u201cCom base na an\u00e1lise dos vest\u00edgios identificados (fragmentos espalhados, marcas no leito da rodovia e avarias nos ve\u00edculos), constatou-se que o Fiat\/Palio, ao passar por uma curva a direita, em declive, descontrolou-se, invadiu a contram\u00e3o de dire\u00e7\u00e3o, colidindo frontalmente contra a I\/M.BENZ\u201d, ressalta a Pol\u00edcia Rodovi\u00e1ria Federal.<\/p>\n<p><a href=\"http:\/\/folhadosudeste.com\/site\/wp-content\/uploads\/2020\/06\/ACID-11_707x430.jpg\"><img loading=\"lazy\" decoding=\"async\" class=\"alignnone size-full wp-image-71057\" src=\"http:\/\/folhadosudeste.com\/site\/wp-content\/uploads\/2020\/06\/ACID-11_707x430.jpg\" alt=\"\" width=\"707\" height=\"430\" srcset=\"http:\/\/folhadosudeste.com\/site\/wp-content\/uploads\/2020\/06\/ACID-11_707x430.jpg 707w, http:\/\/folhadosudeste.com\/site\/wp-content\/uploads\/2020\/06\/ACID-11_707x430-300x182.jpg 300w\" sizes=\"auto, (max-width: 707px) 100vw, 707px\" \/><\/a> <a href=\"http:\/\/folhadosudeste.com\/site\/wp-content\/uploads\/2020\/06\/02_707x529.jpg\"><img loading=\"lazy\" decoding=\"async\" class=\"alignnone size-full wp-image-71058\" src=\"http:\/\/folhadosudeste.com\/site\/wp-content\/uploads\/2020\/06\/02_707x529.jpg\" alt=\"\" width=\"707\" height=\"529\" srcset=\"http:\/\/folhadosudeste.com\/site\/wp-content\/uploads\/2020\/06\/02_707x529.jpg 707w, http:\/\/folhadosudeste.com\/site\/wp-content\/uploads\/2020\/06\/02_707x529-300x224.jpg 300w\" sizes=\"auto, (max-width: 707px) 100vw, 707px\" \/><\/a> <a href=\"http:\/\/folhadosudeste.com\/site\/wp-content\/uploads\/2020\/06\/03_707x434.jpg\"><img loading=\"lazy\" decoding=\"async\" class=\"alignnone size-full wp-image-71059\" src=\"http:\/\/folhadosudeste.com\/site\/wp-content\/uploads\/2020\/06\/03_707x434.jpg\" alt=\"\" width=\"707\" height=\"434\" srcset=\"http:\/\/folhadosudeste.com\/site\/wp-content\/uploads\/2020\/06\/03_707x434.jpg 707w, http:\/\/folhadosudeste.com\/site\/wp-content\/uploads\/2020\/06\/03_707x434-300x184.jpg 300w\" sizes=\"auto, (max-width: 707px) 100vw, 707px\" \/><\/a> <a href=\"http:\/\/folhadosudeste.com\/site\/wp-content\/uploads\/2020\/06\/ACID-10_707x449.jpg\"><img loading=\"lazy\" decoding=\"async\" class=\"alignnone size-full wp-image-71060\" src=\"http:\/\/folhadosudeste.com\/site\/wp-content\/uploads\/2020\/06\/ACID-10_707x449.jpg\" alt=\"\" width=\"707\" height=\"449\" srcset=\"http:\/\/folhadosudeste.com\/site\/wp-content\/uploads\/2020\/06\/ACID-10_707x449.jpg 707w, http:\/\/folhadosudeste.com\/site\/wp-content\/uploads\/2020\/06\/ACID-10_707x449-300x191.jpg 300w\" sizes=\"auto, (max-width: 707px) 100vw, 707px\" \/><\/a><\/p>\n<p><a href=\"http:\/\/folhadosudeste.com\/site\/wp-content\/uploads\/2020\/06\/SERRA-8_707x393.jpg\"><img loading=\"lazy\" decoding=\"async\" class=\"alignnone size-full wp-image-71061\" src=\"http:\/\/folhadosudeste.com\/site\/wp-content\/uploads\/2020\/06\/SERRA-8_707x393.jpg\" alt=\"\" width=\"707\" height=\"393\" srcset=\"http:\/\/folhadosudeste.com\/site\/wp-content\/uploads\/2020\/06\/SERRA-8_707x393.jpg 707w, http:\/\/folhadosudeste.com\/site\/wp-content\/uploads\/2020\/06\/SERRA-8_707x393-300x167.jpg 300w\" sizes=\"auto, (max-width: 707px) 100vw, 707px\" \/><\/a> <a href=\"http:\/\/folhadosudeste.com\/site\/wp-content\/uploads\/2020\/06\/FATAL1_707x403.jpg\"><img loading=\"lazy\" decoding=\"async\" class=\"alignnone size-full wp-image-71062\" src=\"http:\/\/folhadosudeste.com\/site\/wp-content\/uploads\/2020\/06\/FATAL1_707x403.jpg\" alt=\"\" width=\"707\" height=\"403\" srcset=\"http:\/\/folhadosudeste.com\/site\/wp-content\/uploads\/2020\/06\/FATAL1_707x403.jpg 707w, http:\/\/folhadosudeste.com\/site\/wp-content\/uploads\/2020\/06\/FATAL1_707x403-300x171.jpg 300w\" sizes=\"auto, (max-width: 707px) 100vw, 707px\" \/><\/a><\/p>\n","protected":false},"excerpt":{"rendered":"<p>Mais uma fam\u00edlia muriaeense vive a trag\u00e9dia da estrada. Nesta segunda-feira (8), um muriaeense de apenas 36 anos de idade foi v\u00edtima fatal de um acidente na BR-116, entre a cidade de Muria\u00e9 e o distrito de Bom Jesus da Cachoeira, onde tem familiares e estaria indo buscar sua filha. O acidente tr\u00e1gico envolveu o [&hellip;]<\/p>\n","protected":false},"author":6,"featured_media":0,"comment_status":"open","ping_status":"closed","sticky":false,"template":"","format":"standard","meta":{"_joinchat":[],"footnotes":""},"categories":[1],"tags":[],"class_list":["post-71055","post","type-post","status-publish","format-standard","hentry","category-sem-categoria"],"_links":{"self":[{"href":"http:\/\/folhadosudeste.com\/site\/index.php?rest_route=\/wp\/v2\/posts\/71055","targetHints":{"allow":["GET"]}}],"collection":[{"href":"http:\/\/folhadosudeste.com\/site\/index.php?rest_route=\/wp\/v2\/posts"}],"about":[{"href":"http:\/\/folhadosudeste.com\/site\/index.php?rest_route=\/wp\/v2\/types\/post"}],"author":[{"embeddable":true,"href":"http:\/\/folhadosudeste.com\/site\/index.php?rest_route=\/wp\/v2\/users\/6"}],"replies":[{"embeddable":true,"href":"http:\/\/folhadosudeste.com\/site\/index.php?rest_route=%2Fwp%2Fv2%2Fcomments&post=71055"}],"version-history":[{"count":2,"href":"http:\/\/folhadosudeste.com\/site\/index.php?rest_route=\/wp\/v2\/posts\/71055\/revisions"}],"predecessor-version":[{"id":71066,"href":"http:\/\/folhadosudeste.com\/site\/index.php?rest_route=\/wp\/v2\/posts\/71055\/revisions\/71066"}],"wp:attachment":[{"href":"http:\/\/folhadosudeste.com\/site\/index.php?rest_route=%2Fwp%2Fv2%2Fmedia&parent=71055"}],"wp:term":[{"taxonomy":"category","embeddable":true,"href":"http:\/\/folhadosudeste.com\/site\/index.php?rest_route=%2Fwp%2Fv2%2Fcategories&post=71055"},{"taxonomy":"post_tag","embeddable":true,"href":"http:\/\/folhadosudeste.com\/site\/index.php?rest_route=%2Fwp%2Fv2%2Ftags&post=71055"}],"curies":[{"name":"wp","href":"https:\/\/api.w.org\/{rel}","templated":true}]}}