{"id":71082,"date":"2020-06-10T23:29:17","date_gmt":"2020-06-10T23:29:17","guid":{"rendered":"http:\/\/folhadosudeste.com\/site\/?p=71082"},"modified":"2020-06-11T03:50:26","modified_gmt":"2020-06-11T03:50:26","slug":"71082","status":"publish","type":"post","link":"http:\/\/folhadosudeste.com\/site\/?p=71082","title":{"rendered":"COLUNA SOCIAL"},"content":{"rendered":"<h5 style=\"text-align: justify;\">Mesvers\u00e1rio de Gael<\/h5>\n<p style=\"text-align: justify;\"><a href=\"http:\/\/folhadosudeste.com\/site\/wp-content\/uploads\/2020\/06\/gael-2.jpg\"><img loading=\"lazy\" decoding=\"async\" class=\"alignnone wp-image-71092\" src=\"http:\/\/folhadosudeste.com\/site\/wp-content\/uploads\/2020\/06\/gael-2.jpg\" alt=\"\" width=\"447\" height=\"671\" srcset=\"http:\/\/folhadosudeste.com\/site\/wp-content\/uploads\/2020\/06\/gael-2.jpg 853w, http:\/\/folhadosudeste.com\/site\/wp-content\/uploads\/2020\/06\/gael-2-200x300.jpg 200w, http:\/\/folhadosudeste.com\/site\/wp-content\/uploads\/2020\/06\/gael-2-768x1152.jpg 768w, http:\/\/folhadosudeste.com\/site\/wp-content\/uploads\/2020\/06\/gael-2-682x1024.jpg 682w\" sizes=\"auto, (max-width: 447px) 100vw, 447px\" \/><\/a> <a href=\"http:\/\/folhadosudeste.com\/site\/wp-content\/uploads\/2020\/06\/gael.jpg\"><img loading=\"lazy\" decoding=\"async\" class=\"alignnone wp-image-71093\" src=\"http:\/\/folhadosudeste.com\/site\/wp-content\/uploads\/2020\/06\/gael.jpg\" alt=\"\" width=\"445\" height=\"333\" srcset=\"http:\/\/folhadosudeste.com\/site\/wp-content\/uploads\/2020\/06\/gael.jpg 1280w, http:\/\/folhadosudeste.com\/site\/wp-content\/uploads\/2020\/06\/gael-300x225.jpg 300w, http:\/\/folhadosudeste.com\/site\/wp-content\/uploads\/2020\/06\/gael-768x576.jpg 768w, http:\/\/folhadosudeste.com\/site\/wp-content\/uploads\/2020\/06\/gael-1024x768.jpg 1024w\" sizes=\"auto, (max-width: 445px) 100vw, 445px\" \/><\/a><\/p>\n<p style=\"text-align: justify;\">\u00c9 com muito prazer que divulgamos aqui na nossa coluna social e tamb\u00e9m nas nossas redes sociais, o mesvers\u00e1rio do menino Gael, ele completou dois meses de vida de dia 8 de junho. No dia 8 de abril de 2020, para alegria da mam\u00e3e Julia Lima, do papai Emerson e de toda fam\u00edlia nascia os anjinhos Th\u00e9o e Gael, mas Papai do C\u00e9u quis que o Th\u00e9o fosse morar com Ele e o Gael ficou para trazer luz, esperan\u00e7a e muita for\u00e7a para seus pais, com certeza Th\u00e9o est\u00e1 muito feliz, olhando aqui pra terra e vendo a alegria de seu irm\u00e3ozinho e de seus pais em cada gesto e atitude vivido por eles. Parab\u00e9ns ao guerreiro Gael! Que Deus continue te sustentando com muita sa\u00fade e sabedoria para continuar sua miss\u00e3o, j\u00e1 o Th\u00e9o estar\u00e1 sempre presente na mem\u00f3ria e no cora\u00e7\u00e3o de todos.<\/p>\n<p><!--more--><\/p>\n<h5 style=\"text-align: justify;\">Parab\u00e9ns Albina<\/h5>\n<p style=\"text-align: justify;\"><a href=\"http:\/\/folhadosudeste.com\/site\/wp-content\/uploads\/2020\/06\/B9E94C53-CC1C-425D-86F8-DF38EB605409.jpeg\"><img loading=\"lazy\" decoding=\"async\" class=\"alignnone size-full wp-image-71120\" src=\"http:\/\/folhadosudeste.com\/site\/wp-content\/uploads\/2020\/06\/B9E94C53-CC1C-425D-86F8-DF38EB605409.jpeg\" alt=\"\" width=\"400\" height=\"644\" srcset=\"http:\/\/folhadosudeste.com\/site\/wp-content\/uploads\/2020\/06\/B9E94C53-CC1C-425D-86F8-DF38EB605409.jpeg 400w, http:\/\/folhadosudeste.com\/site\/wp-content\/uploads\/2020\/06\/B9E94C53-CC1C-425D-86F8-DF38EB605409-186x300.jpeg 186w\" sizes=\"auto, (max-width: 400px) 100vw, 400px\" \/><\/a><\/p>\n<p style=\"text-align: justify;\">Em tempo, parabenizamos a nossa amiga e assinante fiel, Albina Furlani pela passagem de seu anivers\u00e1rio no dia 22 de maio. Ela recebeu os parab\u00e9ns de todos os amigos e familiares. Receba tamb\u00e9m o abra\u00e7o carinhoso da equipe Folha do Sudeste, com desejos de felicidades e que Deus lhe conceda muitos anos de vida com sa\u00fade. Parab\u00e9ns!<\/p>\n<h5 style=\"text-align: justify;\">Parab\u00e9ns tio Baldanza!<\/h5>\n<p style=\"text-align: justify;\"><a href=\"http:\/\/folhadosudeste.com\/site\/wp-content\/uploads\/2020\/06\/tio-baldanza.jpg\"><img loading=\"lazy\" decoding=\"async\" class=\"alignnone wp-image-71087\" src=\"http:\/\/folhadosudeste.com\/site\/wp-content\/uploads\/2020\/06\/tio-baldanza.jpg\" alt=\"\" width=\"396\" height=\"395\" srcset=\"http:\/\/folhadosudeste.com\/site\/wp-content\/uploads\/2020\/06\/tio-baldanza.jpg 960w, http:\/\/folhadosudeste.com\/site\/wp-content\/uploads\/2020\/06\/tio-baldanza-150x150.jpg 150w, http:\/\/folhadosudeste.com\/site\/wp-content\/uploads\/2020\/06\/tio-baldanza-300x300.jpg 300w, http:\/\/folhadosudeste.com\/site\/wp-content\/uploads\/2020\/06\/tio-baldanza-768x766.jpg 768w\" sizes=\"auto, (max-width: 396px) 100vw, 396px\" \/><\/a><\/p>\n<p style=\"text-align: justify;\">Parabenizamos o nosso grande amigo, o professor de Educa\u00e7\u00e3o F\u00edsica Carlos Baldanza, o qual carinhosamente chamamos de Tio Baldanza, que aniversariou no dia 8 de junho. Tio Baldanza recebeu os parab\u00e9ns da esposa Selma, dos filhos Bruno, Hugo e Amanda, de toda fam\u00edlia e de muitos amigos nas redes sociais. Receba tamb\u00e9m um abra\u00e7o da fam\u00edlia Folha do Sudeste. Desejamos tudo de bom e que Deus lhe conceda muitos e muitos anos de vida.<\/p>\n<h5 style=\"text-align: justify;\">Parab\u00e9ns Selma!<\/h5>\n<p style=\"text-align: justify;\"><a href=\"http:\/\/folhadosudeste.com\/site\/wp-content\/uploads\/2020\/06\/selma.jpg\"><img loading=\"lazy\" decoding=\"async\" class=\"alignnone wp-image-71090\" src=\"http:\/\/folhadosudeste.com\/site\/wp-content\/uploads\/2020\/06\/selma.jpg\" alt=\"\" width=\"419\" height=\"674\" srcset=\"http:\/\/folhadosudeste.com\/site\/wp-content\/uploads\/2020\/06\/selma.jpg 916w, http:\/\/folhadosudeste.com\/site\/wp-content\/uploads\/2020\/06\/selma-186x300.jpg 186w, http:\/\/folhadosudeste.com\/site\/wp-content\/uploads\/2020\/06\/selma-768x1236.jpg 768w, http:\/\/folhadosudeste.com\/site\/wp-content\/uploads\/2020\/06\/selma-636x1024.jpg 636w\" sizes=\"auto, (max-width: 419px) 100vw, 419px\" \/><\/a><\/p>\n<p style=\"text-align: justify;\">Parabenizamos a empres\u00e1ria Selma Salum (leia-se Churrascaria Serra do Sol) que comemorou idade nova no dia 7 de junho. Ela recebeu os parab\u00e9ns de seu esposo Jos\u00e9 Alberto Salum, da filha Nath\u00e1lia e do filho Neto, de amigos e familiares. Receba tamb\u00e9m os nossos sinceros votos de felicidades e que possa comemorar muitos e muitos anos de vida com sa\u00fade!<\/p>\n","protected":false},"excerpt":{"rendered":"<p>Mesvers\u00e1rio de Gael \u00c9 com muito prazer que divulgamos aqui na nossa coluna social e tamb\u00e9m nas nossas redes sociais, o mesvers\u00e1rio do menino Gael, ele completou dois meses de vida de dia 8 de junho. No dia 8 de abril de 2020, para alegria da mam\u00e3e Julia Lima, do papai Emerson e de toda [&hellip;]<\/p>\n","protected":false},"author":6,"featured_media":0,"comment_status":"open","ping_status":"closed","sticky":false,"template":"","format":"standard","meta":{"_joinchat":[],"footnotes":""},"categories":[1],"tags":[],"class_list":["post-71082","post","type-post","status-publish","format-standard","hentry","category-sem-categoria"],"_links":{"self":[{"href":"http:\/\/folhadosudeste.com\/site\/index.php?rest_route=\/wp\/v2\/posts\/71082","targetHints":{"allow":["GET"]}}],"collection":[{"href":"http:\/\/folhadosudeste.com\/site\/index.php?rest_route=\/wp\/v2\/posts"}],"about":[{"href":"http:\/\/folhadosudeste.com\/site\/index.php?rest_route=\/wp\/v2\/types\/post"}],"author":[{"embeddable":true,"href":"http:\/\/folhadosudeste.com\/site\/index.php?rest_route=\/wp\/v2\/users\/6"}],"replies":[{"embeddable":true,"href":"http:\/\/folhadosudeste.com\/site\/index.php?rest_route=%2Fwp%2Fv2%2Fcomments&post=71082"}],"version-history":[{"count":3,"href":"http:\/\/folhadosudeste.com\/site\/index.php?rest_route=\/wp\/v2\/posts\/71082\/revisions"}],"predecessor-version":[{"id":71121,"href":"http:\/\/folhadosudeste.com\/site\/index.php?rest_route=\/wp\/v2\/posts\/71082\/revisions\/71121"}],"wp:attachment":[{"href":"http:\/\/folhadosudeste.com\/site\/index.php?rest_route=%2Fwp%2Fv2%2Fmedia&parent=71082"}],"wp:term":[{"taxonomy":"category","embeddable":true,"href":"http:\/\/folhadosudeste.com\/site\/index.php?rest_route=%2Fwp%2Fv2%2Fcategories&post=71082"},{"taxonomy":"post_tag","embeddable":true,"href":"http:\/\/folhadosudeste.com\/site\/index.php?rest_route=%2Fwp%2Fv2%2Ftags&post=71082"}],"curies":[{"name":"wp","href":"https:\/\/api.w.org\/{rel}","templated":true}]}}