{"id":71122,"date":"2020-06-11T14:17:40","date_gmt":"2020-06-11T14:17:40","guid":{"rendered":"http:\/\/folhadosudeste.com\/site\/?p=71122"},"modified":"2020-06-11T15:10:35","modified_gmt":"2020-06-11T15:10:35","slug":"celebracao-de-corpus-christi-paroquia-santa-cruz","status":"publish","type":"post","link":"http:\/\/folhadosudeste.com\/site\/?p=71122","title":{"rendered":"Celebra\u00e7\u00e3o de Corpus Christi: Par\u00f3quia Santa Cruz"},"content":{"rendered":"<div style=\"width: 640px;\" class=\"wp-video\"><!--[if lt IE 9]><script>document.createElement('video');<\/script><![endif]-->\n<video class=\"wp-video-shortcode\" id=\"video-71122-1\" width=\"640\" height=\"352\" preload=\"metadata\" controls=\"controls\"><source type=\"video\/mp4\" src=\"http:\/\/folhadosudeste.com\/site\/wp-content\/uploads\/2020\/06\/WhatsApp-Video-2020-06-11-at-11.26.43.mp4?_=1\" \/><a href=\"http:\/\/folhadosudeste.com\/site\/wp-content\/uploads\/2020\/06\/WhatsApp-Video-2020-06-11-at-11.26.43.mp4\">http:\/\/folhadosudeste.com\/site\/wp-content\/uploads\/2020\/06\/WhatsApp-Video-2020-06-11-at-11.26.43.mp4<\/a><\/video><\/div>\n<p><a href=\"http:\/\/folhadosudeste.com\/site\/wp-content\/uploads\/2020\/06\/quinta-feira.jpg\"><img loading=\"lazy\" decoding=\"async\" class=\"alignnone size-full wp-image-71124\" src=\"http:\/\/folhadosudeste.com\/site\/wp-content\/uploads\/2020\/06\/quinta-feira.jpg\" alt=\"\" width=\"774\" height=\"1032\" srcset=\"http:\/\/folhadosudeste.com\/site\/wp-content\/uploads\/2020\/06\/quinta-feira.jpg 774w, http:\/\/folhadosudeste.com\/site\/wp-content\/uploads\/2020\/06\/quinta-feira-225x300.jpg 225w, http:\/\/folhadosudeste.com\/site\/wp-content\/uploads\/2020\/06\/quinta-feira-768x1024.jpg 768w\" sizes=\"auto, (max-width: 774px) 100vw, 774px\" \/><\/a><\/p>\n<p style=\"text-align: justify;\">Aconteceu nesta amanh\u00e3 11 de Junho a Celebra\u00e7\u00e3o de Corpus Christi da Par\u00f3quia Santa Cruz. O P\u00e1roco Pe. Paulo Roberto, passou em todas as comunidades aben\u00e7oando com o Sant\u00edssimo as pessoas nas portas das Igrejas. Iniciando \u00e1s 8 da manh\u00e3 na Comunidade Sagrada&nbsp; Fam\u00edlia, seguindo para S\u00e3o Jos\u00e9 de Anchieta, Frederico Ozanan (Planalto); Santo Expedito (Cer\u00e2mica); Matriz S\u00e3o Jos\u00e9 Oper\u00e1rio (Safira); Santa Rita de C\u00e1ssia (Coleti); Bom Pastor (Primavera); Nossa Senhora Aparecida( Jo\u00e3o XXIII &#8211; Parte Alta) e encerrando na Igreja S\u00e3o Jo\u00e3o Evangelista no Bairro Jo\u00e3o XXIII. Foi um momento \u00fanico com a presen\u00e7a real de Jesus Cristo na Eucaristia.&nbsp; &nbsp; &nbsp;<\/p>\n<p><!--more--><\/p>\n<p><a href=\"http:\/\/folhadosudeste.com\/site\/wp-content\/uploads\/2020\/06\/igreja.jpg\"><img loading=\"lazy\" decoding=\"async\" class=\"alignnone size-full wp-image-71125\" src=\"http:\/\/folhadosudeste.com\/site\/wp-content\/uploads\/2020\/06\/igreja.jpg\" alt=\"\" width=\"774\" height=\"1032\" srcset=\"http:\/\/folhadosudeste.com\/site\/wp-content\/uploads\/2020\/06\/igreja.jpg 774w, http:\/\/folhadosudeste.com\/site\/wp-content\/uploads\/2020\/06\/igreja-225x300.jpg 225w, http:\/\/folhadosudeste.com\/site\/wp-content\/uploads\/2020\/06\/igreja-768x1024.jpg 768w\" sizes=\"auto, (max-width: 774px) 100vw, 774px\" \/><\/a><\/p>\n<p><a href=\"http:\/\/folhadosudeste.com\/site\/wp-content\/uploads\/2020\/06\/quinta.jpg\"><img loading=\"lazy\" decoding=\"async\" class=\"alignnone size-full wp-image-71127\" src=\"http:\/\/folhadosudeste.com\/site\/wp-content\/uploads\/2020\/06\/quinta.jpg\" alt=\"\" width=\"774\" height=\"1032\" srcset=\"http:\/\/folhadosudeste.com\/site\/wp-content\/uploads\/2020\/06\/quinta.jpg 774w, http:\/\/folhadosudeste.com\/site\/wp-content\/uploads\/2020\/06\/quinta-225x300.jpg 225w, http:\/\/folhadosudeste.com\/site\/wp-content\/uploads\/2020\/06\/quinta-768x1024.jpg 768w\" sizes=\"auto, (max-width: 774px) 100vw, 774px\" \/><\/a><\/p>\n<p><a href=\"http:\/\/folhadosudeste.com\/site\/wp-content\/uploads\/2020\/06\/f4806e92-89a1-4b6e-b05f-b9e9dbe5f357.jpg\"><img loading=\"lazy\" decoding=\"async\" class=\"alignnone size-full wp-image-71133\" src=\"http:\/\/folhadosudeste.com\/site\/wp-content\/uploads\/2020\/06\/f4806e92-89a1-4b6e-b05f-b9e9dbe5f357.jpg\" alt=\"\" width=\"780\" height=\"1040\" srcset=\"http:\/\/folhadosudeste.com\/site\/wp-content\/uploads\/2020\/06\/f4806e92-89a1-4b6e-b05f-b9e9dbe5f357.jpg 780w, http:\/\/folhadosudeste.com\/site\/wp-content\/uploads\/2020\/06\/f4806e92-89a1-4b6e-b05f-b9e9dbe5f357-225x300.jpg 225w, http:\/\/folhadosudeste.com\/site\/wp-content\/uploads\/2020\/06\/f4806e92-89a1-4b6e-b05f-b9e9dbe5f357-768x1024.jpg 768w\" sizes=\"auto, (max-width: 780px) 100vw, 780px\" \/><\/a><\/p>\n<p><a href=\"http:\/\/folhadosudeste.com\/site\/wp-content\/uploads\/2020\/06\/ba71ab2a-1009-44cc-9c77-bf719dccd2c4.jpg\"><img loading=\"lazy\" decoding=\"async\" class=\"alignnone size-full wp-image-71137\" src=\"http:\/\/folhadosudeste.com\/site\/wp-content\/uploads\/2020\/06\/ba71ab2a-1009-44cc-9c77-bf719dccd2c4.jpg\" alt=\"\" width=\"780\" height=\"1040\" srcset=\"http:\/\/folhadosudeste.com\/site\/wp-content\/uploads\/2020\/06\/ba71ab2a-1009-44cc-9c77-bf719dccd2c4.jpg 780w, http:\/\/folhadosudeste.com\/site\/wp-content\/uploads\/2020\/06\/ba71ab2a-1009-44cc-9c77-bf719dccd2c4-225x300.jpg 225w, http:\/\/folhadosudeste.com\/site\/wp-content\/uploads\/2020\/06\/ba71ab2a-1009-44cc-9c77-bf719dccd2c4-768x1024.jpg 768w\" sizes=\"auto, (max-width: 780px) 100vw, 780px\" \/><\/a><\/p>\n<p>&nbsp; &nbsp; &nbsp; &nbsp; &nbsp; &nbsp; &nbsp; &nbsp; &nbsp;&nbsp;<\/p>\n","protected":false},"excerpt":{"rendered":"<p>Aconteceu nesta amanh\u00e3 11 de Junho a Celebra\u00e7\u00e3o de Corpus Christi da Par\u00f3quia Santa Cruz. O P\u00e1roco Pe. Paulo Roberto, passou em todas as comunidades aben\u00e7oando com o Sant\u00edssimo as pessoas nas portas das Igrejas. Iniciando \u00e1s 8 da manh\u00e3 na Comunidade Sagrada&nbsp; Fam\u00edlia, seguindo para S\u00e3o Jos\u00e9 de Anchieta, Frederico Ozanan (Planalto); Santo Expedito [&hellip;]<\/p>\n","protected":false},"author":6,"featured_media":0,"comment_status":"open","ping_status":"closed","sticky":false,"template":"","format":"standard","meta":{"_joinchat":[],"footnotes":""},"categories":[1],"tags":[],"class_list":["post-71122","post","type-post","status-publish","format-standard","hentry","category-sem-categoria"],"_links":{"self":[{"href":"http:\/\/folhadosudeste.com\/site\/index.php?rest_route=\/wp\/v2\/posts\/71122","targetHints":{"allow":["GET"]}}],"collection":[{"href":"http:\/\/folhadosudeste.com\/site\/index.php?rest_route=\/wp\/v2\/posts"}],"about":[{"href":"http:\/\/folhadosudeste.com\/site\/index.php?rest_route=\/wp\/v2\/types\/post"}],"author":[{"embeddable":true,"href":"http:\/\/folhadosudeste.com\/site\/index.php?rest_route=\/wp\/v2\/users\/6"}],"replies":[{"embeddable":true,"href":"http:\/\/folhadosudeste.com\/site\/index.php?rest_route=%2Fwp%2Fv2%2Fcomments&post=71122"}],"version-history":[{"count":7,"href":"http:\/\/folhadosudeste.com\/site\/index.php?rest_route=\/wp\/v2\/posts\/71122\/revisions"}],"predecessor-version":[{"id":71144,"href":"http:\/\/folhadosudeste.com\/site\/index.php?rest_route=\/wp\/v2\/posts\/71122\/revisions\/71144"}],"wp:attachment":[{"href":"http:\/\/folhadosudeste.com\/site\/index.php?rest_route=%2Fwp%2Fv2%2Fmedia&parent=71122"}],"wp:term":[{"taxonomy":"category","embeddable":true,"href":"http:\/\/folhadosudeste.com\/site\/index.php?rest_route=%2Fwp%2Fv2%2Fcategories&post=71122"},{"taxonomy":"post_tag","embeddable":true,"href":"http:\/\/folhadosudeste.com\/site\/index.php?rest_route=%2Fwp%2Fv2%2Ftags&post=71122"}],"curies":[{"name":"wp","href":"https:\/\/api.w.org\/{rel}","templated":true}]}}