{"id":71160,"date":"2020-06-13T23:36:21","date_gmt":"2020-06-13T23:36:21","guid":{"rendered":"http:\/\/folhadosudeste.com\/site\/?p=71160"},"modified":"2020-06-13T23:36:21","modified_gmt":"2020-06-13T23:36:21","slug":"arte-e-alegria-grupo-folclorico-santa-terezinha-faz-cortejo-junino-pelas-ruas-da-cidade","status":"publish","type":"post","link":"http:\/\/folhadosudeste.com\/site\/?p=71160","title":{"rendered":"Arte e alegria: Grupo Folcl\u00f3rico Santa Terezinha faz cortejo junino pelas ruas da cidade"},"content":{"rendered":"<p><a href=\"http:\/\/folhadosudeste.com\/site\/wp-content\/uploads\/2020\/06\/20200613_162451.jpg\"><img loading=\"lazy\" decoding=\"async\" class=\"alignnone size-full wp-image-71163\" src=\"http:\/\/folhadosudeste.com\/site\/wp-content\/uploads\/2020\/06\/20200613_162451.jpg\" alt=\"\" width=\"1000\" height=\"590\" srcset=\"http:\/\/folhadosudeste.com\/site\/wp-content\/uploads\/2020\/06\/20200613_162451.jpg 1000w, http:\/\/folhadosudeste.com\/site\/wp-content\/uploads\/2020\/06\/20200613_162451-300x177.jpg 300w, http:\/\/folhadosudeste.com\/site\/wp-content\/uploads\/2020\/06\/20200613_162451-768x453.jpg 768w\" sizes=\"auto, (max-width: 1000px) 100vw, 1000px\" \/><\/a><\/p>\n<p style=\"text-align: justify;\"><i>A\u00e7\u00e3o comemorou 30 anos do Grupo e per\u00edodo junino de forma adaptada por causa do coronav\u00edrus; todas as medidas de higiene foram adotadas<\/i><\/p>\n<p style=\"text-align: justify;\">No dia dedicado a Santo Ant\u00f4nio, um dos padroeiros das festividades juninas, o Grupo Folcl\u00f3rico Santa Terezinha (GFST) fez um cortejo pela cidade na tarde deste s\u00e1bado (13),&nbsp;&nbsp;levando alegria e arte para os muriaeenses em \u00e9poca de pandemia.&nbsp;<u><\/u><u><\/u><u><\/u>&nbsp;<u><\/u><\/p>\n<p style=\"text-align: justify;\">Denominada Quadriata, a iniciativa tamb\u00e9m comemorou os 30 anos do Grupo, que \u00e9 um dos mais tradicionais da cidade e do estado. Filiado \u00e0 Uni\u00e3o Junina Mineira, o GFST j\u00e1 recebeu diversas premia\u00e7\u00f5es em n\u00edvel estadual e nacional. Al\u00e9m disso, no munic\u00edpio, \u00e9 contemplado com a Lei Municipal de Incentivo \u00e0 Cultura, da Fundarte.<u><\/u><u><\/u><\/p>\n<p><!--more--><\/p>\n<p style=\"text-align: justify;\"><u><\/u>&nbsp;<u><\/u>O cortejo saiu da pra\u00e7a do Santa Terezinha e passou por diversas ruas do pr\u00f3prio bairro, Porto e Centro, com o casal de noivos juninos dan\u00e7ando em cima de um caminh\u00e3o adaptado. A fundadora do Grupo, Shirley Melo, tamb\u00e9m participou da a\u00e7\u00e3o. F\u00e3s e apoiadores do GFST acompanharam a Quadriata em ve\u00edculos de passeio.<u><\/u><u><\/u><\/p>\n<p style=\"text-align: justify;\"><u><\/u>&nbsp;<u><\/u>A iniciativa contou com o apoio da Prefeitura, Fundarte e de um aplicativo de transporte privado.<u><\/u><\/p>\n<p style=\"text-align: justify;\"><u><\/u>&nbsp;<u><\/u>&#8220;N\u00f3s est\u00e1vamos programando algo especial para comemorar os 30 anos do Grupo Folcl\u00f3rico Santa Terezinha, mas a pandemia fez com que adi\u00e1ssemos essa festividade e adaptasse a comemora\u00e7\u00e3o ao momento que estamos vivendo&#8221;, conta Shirley. &#8220;Agradecemos \u00e0s mais de 500 pessoas que j\u00e1 passaram pelo Grupo nestes 30 anos e que hoje t\u00eam hist\u00f3rias legais para contar. Todos voc\u00eas fazem parte desta bela trajet\u00f3ria&#8221;, completa a fundadora.<u><\/u><u><\/u><\/p>\n<p style=\"text-align: justify;\"><u><\/u>&nbsp;<u><\/u>Vale frisar que todas as medidas de higiene preconizadas pelas autoridades de sa\u00fade foram obedecidas, visando prevenir o coronav\u00edrus.<\/p>\n<p>Fonte: Assessoria de Comunica\u00e7\u00e3o da Prefeitura de Muria\u00e9&nbsp;<\/p>\n<p><a href=\"http:\/\/folhadosudeste.com\/site\/wp-content\/uploads\/2020\/06\/20200613_170515.jpg\"><img loading=\"lazy\" decoding=\"async\" class=\"alignnone size-full wp-image-71164\" src=\"http:\/\/folhadosudeste.com\/site\/wp-content\/uploads\/2020\/06\/20200613_170515.jpg\" alt=\"\" width=\"1000\" height=\"563\" srcset=\"http:\/\/folhadosudeste.com\/site\/wp-content\/uploads\/2020\/06\/20200613_170515.jpg 1000w, http:\/\/folhadosudeste.com\/site\/wp-content\/uploads\/2020\/06\/20200613_170515-300x169.jpg 300w, http:\/\/folhadosudeste.com\/site\/wp-content\/uploads\/2020\/06\/20200613_170515-768x432.jpg 768w\" sizes=\"auto, (max-width: 1000px) 100vw, 1000px\" \/><\/a><\/p>\n<p><a href=\"http:\/\/folhadosudeste.com\/site\/wp-content\/uploads\/2020\/06\/20200613_162802.jpg\"><img loading=\"lazy\" decoding=\"async\" class=\"alignnone size-full wp-image-71165\" src=\"http:\/\/folhadosudeste.com\/site\/wp-content\/uploads\/2020\/06\/20200613_162802.jpg\" alt=\"\" width=\"1000\" height=\"709\" srcset=\"http:\/\/folhadosudeste.com\/site\/wp-content\/uploads\/2020\/06\/20200613_162802.jpg 1000w, http:\/\/folhadosudeste.com\/site\/wp-content\/uploads\/2020\/06\/20200613_162802-300x213.jpg 300w, http:\/\/folhadosudeste.com\/site\/wp-content\/uploads\/2020\/06\/20200613_162802-768x545.jpg 768w\" sizes=\"auto, (max-width: 1000px) 100vw, 1000px\" \/><\/a><\/p>\n<p><a href=\"http:\/\/folhadosudeste.com\/site\/wp-content\/uploads\/2020\/06\/20200613_170106.jpg\"><img loading=\"lazy\" decoding=\"async\" class=\"alignnone size-full wp-image-71166\" src=\"http:\/\/folhadosudeste.com\/site\/wp-content\/uploads\/2020\/06\/20200613_170106.jpg\" alt=\"\" width=\"1000\" height=\"563\" srcset=\"http:\/\/folhadosudeste.com\/site\/wp-content\/uploads\/2020\/06\/20200613_170106.jpg 1000w, http:\/\/folhadosudeste.com\/site\/wp-content\/uploads\/2020\/06\/20200613_170106-300x169.jpg 300w, http:\/\/folhadosudeste.com\/site\/wp-content\/uploads\/2020\/06\/20200613_170106-768x432.jpg 768w\" sizes=\"auto, (max-width: 1000px) 100vw, 1000px\" \/><\/a><\/p>\n<p>&nbsp;<\/p>\n","protected":false},"excerpt":{"rendered":"<p>A\u00e7\u00e3o comemorou 30 anos do Grupo e per\u00edodo junino de forma adaptada por causa do coronav\u00edrus; todas as medidas de higiene foram adotadas No dia dedicado a Santo Ant\u00f4nio, um dos padroeiros das festividades juninas, o Grupo Folcl\u00f3rico Santa Terezinha (GFST) fez um cortejo pela cidade na tarde deste s\u00e1bado (13),&nbsp;&nbsp;levando alegria e arte para [&hellip;]<\/p>\n","protected":false},"author":6,"featured_media":0,"comment_status":"open","ping_status":"closed","sticky":false,"template":"","format":"standard","meta":{"_joinchat":[],"footnotes":""},"categories":[1],"tags":[],"class_list":["post-71160","post","type-post","status-publish","format-standard","hentry","category-sem-categoria"],"_links":{"self":[{"href":"http:\/\/folhadosudeste.com\/site\/index.php?rest_route=\/wp\/v2\/posts\/71160","targetHints":{"allow":["GET"]}}],"collection":[{"href":"http:\/\/folhadosudeste.com\/site\/index.php?rest_route=\/wp\/v2\/posts"}],"about":[{"href":"http:\/\/folhadosudeste.com\/site\/index.php?rest_route=\/wp\/v2\/types\/post"}],"author":[{"embeddable":true,"href":"http:\/\/folhadosudeste.com\/site\/index.php?rest_route=\/wp\/v2\/users\/6"}],"replies":[{"embeddable":true,"href":"http:\/\/folhadosudeste.com\/site\/index.php?rest_route=%2Fwp%2Fv2%2Fcomments&post=71160"}],"version-history":[{"count":1,"href":"http:\/\/folhadosudeste.com\/site\/index.php?rest_route=\/wp\/v2\/posts\/71160\/revisions"}],"predecessor-version":[{"id":71167,"href":"http:\/\/folhadosudeste.com\/site\/index.php?rest_route=\/wp\/v2\/posts\/71160\/revisions\/71167"}],"wp:attachment":[{"href":"http:\/\/folhadosudeste.com\/site\/index.php?rest_route=%2Fwp%2Fv2%2Fmedia&parent=71160"}],"wp:term":[{"taxonomy":"category","embeddable":true,"href":"http:\/\/folhadosudeste.com\/site\/index.php?rest_route=%2Fwp%2Fv2%2Fcategories&post=71160"},{"taxonomy":"post_tag","embeddable":true,"href":"http:\/\/folhadosudeste.com\/site\/index.php?rest_route=%2Fwp%2Fv2%2Ftags&post=71160"}],"curies":[{"name":"wp","href":"https:\/\/api.w.org\/{rel}","templated":true}]}}