{"id":71175,"date":"2020-06-16T02:02:17","date_gmt":"2020-06-16T02:02:17","guid":{"rendered":"http:\/\/folhadosudeste.com\/site\/?p=71175"},"modified":"2020-06-16T02:02:17","modified_gmt":"2020-06-16T02:02:17","slug":"camara-de-muriae-tem-funcionamento-interrompido-apos-caso-de-coronavirus","status":"publish","type":"post","link":"http:\/\/folhadosudeste.com\/site\/?p=71175","title":{"rendered":"C\u00e2mara de Muria\u00e9 tem funcionamento interrompido ap\u00f3s caso de coronav\u00edrus"},"content":{"rendered":"<p><a href=\"http:\/\/folhadosudeste.com\/site\/wp-content\/uploads\/2020\/06\/Camara-Municipal-de-Muriae-Foto-Clarissa-Barccante-ALMG.jpg\"><img loading=\"lazy\" decoding=\"async\" class=\"alignnone wp-image-71176 size-full\" src=\"http:\/\/folhadosudeste.com\/site\/wp-content\/uploads\/2020\/06\/Camara-Municipal-de-Muriae-Foto-Clarissa-Barccante-ALMG.jpg\" alt=\"\" width=\"600\" height=\"391\" srcset=\"http:\/\/folhadosudeste.com\/site\/wp-content\/uploads\/2020\/06\/Camara-Municipal-de-Muriae-Foto-Clarissa-Barccante-ALMG.jpg 600w, http:\/\/folhadosudeste.com\/site\/wp-content\/uploads\/2020\/06\/Camara-Municipal-de-Muriae-Foto-Clarissa-Barccante-ALMG-300x196.jpg 300w\" sizes=\"auto, (max-width: 600px) 100vw, 600px\" \/><\/a><\/p>\n<p style=\"text-align: justify;\">A presid\u00eancia da&nbsp;<span class=\"il\">C\u00e2mara<\/span>&nbsp;Municipal de Muria\u00e9 informa que seu funcionamento regular foi paralisado esta semana para uma higieniza\u00e7\u00e3o mais criteriosa, j\u00e1 que foi confirmado, por meio de exame, o primeiro caso positivo para o coronav\u00edrus na Casa Legislativa de Muria\u00e9. Embora n\u00e3o esteja funcionando, ser\u00e1 realizada amanh\u00e3, dia 16, \u00e0s 10h, a sess\u00e3o ordin\u00e1ria virtual, que ser\u00e1 transmitida pelo site e pela p\u00e1gina da&nbsp;<span class=\"il\">C\u00e2mara<\/span>&nbsp;no facebook.<\/p>\n<p style=\"text-align: justify;\">Compromisso, prud\u00eancia e trabalho no combate ao Covid-19 na&nbsp;<span class=\"il\">C\u00e2mara<\/span>&nbsp;de Muria\u00e9!<\/p>\n<p><em><strong>Fonte: C\u00e2mara Municipal de Muria\u00e9<\/strong><\/em><\/p>\n","protected":false},"excerpt":{"rendered":"<p>A presid\u00eancia da&nbsp;C\u00e2mara&nbsp;Municipal de Muria\u00e9 informa que seu funcionamento regular foi paralisado esta semana para uma higieniza\u00e7\u00e3o mais criteriosa, j\u00e1 que foi confirmado, por meio de exame, o primeiro caso positivo para o coronav\u00edrus na Casa Legislativa de Muria\u00e9. Embora n\u00e3o esteja funcionando, ser\u00e1 realizada amanh\u00e3, dia 16, \u00e0s 10h, a sess\u00e3o ordin\u00e1ria virtual, que [&hellip;]<\/p>\n","protected":false},"author":6,"featured_media":0,"comment_status":"open","ping_status":"closed","sticky":false,"template":"","format":"standard","meta":{"_joinchat":[],"footnotes":""},"categories":[1],"tags":[],"class_list":["post-71175","post","type-post","status-publish","format-standard","hentry","category-sem-categoria"],"_links":{"self":[{"href":"http:\/\/folhadosudeste.com\/site\/index.php?rest_route=\/wp\/v2\/posts\/71175","targetHints":{"allow":["GET"]}}],"collection":[{"href":"http:\/\/folhadosudeste.com\/site\/index.php?rest_route=\/wp\/v2\/posts"}],"about":[{"href":"http:\/\/folhadosudeste.com\/site\/index.php?rest_route=\/wp\/v2\/types\/post"}],"author":[{"embeddable":true,"href":"http:\/\/folhadosudeste.com\/site\/index.php?rest_route=\/wp\/v2\/users\/6"}],"replies":[{"embeddable":true,"href":"http:\/\/folhadosudeste.com\/site\/index.php?rest_route=%2Fwp%2Fv2%2Fcomments&post=71175"}],"version-history":[{"count":1,"href":"http:\/\/folhadosudeste.com\/site\/index.php?rest_route=\/wp\/v2\/posts\/71175\/revisions"}],"predecessor-version":[{"id":71177,"href":"http:\/\/folhadosudeste.com\/site\/index.php?rest_route=\/wp\/v2\/posts\/71175\/revisions\/71177"}],"wp:attachment":[{"href":"http:\/\/folhadosudeste.com\/site\/index.php?rest_route=%2Fwp%2Fv2%2Fmedia&parent=71175"}],"wp:term":[{"taxonomy":"category","embeddable":true,"href":"http:\/\/folhadosudeste.com\/site\/index.php?rest_route=%2Fwp%2Fv2%2Fcategories&post=71175"},{"taxonomy":"post_tag","embeddable":true,"href":"http:\/\/folhadosudeste.com\/site\/index.php?rest_route=%2Fwp%2Fv2%2Ftags&post=71175"}],"curies":[{"name":"wp","href":"https:\/\/api.w.org\/{rel}","templated":true}]}}