{"id":71180,"date":"2020-06-16T15:22:14","date_gmt":"2020-06-16T15:22:14","guid":{"rendered":"http:\/\/folhadosudeste.com\/site\/?p=71180"},"modified":"2020-06-16T15:22:14","modified_gmt":"2020-06-16T15:22:14","slug":"morre-segunda-vitima-de-acidente-ocorrido-na-estrada-entre-muriae-e-mirai","status":"publish","type":"post","link":"http:\/\/folhadosudeste.com\/site\/?p=71180","title":{"rendered":"Morre segunda v\u00edtima de acidente ocorrido na estrada entre Muria\u00e9 e Mira\u00ed"},"content":{"rendered":"<p><a href=\"http:\/\/folhadosudeste.com\/site\/wp-content\/uploads\/2020\/06\/c00502624a1f8481761d33e5a5bd42e8.CAPA_.jpeg\"><img loading=\"lazy\" decoding=\"async\" class=\"alignnone size-full wp-image-71181\" src=\"http:\/\/folhadosudeste.com\/site\/wp-content\/uploads\/2020\/06\/c00502624a1f8481761d33e5a5bd42e8.CAPA_.jpeg\" alt=\"\" width=\"700\" height=\"527\" srcset=\"http:\/\/folhadosudeste.com\/site\/wp-content\/uploads\/2020\/06\/c00502624a1f8481761d33e5a5bd42e8.CAPA_.jpeg 700w, http:\/\/folhadosudeste.com\/site\/wp-content\/uploads\/2020\/06\/c00502624a1f8481761d33e5a5bd42e8.CAPA_-300x226.jpeg 300w\" sizes=\"auto, (max-width: 700px) 100vw, 700px\" \/><\/a><\/p>\n<p><a href=\"http:\/\/folhadosudeste.com\/site\/wp-content\/uploads\/2020\/06\/ecb6c54264ed8eb0cb68f9130e6cf000.Foto-4-com-rosto.jpeg\"><img loading=\"lazy\" decoding=\"async\" class=\"alignnone size-full wp-image-71182\" src=\"http:\/\/folhadosudeste.com\/site\/wp-content\/uploads\/2020\/06\/ecb6c54264ed8eb0cb68f9130e6cf000.Foto-4-com-rosto.jpeg\" alt=\"\" width=\"700\" height=\"526\" srcset=\"http:\/\/folhadosudeste.com\/site\/wp-content\/uploads\/2020\/06\/ecb6c54264ed8eb0cb68f9130e6cf000.Foto-4-com-rosto.jpeg 700w, http:\/\/folhadosudeste.com\/site\/wp-content\/uploads\/2020\/06\/ecb6c54264ed8eb0cb68f9130e6cf000.Foto-4-com-rosto-300x225.jpeg 300w\" sizes=\"auto, (max-width: 700px) 100vw, 700px\" \/><\/a><\/p>\n<p style=\"text-align: justify;\">Morreu na manh\u00e3 desta ter\u00e7a-feira (16)&nbsp;<strong>Ana Claudia Gon\u00e7alves de 43 anos.<\/strong>&nbsp;Ela \u00e9 a segunda v\u00edtima fatal do acidente registrado ontem na estrada&nbsp;<strong>MGC-265 entre Muria\u00e9 e Mira\u00ed.<\/strong><\/p>\n<p style=\"text-align: justify;\">Ana Claudia morava no distrito&nbsp;<strong>de Boa Fam\u00edlia<\/strong>&nbsp;e estava na garupa da moto conduzida pelo esposo&nbsp;<strong>Milton L\u00facio Gon\u00e7alves<\/strong>&nbsp;que morreu ao dar entrada no&nbsp;<strong>Hospital S\u00e3o Paulo<\/strong>&nbsp;no in\u00edcio da noite.<\/p>\n<p style=\"text-align: justify;\">Ana Cl\u00e1udia chegou a ser socorrida pelo&nbsp;<strong>Corpo de Bombeiros<\/strong>, passou por cirurgias durante a noite e madrugada e estava na Unidade de Tratamento Intensivo (UTI) do HSP.<\/p>\n<p><!--more--><\/p>\n<p style=\"text-align: justify;\">Segundo informa\u00e7\u00f5es apuradas no local do acidente, a motocicleta que seguia sentido Boa Fam\u00edlia, foi atingida por um carro e jogou os dois ocupantes em um barranco e bateu numa \u00e1rvore.<\/p>\n<p style=\"text-align: justify;\">No momento da colis\u00e3o chovia muito. Os&nbsp;<strong>Bombeiros&nbsp;<\/strong>acreditam que a motorista do carro entrou numa aquaplanagem e perdeu o controle. Ela foi socorrida com ferimentos no rosto.<\/p>\n<p style=\"text-align: justify;\">A data e hor\u00e1rio do sepultamento de Ana Cl\u00e1udia ainda n\u00e3o foram divulgados.&nbsp;<strong>A Pol\u00edcia Militar Rodovi\u00e1ria<\/strong>&nbsp;fez o registro do acidente e ir\u00e1 apurar as causas da colis\u00e3o com informa\u00e7\u00f5es colhidas pela Per\u00edcia T\u00e9cnica da Pol\u00edcia Civil.<\/p>\n<p><strong>Fonte: R\u00e1dio Muria\u00e9<\/strong><\/p>\n","protected":false},"excerpt":{"rendered":"<p>Morreu na manh\u00e3 desta ter\u00e7a-feira (16)&nbsp;Ana Claudia Gon\u00e7alves de 43 anos.&nbsp;Ela \u00e9 a segunda v\u00edtima fatal do acidente registrado ontem na estrada&nbsp;MGC-265 entre Muria\u00e9 e Mira\u00ed. Ana Claudia morava no distrito&nbsp;de Boa Fam\u00edlia&nbsp;e estava na garupa da moto conduzida pelo esposo&nbsp;Milton L\u00facio Gon\u00e7alves&nbsp;que morreu ao dar entrada no&nbsp;Hospital S\u00e3o Paulo&nbsp;no in\u00edcio da noite. Ana Cl\u00e1udia [&hellip;]<\/p>\n","protected":false},"author":6,"featured_media":0,"comment_status":"open","ping_status":"closed","sticky":false,"template":"","format":"standard","meta":{"_joinchat":[],"footnotes":""},"categories":[1],"tags":[],"class_list":["post-71180","post","type-post","status-publish","format-standard","hentry","category-sem-categoria"],"_links":{"self":[{"href":"http:\/\/folhadosudeste.com\/site\/index.php?rest_route=\/wp\/v2\/posts\/71180","targetHints":{"allow":["GET"]}}],"collection":[{"href":"http:\/\/folhadosudeste.com\/site\/index.php?rest_route=\/wp\/v2\/posts"}],"about":[{"href":"http:\/\/folhadosudeste.com\/site\/index.php?rest_route=\/wp\/v2\/types\/post"}],"author":[{"embeddable":true,"href":"http:\/\/folhadosudeste.com\/site\/index.php?rest_route=\/wp\/v2\/users\/6"}],"replies":[{"embeddable":true,"href":"http:\/\/folhadosudeste.com\/site\/index.php?rest_route=%2Fwp%2Fv2%2Fcomments&post=71180"}],"version-history":[{"count":1,"href":"http:\/\/folhadosudeste.com\/site\/index.php?rest_route=\/wp\/v2\/posts\/71180\/revisions"}],"predecessor-version":[{"id":71183,"href":"http:\/\/folhadosudeste.com\/site\/index.php?rest_route=\/wp\/v2\/posts\/71180\/revisions\/71183"}],"wp:attachment":[{"href":"http:\/\/folhadosudeste.com\/site\/index.php?rest_route=%2Fwp%2Fv2%2Fmedia&parent=71180"}],"wp:term":[{"taxonomy":"category","embeddable":true,"href":"http:\/\/folhadosudeste.com\/site\/index.php?rest_route=%2Fwp%2Fv2%2Fcategories&post=71180"},{"taxonomy":"post_tag","embeddable":true,"href":"http:\/\/folhadosudeste.com\/site\/index.php?rest_route=%2Fwp%2Fv2%2Ftags&post=71180"}],"curies":[{"name":"wp","href":"https:\/\/api.w.org\/{rel}","templated":true}]}}