{"id":71184,"date":"2020-06-16T15:32:31","date_gmt":"2020-06-16T15:32:31","guid":{"rendered":"http:\/\/folhadosudeste.com\/site\/?p=71184"},"modified":"2020-06-16T15:32:31","modified_gmt":"2020-06-16T15:32:31","slug":"camara-de-muriae-suspende-expediente-apos-vereador-testar-positivo-para-covid-19","status":"publish","type":"post","link":"http:\/\/folhadosudeste.com\/site\/?p=71184","title":{"rendered":"C\u00e2mara de Muria\u00e9 suspende expediente ap\u00f3s vereador testar positivo para Covid-19"},"content":{"rendered":"<p style=\"text-align: justify;\"><img decoding=\"async\" src=\"https:\/\/www.anoticiaonline.com.br\/site\/wp-content\/uploads\/2020\/02\/Dr-Jos%C3%A9-Carlos.jpg\" alt=\"Vereador Dr. Jos\u00e9 Carlos revela que testou positivo para ...\"><\/p>\n<p style=\"text-align: justify;\"><em>Apesar das sess\u00f5es feitas online, atendimento ao p\u00fablico era realizado nos gabinetes. Segundo a assessoria do legislador, Jos\u00e9 Carlos (PSD) est\u00e1 em isolamento e passa bem<\/em><\/p>\n<div class=\"mc-column content-text active-extra-styles \" style=\"text-align: justify;\" data-block-type=\"unstyled\" data-block-weight=\"31\" data-block-id=\"2\">\n<p class=\"content-text__container \" data-track-category=\"Link no Texto\" data-track-links=\"\">A C\u00e2mara Municipal de Muria\u00e9 suspendeu o expediente nesta segunda-feira (15) por medida de preven\u00e7\u00e3o ao novo coronav\u00edrus. Na \u00faltima semana, o vereador Jos\u00e9 Carlos (PSD) testou positivo para a doen\u00e7a.<\/p>\n<\/div>\n<div class=\"wall protected-content\" style=\"text-align: justify;\">\n<div class=\"mc-column content-text active-extra-styles \" style=\"text-align: justify;\" data-block-type=\"unstyled\" data-block-weight=\"21\" data-block-id=\"3\">\n<p class=\"content-text__container \" data-track-category=\"Link no Texto\" data-track-links=\"\">Conforme o Legislativo, o local passar\u00e1 por uma higieniza\u00e7\u00e3o e ficar\u00e1 fechado nos pr\u00f3ximos dias.&nbsp;<strong><em>Veja abaixo a nota em \u00edntegra<\/em><\/strong>.<\/p>\n<\/div>\n<div class=\"mc-column content-text active-extra-styles \" style=\"text-align: justify;\" data-block-type=\"unstyled\" data-block-weight=\"47\" data-block-id=\"4\">&nbsp;<\/div>\n<\/div>\n<p style=\"text-align: justify;\"><!--more--><\/p>\n<div class=\"mc-column content-text active-extra-styles \" style=\"text-align: justify;\" data-block-type=\"unstyled\" data-block-weight=\"47\" data-block-id=\"4\">\n<p class=\"content-text__container \" data-track-category=\"Link no Texto\" data-track-links=\"\">Em mar\u00e7o, o&nbsp;<strong>G1&nbsp;<\/strong>mostrou que as&nbsp;<a href=\"https:\/\/g1.globo.com\/mg\/zona-da-mata\/noticia\/2020\/03\/24\/camara-de-muriae-cancela-sessao-ordinaria-por-medidas-de-prevencao-ao-coronavirus.ghtml\">sess\u00f5es presenciais haviam sido&nbsp;<\/a><a href=\"https:\/\/g1.globo.com\/mg\/zona-da-mata\/noticia\/2020\/03\/24\/camara-de-muriae-cancela-sessao-ordinaria-por-medidas-de-prevencao-ao-coronavirus.ghtml\">suspensas<\/a>&nbsp;e que as reuni\u00f5es ocorriam de forma online. Apesar disso, o atendimento ao p\u00fablico nos gabinetes era realizado de 12h \u00e0s 17h, de segunda a sexta-feira. E em abril, uma vota\u00e7\u00e3o foi feita na Casa.<\/p>\n<\/div>\n<div class=\"mc-column content-text active-extra-styles \" style=\"text-align: justify;\" data-block-type=\"unstyled\" data-block-weight=\"41\" data-block-id=\"6\">\n<p class=\"content-text__container \" data-track-category=\"Link no Texto\" data-track-links=\"\">Em contato com a assessoria do legislador que testou positivo, a reportagem foi informada que Jos\u00e9 Carlos est\u00e1 em isolamento social e se encontra bem. A esposa dele tamb\u00e9m passar\u00e1 por exames. J\u00e1 a assessora realizou o teste, que acusou negativo.<\/p>\n<\/div>\n<div class=\"mc-column content-text active-extra-styles \" style=\"text-align: justify;\" data-block-type=\"unstyled\" data-block-weight=\"26\" data-block-id=\"7\">\n<p class=\"content-text__container \" data-track-category=\"Link no Texto\" data-track-links=\"\">O vereador n\u00e3o frequentava a C\u00e2mara Municipal desde in\u00edcio de junho e informou \u00e0 Presid\u00eancia da Casa sobre a situa\u00e7\u00e3o, que optou pelo fechamento do local.<\/p>\n<\/div>\n<div class=\"mc-column content-text active-extra-styles \" style=\"text-align: justify;\" data-block-type=\"unstyled\" data-block-weight=\"23\" data-block-id=\"8\">\n<p class=\"content-text__container \" style=\"text-align: justify;\" data-track-category=\"Link no Texto\" data-track-links=\"\">Durante os \u00faltimos meses, os legisladores aprovaram&nbsp;<a href=\"https:\/\/g1.globo.com\/mg\/zona-da-mata\/noticia\/2020\/06\/03\/vereadores-aprovam-projetos-com-medidas-de-prevencao-ao-coronavirus-em-muriae.ghtml\">projetos de enfrentamento \u00e0 Covid-19, como o uso obrigat\u00f3rio de m\u00e1scaras e de \u00e1lcool em gel<\/a>.<\/p>\n<div class=\"mc-column content-text active-extra-styles\" style=\"text-align: justify;\" data-block-type=\"raw\" data-block-weight=\"3\" data-block-id=\"10\">\n<div class=\"content-intertitle\">\n<h2>Nota do Legislativo<\/h2>\n<\/div>\n<\/div>\n<div class=\"mc-column content-text active-extra-styles \" data-block-type=\"unstyled\" data-block-weight=\"80\" data-block-id=\"11\">\n<p class=\"content-text__container \" style=\"text-align: justify;\" data-track-category=\"Link no Texto\" data-track-links=\"\"><em>&#8220;A presid\u00eancia da C\u00e2mara Municipal de Muria\u00e9 informa que seu funcionamento regular foi paralisado esta semana para uma higieniza\u00e7\u00e3o mais criteriosa, j\u00e1 que foi confirmado, por meio de exame, o primeiro caso positivo para o coronav\u00edrus na Casa Legislativa de Muria\u00e9. Embora n\u00e3o esteja funcionando, ser\u00e1 realizada amanh\u00e3, dia 16, \u00e0s 10h, a sess\u00e3o ordin\u00e1ria virtual, que ser\u00e1 transmitida pelo site e pela p\u00e1gina da C\u00e2mara no facebook. Compromisso, prud\u00eancia e trabalho no combate ao Covid-19 na C\u00e2mara de Muria\u00e9&#8221;.<\/em><\/p>\n<p data-track-category=\"Link no Texto\" data-track-links=\"\"><strong>Fonte: g1.globo.com<\/strong><\/p>\n<\/div>\n<\/div>\n","protected":false},"excerpt":{"rendered":"<p>Apesar das sess\u00f5es feitas online, atendimento ao p\u00fablico era realizado nos gabinetes. Segundo a assessoria do legislador, Jos\u00e9 Carlos (PSD) est\u00e1 em isolamento e passa bem A C\u00e2mara Municipal de Muria\u00e9 suspendeu o expediente nesta segunda-feira (15) por medida de preven\u00e7\u00e3o ao novo coronav\u00edrus. Na \u00faltima semana, o vereador Jos\u00e9 Carlos (PSD) testou positivo para [&hellip;]<\/p>\n","protected":false},"author":6,"featured_media":0,"comment_status":"open","ping_status":"closed","sticky":false,"template":"","format":"standard","meta":{"_joinchat":[],"footnotes":""},"categories":[1],"tags":[],"class_list":["post-71184","post","type-post","status-publish","format-standard","hentry","category-sem-categoria"],"_links":{"self":[{"href":"http:\/\/folhadosudeste.com\/site\/index.php?rest_route=\/wp\/v2\/posts\/71184","targetHints":{"allow":["GET"]}}],"collection":[{"href":"http:\/\/folhadosudeste.com\/site\/index.php?rest_route=\/wp\/v2\/posts"}],"about":[{"href":"http:\/\/folhadosudeste.com\/site\/index.php?rest_route=\/wp\/v2\/types\/post"}],"author":[{"embeddable":true,"href":"http:\/\/folhadosudeste.com\/site\/index.php?rest_route=\/wp\/v2\/users\/6"}],"replies":[{"embeddable":true,"href":"http:\/\/folhadosudeste.com\/site\/index.php?rest_route=%2Fwp%2Fv2%2Fcomments&post=71184"}],"version-history":[{"count":1,"href":"http:\/\/folhadosudeste.com\/site\/index.php?rest_route=\/wp\/v2\/posts\/71184\/revisions"}],"predecessor-version":[{"id":71185,"href":"http:\/\/folhadosudeste.com\/site\/index.php?rest_route=\/wp\/v2\/posts\/71184\/revisions\/71185"}],"wp:attachment":[{"href":"http:\/\/folhadosudeste.com\/site\/index.php?rest_route=%2Fwp%2Fv2%2Fmedia&parent=71184"}],"wp:term":[{"taxonomy":"category","embeddable":true,"href":"http:\/\/folhadosudeste.com\/site\/index.php?rest_route=%2Fwp%2Fv2%2Fcategories&post=71184"},{"taxonomy":"post_tag","embeddable":true,"href":"http:\/\/folhadosudeste.com\/site\/index.php?rest_route=%2Fwp%2Fv2%2Ftags&post=71184"}],"curies":[{"name":"wp","href":"https:\/\/api.w.org\/{rel}","templated":true}]}}