{"id":71186,"date":"2020-06-16T16:29:05","date_gmt":"2020-06-16T16:29:05","guid":{"rendered":"http:\/\/folhadosudeste.com\/site\/?p=71186"},"modified":"2020-06-16T16:29:05","modified_gmt":"2020-06-16T16:29:05","slug":"camara-de-muriae-aprova-recursos-e-novas-medidas-em-combate-ao-coronavirus","status":"publish","type":"post","link":"http:\/\/folhadosudeste.com\/site\/?p=71186","title":{"rendered":"C\u00e2mara de Muria\u00e9 aprova recursos e novas medidas em combate ao coronav\u00edrus"},"content":{"rendered":"<p><a href=\"http:\/\/folhadosudeste.com\/site\/wp-content\/uploads\/2020\/06\/S-O-16-06-1.jpg\"><img loading=\"lazy\" decoding=\"async\" class=\"alignnone size-full wp-image-71187\" src=\"http:\/\/folhadosudeste.com\/site\/wp-content\/uploads\/2020\/06\/S-O-16-06-1.jpg\" alt=\"\" width=\"1280\" height=\"515\" srcset=\"http:\/\/folhadosudeste.com\/site\/wp-content\/uploads\/2020\/06\/S-O-16-06-1.jpg 1280w, http:\/\/folhadosudeste.com\/site\/wp-content\/uploads\/2020\/06\/S-O-16-06-1-300x121.jpg 300w, http:\/\/folhadosudeste.com\/site\/wp-content\/uploads\/2020\/06\/S-O-16-06-1-768x309.jpg 768w, http:\/\/folhadosudeste.com\/site\/wp-content\/uploads\/2020\/06\/S-O-16-06-1-1024x412.jpg 1024w\" sizes=\"auto, (max-width: 1280px) 100vw, 1280px\" \/><\/a><\/p>\n<p style=\"font-weight: 400; text-align: justify;\">A C\u00e2mara de Muria\u00e9 realiza nesta ter\u00e7a-feira, dia 16, \u00e0s 10h, sess\u00e3o digital para discutir e votar projetos do Executivo relacionados ao combate ao coronav\u00edrus na cidade. Um dos projetos trata de cr\u00e9dito adicional suplementar e outro sobre medidas excepcionais diante da situa\u00e7\u00e3o de emerg\u00eancia vivenciada na sa\u00fade p\u00fablica. Mesmo fechada, j\u00e1 que a Casa est\u00e1 passando por uma criteriosa higieniza\u00e7\u00e3o depois que foi confirmado o primeiro caso de coronav\u00edrus no legislativo muriaeense, as sess\u00f5es seguem sendo realizadas por aplicativo na internet, sendo divulgadas pelo site (<a href=\"http:\/\/camaramuriae.mg.gov.br\/portal\/\" data-saferedirecturl=\"https:\/\/www.google.com\/url?q=http:\/\/camaramuriae.mg.gov.br\/portal\/&amp;source=gmail&amp;ust=1592411183548000&amp;usg=AFQjCNGfEkMCGot-Hd_Fo2_uCYvqHX-PEw\">http:\/\/camaramuriae.mg.gov.br\/portal\/<\/a>) e pela p\u00e1gina da C\u00e2mara no facebook.<\/p>\n<p><!--more--><\/p>\n<p style=\"font-weight: 400; text-align: justify;\"><strong>Novas a\u00e7\u00f5es s\u00e3o aprovadas no combate ao coronav\u00edrus em Muria\u00e9<\/strong><\/p>\n<p style=\"font-weight: 400; text-align: justify;\">Os vereadores aprovaram o projeto que autoriza abertura de cr\u00e9dito adicional suplementar de pouco mais de R$ 163 mil para a\u00e7\u00f5es de enfrentamento da Emerg\u00eancia de Sa\u00fade Nacional \u2013 coronav\u00edrus (Covid-19). Parte do recurso (R$ 100 mil) ser\u00e1 para a contrata\u00e7\u00e3o tempor\u00e1ria e o restante para aquisi\u00e7\u00e3o de material de consumo. Segundo informou o Executivo, este recurso \u00e9 oriundo de um excesso de arrecada\u00e7\u00e3o.<\/p>\n<p style=\"font-weight: 400; text-align: justify;\">O outro projeto aprovado disp\u00f5e sobre autoriza\u00e7\u00e3o de medidas excepcionais em face da situa\u00e7\u00e3o de emerg\u00eancia em sa\u00fade p\u00fablica decorrente ao coronav\u00edrus no munic\u00edpio de Muria\u00e9. Por ele, o Executivo ficou autorizado a designa\u00e7\u00e3o de servidores p\u00fablicos municipais para exercerem, estritamente, o encargo de fiscaliza\u00e7\u00e3o com rela\u00e7\u00e3o \u00e0 sa\u00fade e higiene p\u00fablicas de estabelecimentos p\u00fablicos e privados, no cumprimento \u00e0s normativas que regulamentam as medidas de enfrentamento da pandemia do coronav\u00edrus, estabelecidas pelo Comit\u00ea Extraordin\u00e1rio (Covid-1x).<\/p>\n<p style=\"font-weight: 400; text-align: justify;\">Segundo o projeto, os exerc\u00edcios das atividades designadas por for\u00e7a dessa lei n\u00e3o se confundem com as atribui\u00e7\u00f5es do cargo de Fiscal Sanit\u00e1rio, de modo que os designados atuar\u00e3o de forma suplementar, sem preju\u00edzo da atua\u00e7\u00e3o dos servidores competentes para a fiscaliza\u00e7\u00e3o.&nbsp; Os servidores nomeados exercer\u00e3o esta atribui\u00e7\u00e3o por per\u00edodo limitado, assim como a vig\u00eancia desta lei, que ser\u00e1 por quanto perdurar a Situa\u00e7\u00e3o de Emerg\u00eancia em Sa\u00fade Publica em decorr\u00eancia do coronav\u00edrus em Muria\u00e9.<\/p>\n<p><a href=\"http:\/\/folhadosudeste.com\/site\/wp-content\/uploads\/2020\/06\/S-O-16-06-3.jpg\"><img loading=\"lazy\" decoding=\"async\" class=\"alignnone size-full wp-image-71188\" src=\"http:\/\/folhadosudeste.com\/site\/wp-content\/uploads\/2020\/06\/S-O-16-06-3.jpg\" alt=\"\" width=\"981\" height=\"538\" srcset=\"http:\/\/folhadosudeste.com\/site\/wp-content\/uploads\/2020\/06\/S-O-16-06-3.jpg 981w, http:\/\/folhadosudeste.com\/site\/wp-content\/uploads\/2020\/06\/S-O-16-06-3-300x165.jpg 300w, http:\/\/folhadosudeste.com\/site\/wp-content\/uploads\/2020\/06\/S-O-16-06-3-768x421.jpg 768w\" sizes=\"auto, (max-width: 981px) 100vw, 981px\" \/><\/a><\/p>\n","protected":false},"excerpt":{"rendered":"<p>A C\u00e2mara de Muria\u00e9 realiza nesta ter\u00e7a-feira, dia 16, \u00e0s 10h, sess\u00e3o digital para discutir e votar projetos do Executivo relacionados ao combate ao coronav\u00edrus na cidade. Um dos projetos trata de cr\u00e9dito adicional suplementar e outro sobre medidas excepcionais diante da situa\u00e7\u00e3o de emerg\u00eancia vivenciada na sa\u00fade p\u00fablica. Mesmo fechada, j\u00e1 que a Casa [&hellip;]<\/p>\n","protected":false},"author":6,"featured_media":0,"comment_status":"open","ping_status":"closed","sticky":false,"template":"","format":"standard","meta":{"_joinchat":[],"footnotes":""},"categories":[1],"tags":[],"class_list":["post-71186","post","type-post","status-publish","format-standard","hentry","category-sem-categoria"],"_links":{"self":[{"href":"http:\/\/folhadosudeste.com\/site\/index.php?rest_route=\/wp\/v2\/posts\/71186","targetHints":{"allow":["GET"]}}],"collection":[{"href":"http:\/\/folhadosudeste.com\/site\/index.php?rest_route=\/wp\/v2\/posts"}],"about":[{"href":"http:\/\/folhadosudeste.com\/site\/index.php?rest_route=\/wp\/v2\/types\/post"}],"author":[{"embeddable":true,"href":"http:\/\/folhadosudeste.com\/site\/index.php?rest_route=\/wp\/v2\/users\/6"}],"replies":[{"embeddable":true,"href":"http:\/\/folhadosudeste.com\/site\/index.php?rest_route=%2Fwp%2Fv2%2Fcomments&post=71186"}],"version-history":[{"count":1,"href":"http:\/\/folhadosudeste.com\/site\/index.php?rest_route=\/wp\/v2\/posts\/71186\/revisions"}],"predecessor-version":[{"id":71189,"href":"http:\/\/folhadosudeste.com\/site\/index.php?rest_route=\/wp\/v2\/posts\/71186\/revisions\/71189"}],"wp:attachment":[{"href":"http:\/\/folhadosudeste.com\/site\/index.php?rest_route=%2Fwp%2Fv2%2Fmedia&parent=71186"}],"wp:term":[{"taxonomy":"category","embeddable":true,"href":"http:\/\/folhadosudeste.com\/site\/index.php?rest_route=%2Fwp%2Fv2%2Fcategories&post=71186"},{"taxonomy":"post_tag","embeddable":true,"href":"http:\/\/folhadosudeste.com\/site\/index.php?rest_route=%2Fwp%2Fv2%2Ftags&post=71186"}],"curies":[{"name":"wp","href":"https:\/\/api.w.org\/{rel}","templated":true}]}}