{"id":71214,"date":"2020-06-16T22:23:34","date_gmt":"2020-06-16T22:23:34","guid":{"rendered":"http:\/\/folhadosudeste.com\/site\/?p=71214"},"modified":"2020-06-16T22:35:39","modified_gmt":"2020-06-16T22:35:39","slug":"uso-de-mascaras-em-muriae-torna-se-obrigatorio-por-lei","status":"publish","type":"post","link":"http:\/\/folhadosudeste.com\/site\/?p=71214","title":{"rendered":"Uso de m\u00e1scaras em Muria\u00e9 torna-se obrigat\u00f3rio por lei"},"content":{"rendered":"<div><img decoding=\"async\" src=\"https:\/\/www.portalamipao.com.br\/wp-content\/uploads\/2020\/04\/mascaras.jpg\" alt=\"Padarias de BH: clientes s\u00f3 podem entrar usando m\u00e1scaras de ...\"><\/div>\n<div style=\"text-align: justify;\"><em>Agora \u00e9 lei: o uso de m\u00e1scaras em Muria\u00e9 tornou-se obrigat\u00f3rio durante a pandemia da covid-19<\/em><\/div>\n<div>&nbsp;<\/div>\n<div style=\"text-align: justify;\">O texto foi sancionado pelo prefeito Grego e publicado na edi\u00e7\u00e3o desta ter\u00e7a-feira (16) do Di\u00e1rio Oficial dos Munic\u00edpios Mineiros (<a href=\"http:\/\/diariomunicipal.com.br\/amm-mg\" target=\"_blank\" rel=\"noopener\" data-saferedirecturl=\"https:\/\/www.google.com\/url?q=http:\/\/diariomunicipal.com.br\/amm-mg&amp;source=gmail&amp;ust=1592432045077000&amp;usg=AFQjCNE60_ohwdkm3u2w8FQI8ZRw648mhg\">diariomunicipal.com.br\/amm-mg<\/a><wbr>). O c\u00f3digo identificador para busca no portal \u00e9 52465B49.<\/div>\n<div style=\"text-align: justify;\">&nbsp;<\/div>\n<div style=\"text-align: justify;\">A medida vale tanto para a cidade quanto para os distritos. Quem for flagrado sem m\u00e1scara ser\u00e1, primeiramente, advertido; em caso de reincid\u00eancia, poder\u00e1 haver aplica\u00e7\u00e3o de multa, cujo valor ainda n\u00e3o foi estabelecido.<\/div>\n<p><!--more--><\/p>\n<div style=\"text-align: justify;\"><strong>Tipo de m\u00e1scara fica a crit\u00e9rio do usu\u00e1rio &#8211;<\/strong>&nbsp;A lei municipal 5.992\/2020 n\u00e3o define um tipo espec\u00edfico de m\u00e1scara para uso obrigat\u00f3rio. Assim, os itens de produ\u00e7\u00e3o caseira ou adquiridos junto ao com\u00e9rcio podem ser usados sem qualquer restri\u00e7\u00e3o.<\/div>\n<div style=\"text-align: justify;\">&nbsp;<\/div>\n<div style=\"text-align: justify;\">Vale lembrar que, para n\u00e3o haver falta de equipamentos de prote\u00e7\u00e3o em hospitais, m\u00e1scaras cir\u00fargicas e do tipo N95 devem ser usadas preferencialmente apenas por profissionais da \u00e1rea de sa\u00fade, enquanto estiverem em hor\u00e1rio e local de trabalho.<\/div>\n<div style=\"text-align: justify;\">&nbsp;<\/div>\n<div style=\"text-align: justify;\"><strong>Doa\u00e7\u00e3o de m\u00e1scaras &#8211;<\/strong>&nbsp;Para garantir o cumprimento da lei por todos, a Prefeitura de Muria\u00e9 vai oferecer m\u00e1scaras para pessoas de baixo poder aquisitivo. A doa\u00e7\u00e3o ser\u00e1 efetuada pela Secretaria Municipal de Desenvolvimento Social e destinada aos usu\u00e1rios registrados no Cadastro \u00danico.<\/div>\n","protected":false},"excerpt":{"rendered":"<p>Agora \u00e9 lei: o uso de m\u00e1scaras em Muria\u00e9 tornou-se obrigat\u00f3rio durante a pandemia da covid-19 &nbsp; O texto foi sancionado pelo prefeito Grego e publicado na edi\u00e7\u00e3o desta ter\u00e7a-feira (16) do Di\u00e1rio Oficial dos Munic\u00edpios Mineiros (diariomunicipal.com.br\/amm-mg). O c\u00f3digo identificador para busca no portal \u00e9 52465B49. &nbsp; A medida vale tanto para a cidade [&hellip;]<\/p>\n","protected":false},"author":6,"featured_media":0,"comment_status":"open","ping_status":"closed","sticky":false,"template":"","format":"standard","meta":{"_joinchat":[],"footnotes":""},"categories":[1],"tags":[],"class_list":["post-71214","post","type-post","status-publish","format-standard","hentry","category-sem-categoria"],"_links":{"self":[{"href":"http:\/\/folhadosudeste.com\/site\/index.php?rest_route=\/wp\/v2\/posts\/71214","targetHints":{"allow":["GET"]}}],"collection":[{"href":"http:\/\/folhadosudeste.com\/site\/index.php?rest_route=\/wp\/v2\/posts"}],"about":[{"href":"http:\/\/folhadosudeste.com\/site\/index.php?rest_route=\/wp\/v2\/types\/post"}],"author":[{"embeddable":true,"href":"http:\/\/folhadosudeste.com\/site\/index.php?rest_route=\/wp\/v2\/users\/6"}],"replies":[{"embeddable":true,"href":"http:\/\/folhadosudeste.com\/site\/index.php?rest_route=%2Fwp%2Fv2%2Fcomments&post=71214"}],"version-history":[{"count":2,"href":"http:\/\/folhadosudeste.com\/site\/index.php?rest_route=\/wp\/v2\/posts\/71214\/revisions"}],"predecessor-version":[{"id":71216,"href":"http:\/\/folhadosudeste.com\/site\/index.php?rest_route=\/wp\/v2\/posts\/71214\/revisions\/71216"}],"wp:attachment":[{"href":"http:\/\/folhadosudeste.com\/site\/index.php?rest_route=%2Fwp%2Fv2%2Fmedia&parent=71214"}],"wp:term":[{"taxonomy":"category","embeddable":true,"href":"http:\/\/folhadosudeste.com\/site\/index.php?rest_route=%2Fwp%2Fv2%2Fcategories&post=71214"},{"taxonomy":"post_tag","embeddable":true,"href":"http:\/\/folhadosudeste.com\/site\/index.php?rest_route=%2Fwp%2Fv2%2Ftags&post=71214"}],"curies":[{"name":"wp","href":"https:\/\/api.w.org\/{rel}","templated":true}]}}