{"id":71224,"date":"2020-06-18T02:42:05","date_gmt":"2020-06-18T02:42:05","guid":{"rendered":"http:\/\/folhadosudeste.com\/site\/?p=71224"},"modified":"2020-06-18T02:42:05","modified_gmt":"2020-06-18T02:42:05","slug":"em-live-transmitida-nessa-quarta-feira-muriae-passara-por-transicao-para-o-lockdown","status":"publish","type":"post","link":"http:\/\/folhadosudeste.com\/site\/?p=71224","title":{"rendered":"Em live transmitida nessa quarta-feira Muria\u00e9 passar\u00e1 por transi\u00e7\u00e3o para o Lockdown"},"content":{"rendered":"<p><a href=\"http:\/\/folhadosudeste.com\/site\/wp-content\/uploads\/2020\/06\/gregoo.png\"><img loading=\"lazy\" decoding=\"async\" class=\"alignnone size-full wp-image-71225\" src=\"http:\/\/folhadosudeste.com\/site\/wp-content\/uploads\/2020\/06\/gregoo.png\" alt=\"\" width=\"1360\" height=\"720\" srcset=\"http:\/\/folhadosudeste.com\/site\/wp-content\/uploads\/2020\/06\/gregoo.png 1360w, http:\/\/folhadosudeste.com\/site\/wp-content\/uploads\/2020\/06\/gregoo-300x159.png 300w, http:\/\/folhadosudeste.com\/site\/wp-content\/uploads\/2020\/06\/gregoo-768x407.png 768w, http:\/\/folhadosudeste.com\/site\/wp-content\/uploads\/2020\/06\/gregoo-1024x542.png 1024w\" sizes=\"auto, (max-width: 1360px) 100vw, 1360px\" \/><\/a><\/p>\n<p style=\"text-align: justify;\">O Comit\u00ea Gestor de Crise do Munic\u00edpio formado pelo prefeito Grego, pelo Secret\u00e1rio de Sa\u00fade Dr. Paulo Cesar de Oliveira e pelo Infectologista Dr. Daniel Licy, durante uma live realizada nesta quarta-feira dia 17 de junho, ficou decidido uma poss\u00edvel transi\u00e7\u00e3o de Lockdown em Muria\u00e9 e novas medidas ser\u00e3o anunciadas. Houve um atraso no pronunciamento que estava marcado para as 19h, come\u00e7ando as 20h50, devido a reuni\u00e3o do Comit\u00ea que estava discutindo com detalhes as decis\u00f5es que foram tomadas. Segue algumas medidas v\u00e1lidas a partir de sexta-feira 19 e outras a partir de segunda-feira 22. Ser\u00e1 feita uma experi\u00eancia e fiscaliza\u00e7\u00e3o durante 14 dias.<\/p>\n<p style=\"text-align: justify;\">\u2022 Oficinas mec\u00e2nicas v\u00e3o funcionar at\u00e9 as 18 horas, padarias e supermercados at\u00e9 as 20h, postos de combust\u00edveis e farm\u00e1cias at\u00e9 as 22h. Os demais com\u00e9rcios v\u00e3o continuar funcionando de segunda \u00e0 sexta de 12h \u00e0s 18h e s\u00e1bado das 9h \u00e0s 13h, Feriados e Domingos todos permanecer\u00e3o fechados (exceto compostos de combust\u00edveis e farm\u00e1cias).<\/p>\n<p><!--more--><\/p>\n<p style=\"text-align: justify;\">\u2022 Delibera\u00e7\u00f5es mais restritas \u00e0 partir de segunda-feira<\/p>\n<p style=\"text-align: justify;\">\u2022 A Feira de Domingo n\u00e3o poder\u00e1 ter venda de alimentos de consumo no local como: caldo de cana, pastel e churrasquinho. S\u00f3 poder\u00e3o trabalhar os feirantes residentes em Muria\u00e9, mantendo ent\u00e3o mais espa\u00e7o entre as barracas e reduzindo o n\u00famero de 30% dos feirantes.<\/p>\n<p style=\"text-align: justify;\">\u2022 Foi solicitado a Energisa o desligamento da ilumina\u00e7\u00e3o da VIA SA\u00daDE, como forma de evitar de preven\u00e7\u00e3o das pessoas que caminham naquela regi\u00e3o.<\/p>\n<p style=\"text-align: justify;\">\u2022 Bancos e Lot\u00e9ricas passam a atender apenas uma pessoa por caixa e mantendo a organiza\u00e7\u00e3o da fila.<\/p>\n<p style=\"text-align: justify;\">\u2022 N\u00e3o ser\u00e1 permitido o funcionamento dos Camel\u00f3dromos.<\/p>\n<p style=\"text-align: justify;\">\u2022 Campos de Futebol tamb\u00e9m ser\u00e3o notificados caso venha a funcionar.<\/p>\n<p style=\"text-align: justify;\">\n\u2022 Os hospitais est\u00e3o com dificuldades para adquirir medicamentos no combate ao covid-19<br \/>\n\u2022 Muria\u00e9 registra 90 interna\u00e7\u00f5es, sendo 64 suspeitos; 21 na UTI; 13 entubados e 43 em leitos cl\u00ednicos.<\/p>\n<p style=\"text-align: justify;\">\u2022 Veja o pronunciamento completo do v\u00eddeo abaixo:<\/p>\n<p>https:\/\/www.facebook.com\/gregomuriae\/videos\/770094717092815\/<\/p>\n","protected":false},"excerpt":{"rendered":"<p>O Comit\u00ea Gestor de Crise do Munic\u00edpio formado pelo prefeito Grego, pelo Secret\u00e1rio de Sa\u00fade Dr. Paulo Cesar de Oliveira e pelo Infectologista Dr. Daniel Licy, durante uma live realizada nesta quarta-feira dia 17 de junho, ficou decidido uma poss\u00edvel transi\u00e7\u00e3o de Lockdown em Muria\u00e9 e novas medidas ser\u00e3o anunciadas. Houve um atraso no pronunciamento [&hellip;]<\/p>\n","protected":false},"author":6,"featured_media":0,"comment_status":"open","ping_status":"closed","sticky":false,"template":"","format":"standard","meta":{"_joinchat":[],"footnotes":""},"categories":[1],"tags":[],"class_list":["post-71224","post","type-post","status-publish","format-standard","hentry","category-sem-categoria"],"_links":{"self":[{"href":"http:\/\/folhadosudeste.com\/site\/index.php?rest_route=\/wp\/v2\/posts\/71224","targetHints":{"allow":["GET"]}}],"collection":[{"href":"http:\/\/folhadosudeste.com\/site\/index.php?rest_route=\/wp\/v2\/posts"}],"about":[{"href":"http:\/\/folhadosudeste.com\/site\/index.php?rest_route=\/wp\/v2\/types\/post"}],"author":[{"embeddable":true,"href":"http:\/\/folhadosudeste.com\/site\/index.php?rest_route=\/wp\/v2\/users\/6"}],"replies":[{"embeddable":true,"href":"http:\/\/folhadosudeste.com\/site\/index.php?rest_route=%2Fwp%2Fv2%2Fcomments&post=71224"}],"version-history":[{"count":1,"href":"http:\/\/folhadosudeste.com\/site\/index.php?rest_route=\/wp\/v2\/posts\/71224\/revisions"}],"predecessor-version":[{"id":71226,"href":"http:\/\/folhadosudeste.com\/site\/index.php?rest_route=\/wp\/v2\/posts\/71224\/revisions\/71226"}],"wp:attachment":[{"href":"http:\/\/folhadosudeste.com\/site\/index.php?rest_route=%2Fwp%2Fv2%2Fmedia&parent=71224"}],"wp:term":[{"taxonomy":"category","embeddable":true,"href":"http:\/\/folhadosudeste.com\/site\/index.php?rest_route=%2Fwp%2Fv2%2Fcategories&post=71224"},{"taxonomy":"post_tag","embeddable":true,"href":"http:\/\/folhadosudeste.com\/site\/index.php?rest_route=%2Fwp%2Fv2%2Ftags&post=71224"}],"curies":[{"name":"wp","href":"https:\/\/api.w.org\/{rel}","templated":true}]}}