{"id":71228,"date":"2020-06-18T17:26:56","date_gmt":"2020-06-18T17:26:56","guid":{"rendered":"http:\/\/folhadosudeste.com\/site\/?p=71228"},"modified":"2020-06-18T17:26:56","modified_gmt":"2020-06-18T17:26:56","slug":"policia-civil-deflagra-operacao-boi-sujo-em-fervedouro-e-regiao","status":"publish","type":"post","link":"http:\/\/folhadosudeste.com\/site\/?p=71228","title":{"rendered":"Pol\u00edcia Civil deflagra opera\u00e7\u00e3o \u201cBoi Sujo\u201d em Fervedouro e regi\u00e3o"},"content":{"rendered":"<p><a href=\"http:\/\/folhadosudeste.com\/site\/wp-content\/uploads\/2020\/06\/f677f8d0-24d9-470f-822a-9265ad4c83c5.jpg\"><img loading=\"lazy\" decoding=\"async\" class=\"alignnone size-full wp-image-71229\" src=\"http:\/\/folhadosudeste.com\/site\/wp-content\/uploads\/2020\/06\/f677f8d0-24d9-470f-822a-9265ad4c83c5.jpg\" alt=\"\" width=\"926\" height=\"687\" srcset=\"http:\/\/folhadosudeste.com\/site\/wp-content\/uploads\/2020\/06\/f677f8d0-24d9-470f-822a-9265ad4c83c5.jpg 926w, http:\/\/folhadosudeste.com\/site\/wp-content\/uploads\/2020\/06\/f677f8d0-24d9-470f-822a-9265ad4c83c5-300x223.jpg 300w, http:\/\/folhadosudeste.com\/site\/wp-content\/uploads\/2020\/06\/f677f8d0-24d9-470f-822a-9265ad4c83c5-768x570.jpg 768w, http:\/\/folhadosudeste.com\/site\/wp-content\/uploads\/2020\/06\/f677f8d0-24d9-470f-822a-9265ad4c83c5-590x437.jpg 590w\" sizes=\"auto, (max-width: 926px) 100vw, 926px\" \/><\/a><\/p>\n<p style=\"text-align: justify;\"><em>O objetivo da a\u00e7\u00e3o foi combater furtos de gados e de maquin\u00e1rios na regi\u00e3o. Duas pessoas foram presas.<\/em><\/p>\n<p>Na manh\u00e3 desta quarta-feira (17), a Pol\u00edcia Civil de Minas Gerais deflagrou a opera\u00e7\u00e3o \u201c<span class=\"il\">Boi<\/span>&nbsp;Sujo\u201d, com o objetivo de combater furtos de gados e de maquin\u00e1rios no munic\u00edpio de Fervedouro e na regi\u00e3o. Duas pessoas foram presas e um ve\u00edculo Fiat Siena foi apreendido, durante a a\u00e7\u00e3o, cujo nome faz alus\u00e3o \u00e0 origem de mercancia il\u00edcita dos animais.<\/p>\n<p>De acordo com informa\u00e7\u00f5es do Delegado Eduardo Freitas, os homens, suspeitos de integrarem uma quadrilha especializada na pr\u00e1tica criminosa, foram localizados em Fervedouro, j\u00e1 o carro que teria sido utilizado nos crimes para o transporte dos investigados foi localizado no distrito de Bom Jesus da Cachoeira.<\/p>\n<p style=\"text-align: justify;\"><!--more--><br \/>\nSegundo a autoridade policial, os suspeitos foram presos pelos crimes de furto qualificado, associa\u00e7\u00e3o criminosa e corrup\u00e7\u00e3o de menores. Al\u00e9m disso, investiga\u00e7\u00f5es apontam que eles teriam cometido o crime de adultera\u00e7\u00e3o de sinal identificador de ve\u00edculo automotor, pois teriam utilizado um caminh\u00e3o clonado, que j\u00e1 foi apreendido pela Pol\u00edcia<br \/>\nMilitar, para ser utilizado na pr\u00e1tica de furtos de gados.&nbsp;Os homens foram encaminhados ao sistema prisional, permanecendo \u00e0 disposi\u00e7\u00e3o da Justi\u00e7a. As investiga\u00e7\u00f5es prosseguem, inclusive com an\u00e1lise de imagens de c\u00e2meras para apurar a participa\u00e7\u00e3o de outros suspeitos.<\/p>\n<p>Participaram da opera\u00e7\u00e3o policiais civis da 4\u00aa Delegacia Regional de Muria\u00e9, com atua\u00e7\u00e3o de equipes de Muria\u00e9, Fervedouro, Miradouro,Eugen\u00f3polis, Carangola, Divino e Tombos. <strong>Fonte:&nbsp;Assessoria de Comunica\u00e7\u00e3o PCMG<\/strong><span style=\"color: #888888;\"><br \/>\n<\/span><\/p>\n<p><a href=\"http:\/\/folhadosudeste.com\/site\/wp-content\/uploads\/2020\/06\/e29fc772-c2ed-48a4-b8a5-41f120499815.jpg\"><img loading=\"lazy\" decoding=\"async\" class=\"alignnone size-full wp-image-71230\" src=\"http:\/\/folhadosudeste.com\/site\/wp-content\/uploads\/2020\/06\/e29fc772-c2ed-48a4-b8a5-41f120499815.jpg\" alt=\"\" width=\"926\" height=\"540\" srcset=\"http:\/\/folhadosudeste.com\/site\/wp-content\/uploads\/2020\/06\/e29fc772-c2ed-48a4-b8a5-41f120499815.jpg 926w, http:\/\/folhadosudeste.com\/site\/wp-content\/uploads\/2020\/06\/e29fc772-c2ed-48a4-b8a5-41f120499815-300x175.jpg 300w, http:\/\/folhadosudeste.com\/site\/wp-content\/uploads\/2020\/06\/e29fc772-c2ed-48a4-b8a5-41f120499815-768x448.jpg 768w\" sizes=\"auto, (max-width: 926px) 100vw, 926px\" \/><\/a><\/p>\n","protected":false},"excerpt":{"rendered":"<p>O objetivo da a\u00e7\u00e3o foi combater furtos de gados e de maquin\u00e1rios na regi\u00e3o. Duas pessoas foram presas. Na manh\u00e3 desta quarta-feira (17), a Pol\u00edcia Civil de Minas Gerais deflagrou a opera\u00e7\u00e3o \u201cBoi&nbsp;Sujo\u201d, com o objetivo de combater furtos de gados e de maquin\u00e1rios no munic\u00edpio de Fervedouro e na regi\u00e3o. Duas pessoas foram presas [&hellip;]<\/p>\n","protected":false},"author":6,"featured_media":0,"comment_status":"open","ping_status":"closed","sticky":false,"template":"","format":"standard","meta":{"_joinchat":[],"footnotes":""},"categories":[1],"tags":[],"class_list":["post-71228","post","type-post","status-publish","format-standard","hentry","category-sem-categoria"],"_links":{"self":[{"href":"http:\/\/folhadosudeste.com\/site\/index.php?rest_route=\/wp\/v2\/posts\/71228","targetHints":{"allow":["GET"]}}],"collection":[{"href":"http:\/\/folhadosudeste.com\/site\/index.php?rest_route=\/wp\/v2\/posts"}],"about":[{"href":"http:\/\/folhadosudeste.com\/site\/index.php?rest_route=\/wp\/v2\/types\/post"}],"author":[{"embeddable":true,"href":"http:\/\/folhadosudeste.com\/site\/index.php?rest_route=\/wp\/v2\/users\/6"}],"replies":[{"embeddable":true,"href":"http:\/\/folhadosudeste.com\/site\/index.php?rest_route=%2Fwp%2Fv2%2Fcomments&post=71228"}],"version-history":[{"count":1,"href":"http:\/\/folhadosudeste.com\/site\/index.php?rest_route=\/wp\/v2\/posts\/71228\/revisions"}],"predecessor-version":[{"id":71231,"href":"http:\/\/folhadosudeste.com\/site\/index.php?rest_route=\/wp\/v2\/posts\/71228\/revisions\/71231"}],"wp:attachment":[{"href":"http:\/\/folhadosudeste.com\/site\/index.php?rest_route=%2Fwp%2Fv2%2Fmedia&parent=71228"}],"wp:term":[{"taxonomy":"category","embeddable":true,"href":"http:\/\/folhadosudeste.com\/site\/index.php?rest_route=%2Fwp%2Fv2%2Fcategories&post=71228"},{"taxonomy":"post_tag","embeddable":true,"href":"http:\/\/folhadosudeste.com\/site\/index.php?rest_route=%2Fwp%2Fv2%2Ftags&post=71228"}],"curies":[{"name":"wp","href":"https:\/\/api.w.org\/{rel}","templated":true}]}}