{"id":71232,"date":"2020-06-18T22:20:22","date_gmt":"2020-06-18T22:20:22","guid":{"rendered":"http:\/\/folhadosudeste.com\/site\/?p=71232"},"modified":"2020-06-18T22:20:22","modified_gmt":"2020-06-18T22:20:22","slug":"comercio-em-muriae-tera-transicao-no-fim-de-semana-veja-como-fica-o-funcionamento","status":"publish","type":"post","link":"http:\/\/folhadosudeste.com\/site\/?p=71232","title":{"rendered":"Com\u00e9rcio em Muria\u00e9 ter\u00e1 transi\u00e7\u00e3o no fim de semana; veja como fica o funcionamento"},"content":{"rendered":"<p><img decoding=\"async\" src=\"https:\/\/s2.glbimg.com\/CJl3uMQW9I2kA5wcDHXeZZxkw58=\/0x0:900x600\/984x0\/smart\/filters:strip_icc()\/i.s3.glbimg.com\/v1\/AUTH_59edd422c0c84a879bd37670ae4f538a\/internal_photos\/bs\/2018\/U\/q\/AIePPJTbqefLBy98XTew\/prefeitura-inicia-operacao-cidade-limpa-para-melhorar-limpeza-e-conservacao-urbana-em-muriae.jpg\" alt=\"Prefeitura de Muria\u00e9 autoriza funcionamento de alguns setores do ...\"><\/p>\n<p style=\"text-align: justify;\">Conforme anunciado em transmiss\u00e3o ao vivo pela internet na noite de ontem, o funcionamento do com\u00e9rcio em Muria\u00e9 ter\u00e1 um per\u00edodo de transi\u00e7\u00e3o neste fim de semana &#8211; ou seja, entre sexta-feira e domingo.<\/p>\n<p style=\"text-align: justify;\">Cabe ressaltar que as regras afetam apenas a \u00e1rea comercial. O setor industrial est\u00e1 liberado para funcionar, CONFORME DETERMINAM O DECRETO FEDERAL EM VIGOR E O PROGRAMA &#8220;MINAS CONSCIENTE&#8221;.<\/p>\n<p style=\"text-align: justify;\">Nos pr\u00f3ximos dias, o comit\u00ea da covid-19 definir\u00e1 novas regras que valer\u00e3o a partir de segunda-feira (22), quando a cidade entrar\u00e1 em sistema de &#8220;Distanciamento Social Ampliado&#8221; &#8211; uma medida anterior ao chamado lockdown.<\/p>\n<p style=\"text-align: justify;\">Ou seja: ser\u00e3o adotadas normas mais restritivas em rela\u00e7\u00e3o \u00e0s atuais, mas n\u00e3o haver\u00e1 lockdown neste momento.<\/p>\n<p><!--more--><\/p>\n<p style=\"text-align: justify;\">Outro ponto importante: ao contr\u00e1rio do que foi anunciado durante a transmiss\u00e3o, a ilumina\u00e7\u00e3o da BR-356 (&#8220;Via Sa\u00fade&#8221;) n\u00e3o ser\u00e1 desligada, uma vez que o local \u00e9 de passagem obrigat\u00f3ria para moradores de diversos bairros. Contudo, fica o apelo para que o cal\u00e7ad\u00e3o n\u00e3o seja utilizado para atividades f\u00edsicas neste momento.<\/p>\n<p style=\"text-align: justify;\">Veja como fica o funcionamento neste final de semana:<\/p>\n<p style=\"text-align: justify;\">Farm\u00e1cias &#8211; todos os dias at\u00e9 22h; ap\u00f3s este hor\u00e1rio, apenas farm\u00e1cias de plant\u00e3o podem permanecer abertas;<\/p>\n<p style=\"text-align: justify;\">Postos de combust\u00edvel &#8211; todos os dias at\u00e9 22h;<\/p>\n<p style=\"text-align: justify;\">*Padarias &#8211; todos os dias at\u00e9 20h;<\/p>\n<p style=\"text-align: justify;\">Supermercados &#8211;&nbsp;de segunda a s\u00e1bado at\u00e9 20h; aos domingos e feriados, ficam fechados;<\/p>\n<p style=\"text-align: justify;\">Oficinas mec\u00e2nicas &#8211;&nbsp;de segunda a s\u00e1bado at\u00e9 18h;<\/p>\n<p style=\"text-align: justify;\">Todos os outros tipos de com\u00e9rcio (lojas) &#8211;&nbsp;de segunda a sexta, das 12h \u00e0s 18h; aos s\u00e1bados, das 9h \u00e0s 13h. Fora deste hor\u00e1rio, o funcionamento ser\u00e1 apenas com delivery: ou seja, com entrega ao cliente em casa. Fica proibido o funcionamento do com\u00e9rcio com meia porta para retirada de produtos;<\/p>\n<p style=\"text-align: justify;\">Lanchonetes e restaurantes &#8211; ter\u00e3o as mesmas regras de funcionamento do com\u00e9rcio em geral e ficar\u00e3o proibidos de receber clientes \u00e0 noite;<\/p>\n<p style=\"text-align: justify;\">Bancos e loterias &#8211;&nbsp;fica mantido o mesmo hor\u00e1rio atual, por\u00e9m s\u00f3 poder\u00e1 haver o acesso de um cliente por vez para cada terminal que estiver em funcionamento. Tamb\u00e9m dever\u00e1 ser feito controle r\u00edgido de acesso e da organiza\u00e7\u00e3o da fila;<\/p>\n<p style=\"text-align: justify;\">Ind\u00fastrias e confec\u00e7\u00f5es &#8211;&nbsp;continuam com as mesmas regras atualmente em vigor;<\/p>\n<p style=\"text-align: justify;\">Academias &#8211;&nbsp;continuam com as mesmas regras atualmente em vigor;<\/p>\n<p style=\"text-align: justify;\">Cl\u00ednicas e consult\u00f3rios &#8211;&nbsp;continuam com as mesmas regras atualmente em vigor;<\/p>\n<p style=\"text-align: justify;\">Feira de domingo &#8211; ser\u00e1 realizada dentro do mesmo hor\u00e1rio atual, por\u00e9m com duas mudan\u00e7as: 1) presen\u00e7a apenas feirantes residentes no munic\u00edpio de Muria\u00e9; 2) proibida a montagem de barracas de lanches e bebidas de qualquer tipo (past\u00e9is, sandu\u00edches, churrasquinhos, caldo de cana, etc);<\/p>\n<p style=\"text-align: justify;\">Centro de Com\u00e9rcio Popular (&#8220;Camel\u00f3dromo&#8221;) &#8211; fechado a partir de sexta-feira;<\/p>\n<p style=\"text-align: justify;\">Campos de futebol e quadras &#8211; fechados.<\/p>\n<p style=\"text-align: justify;\">Informa\u00e7\u00f5es complementares ser\u00e3o divulgadas na resolu\u00e7\u00e3o oficial que sair\u00e1 amanh\u00e3, dia 19\/06.<\/p>\n","protected":false},"excerpt":{"rendered":"<p>Conforme anunciado em transmiss\u00e3o ao vivo pela internet na noite de ontem, o funcionamento do com\u00e9rcio em Muria\u00e9 ter\u00e1 um per\u00edodo de transi\u00e7\u00e3o neste fim de semana &#8211; ou seja, entre sexta-feira e domingo. Cabe ressaltar que as regras afetam apenas a \u00e1rea comercial. O setor industrial est\u00e1 liberado para funcionar, CONFORME DETERMINAM O DECRETO [&hellip;]<\/p>\n","protected":false},"author":6,"featured_media":0,"comment_status":"open","ping_status":"closed","sticky":false,"template":"","format":"standard","meta":{"_joinchat":[],"footnotes":""},"categories":[1],"tags":[],"class_list":["post-71232","post","type-post","status-publish","format-standard","hentry","category-sem-categoria"],"_links":{"self":[{"href":"http:\/\/folhadosudeste.com\/site\/index.php?rest_route=\/wp\/v2\/posts\/71232","targetHints":{"allow":["GET"]}}],"collection":[{"href":"http:\/\/folhadosudeste.com\/site\/index.php?rest_route=\/wp\/v2\/posts"}],"about":[{"href":"http:\/\/folhadosudeste.com\/site\/index.php?rest_route=\/wp\/v2\/types\/post"}],"author":[{"embeddable":true,"href":"http:\/\/folhadosudeste.com\/site\/index.php?rest_route=\/wp\/v2\/users\/6"}],"replies":[{"embeddable":true,"href":"http:\/\/folhadosudeste.com\/site\/index.php?rest_route=%2Fwp%2Fv2%2Fcomments&post=71232"}],"version-history":[{"count":1,"href":"http:\/\/folhadosudeste.com\/site\/index.php?rest_route=\/wp\/v2\/posts\/71232\/revisions"}],"predecessor-version":[{"id":71233,"href":"http:\/\/folhadosudeste.com\/site\/index.php?rest_route=\/wp\/v2\/posts\/71232\/revisions\/71233"}],"wp:attachment":[{"href":"http:\/\/folhadosudeste.com\/site\/index.php?rest_route=%2Fwp%2Fv2%2Fmedia&parent=71232"}],"wp:term":[{"taxonomy":"category","embeddable":true,"href":"http:\/\/folhadosudeste.com\/site\/index.php?rest_route=%2Fwp%2Fv2%2Fcategories&post=71232"},{"taxonomy":"post_tag","embeddable":true,"href":"http:\/\/folhadosudeste.com\/site\/index.php?rest_route=%2Fwp%2Fv2%2Ftags&post=71232"}],"curies":[{"name":"wp","href":"https:\/\/api.w.org\/{rel}","templated":true}]}}