{"id":71251,"date":"2020-06-22T20:09:02","date_gmt":"2020-06-22T20:09:02","guid":{"rendered":"http:\/\/folhadosudeste.com\/site\/?p=71251"},"modified":"2020-06-22T20:09:02","modified_gmt":"2020-06-22T20:09:02","slug":"secretario-de-estado-de-saude-reforca-necessidade-do-isolamento-e-distanciamento-social","status":"publish","type":"post","link":"http:\/\/folhadosudeste.com\/site\/?p=71251","title":{"rendered":"Secret\u00e1rio de Estado de Sa\u00fade refor\u00e7a necessidade do isolamento e distanciamento social"},"content":{"rendered":"<p><a href=\"http:\/\/folhadosudeste.com\/site\/wp-content\/uploads\/2020\/06\/Carlos-Eduardo-Amaral-secret\u00e1rio-Estadual-de-Sa\u00fade.jpg\"><img loading=\"lazy\" decoding=\"async\" class=\"alignnone size-full wp-image-71252\" src=\"http:\/\/folhadosudeste.com\/site\/wp-content\/uploads\/2020\/06\/Carlos-Eduardo-Amaral-secret\u00e1rio-Estadual-de-Sa\u00fade.jpg\" alt=\"\" width=\"640\" height=\"427\" srcset=\"http:\/\/folhadosudeste.com\/site\/wp-content\/uploads\/2020\/06\/Carlos-Eduardo-Amaral-secret\u00e1rio-Estadual-de-Sa\u00fade.jpg 640w, http:\/\/folhadosudeste.com\/site\/wp-content\/uploads\/2020\/06\/Carlos-Eduardo-Amaral-secret\u00e1rio-Estadual-de-Sa\u00fade-300x200.jpg 300w, http:\/\/folhadosudeste.com\/site\/wp-content\/uploads\/2020\/06\/Carlos-Eduardo-Amaral-secret\u00e1rio-Estadual-de-Sa\u00fade-120x80.jpg 120w, http:\/\/folhadosudeste.com\/site\/wp-content\/uploads\/2020\/06\/Carlos-Eduardo-Amaral-secret\u00e1rio-Estadual-de-Sa\u00fade-345x230.jpg 345w\" sizes=\"auto, (max-width: 640px) 100vw, 640px\" \/><\/a><\/p>\n<p style=\"text-align: justify;\"><i>Segundo Carlos Eduardo Amaral, momento \u00e9 o \u201cdivisor de \u00e1guas\u201d no controle da pandemia no estado<u><\/u><u><\/u><\/i><\/p>\n<p style=\"text-align: justify;\"><u><\/u>Ao apresentar os dados do boletim epidemiol\u00f3gico da covid-19 em Minas nesta sexta-feira (19), o secret\u00e1rio Estadual de Sa\u00fade, Carlos Eduardo Amaral, manifestou, mais uma vez, a preocupa\u00e7\u00e3o com a pandemia no estado e refor\u00e7ou a import\u00e2ncia das medidas para a conten\u00e7\u00e3o da doen\u00e7a, entre elas, a necessidade do isolamento e distanciamento social.<u><\/u><u><\/u><\/p>\n<p><!--more--><\/p>\n<p style=\"text-align: justify;\"><u><\/u>O secret\u00e1rio avalia que este momento \u00e9 o \u201cdivisor de \u00e1guas\u201d no controle da pandemia em Minas e que todo cidad\u00e3o deve reavaliar seu comportamento. \u201cSe poss\u00edvel, as pessoas devem come\u00e7ar a retornar \u00e0s suas casas, diminuir a mobilidade e, al\u00e9m disso, ficar atentas \u00e0s medidas de distanciamento e prote\u00e7\u00e3o social. Estamos come\u00e7ando a subir a curva. O n\u00famero de casos tem aumentado, a demanda por leitos tem aumentado, os \u00f3bitos t\u00eam aumentado. Se tivermos uma ades\u00e3o grande, n\u00f3s teremos capacidade assistencial e controle da epidemia\u201d, salienta.<u><\/u><u><\/u><\/p>\n<p style=\"text-align: justify;\"><u><\/u>Ainda de acordo com a an\u00e1lise de Carlos Eduardo, as medidas tomadas agora ter\u00e3o resultados somente ap\u00f3s 15 dias. \u201cIsso quer dizer que, se hoje tivermos uma ades\u00e3o grande da sociedade mineira ao isolamento, n\u00f3s ainda teremos uma tend\u00eancia desta curva aumentar por 15 dias. Se essa ades\u00e3o n\u00e3o acontecer e deixarmos para tomar medidas daqui a 15 dias, os resultados s\u00f3 ser\u00e3o daqui a 30 dias. Por isso, convoco a todos para abolir qualquer festa e reuni\u00e3o com mais pessoas e pensem seriamente se \u00e9 preciso sair de casa e venha\u201d, explica.<u><\/u><u><\/u><\/p>\n<p style=\"text-align: justify;\"><u><\/u>Ainda segundo ele, \u00e9 importante ficar atento \u00e0 higiene, como lavar as m\u00e3os, usar m\u00e1scara e \u00e1lcool em gel, por exemplo. \u201cN\u00f3s precisamos usar as m\u00e1scaras, lavar m\u00e3os, tomar cuidado para n\u00e3o levar as m\u00e3os ao rosto, usar \u00e1lcool em gel, ou seja, isso \u00e9 que vai trazer, efetivamente, um controle da nossa epidemia e que vai preservar vidas no estado de Minas Gerais\u201d, refor\u00e7a.<\/p>\n","protected":false},"excerpt":{"rendered":"<p>Segundo Carlos Eduardo Amaral, momento \u00e9 o \u201cdivisor de \u00e1guas\u201d no controle da pandemia no estado Ao apresentar os dados do boletim epidemiol\u00f3gico da covid-19 em Minas nesta sexta-feira (19), o secret\u00e1rio Estadual de Sa\u00fade, Carlos Eduardo Amaral, manifestou, mais uma vez, a preocupa\u00e7\u00e3o com a pandemia no estado e refor\u00e7ou a import\u00e2ncia das medidas [&hellip;]<\/p>\n","protected":false},"author":6,"featured_media":0,"comment_status":"open","ping_status":"closed","sticky":false,"template":"","format":"standard","meta":{"_joinchat":[],"footnotes":""},"categories":[1],"tags":[],"class_list":["post-71251","post","type-post","status-publish","format-standard","hentry","category-sem-categoria"],"_links":{"self":[{"href":"http:\/\/folhadosudeste.com\/site\/index.php?rest_route=\/wp\/v2\/posts\/71251","targetHints":{"allow":["GET"]}}],"collection":[{"href":"http:\/\/folhadosudeste.com\/site\/index.php?rest_route=\/wp\/v2\/posts"}],"about":[{"href":"http:\/\/folhadosudeste.com\/site\/index.php?rest_route=\/wp\/v2\/types\/post"}],"author":[{"embeddable":true,"href":"http:\/\/folhadosudeste.com\/site\/index.php?rest_route=\/wp\/v2\/users\/6"}],"replies":[{"embeddable":true,"href":"http:\/\/folhadosudeste.com\/site\/index.php?rest_route=%2Fwp%2Fv2%2Fcomments&post=71251"}],"version-history":[{"count":1,"href":"http:\/\/folhadosudeste.com\/site\/index.php?rest_route=\/wp\/v2\/posts\/71251\/revisions"}],"predecessor-version":[{"id":71253,"href":"http:\/\/folhadosudeste.com\/site\/index.php?rest_route=\/wp\/v2\/posts\/71251\/revisions\/71253"}],"wp:attachment":[{"href":"http:\/\/folhadosudeste.com\/site\/index.php?rest_route=%2Fwp%2Fv2%2Fmedia&parent=71251"}],"wp:term":[{"taxonomy":"category","embeddable":true,"href":"http:\/\/folhadosudeste.com\/site\/index.php?rest_route=%2Fwp%2Fv2%2Fcategories&post=71251"},{"taxonomy":"post_tag","embeddable":true,"href":"http:\/\/folhadosudeste.com\/site\/index.php?rest_route=%2Fwp%2Fv2%2Ftags&post=71251"}],"curies":[{"name":"wp","href":"https:\/\/api.w.org\/{rel}","templated":true}]}}