{"id":71263,"date":"2020-06-22T20:20:45","date_gmt":"2020-06-22T20:20:45","guid":{"rendered":"http:\/\/folhadosudeste.com\/site\/?p=71263"},"modified":"2020-06-22T20:20:45","modified_gmt":"2020-06-22T20:20:45","slug":"morre-evaldo-calcagno","status":"publish","type":"post","link":"http:\/\/folhadosudeste.com\/site\/?p=71263","title":{"rendered":"MORRE EVALDO CALCAGNO"},"content":{"rendered":"<p><img decoding=\"async\" src=\"http:\/\/www.silvanalves.com.br\/portal\/wp-content\/uploads\/2020\/06\/DSC_0052_707x471-2.jpg\"><\/p>\n<p style=\"text-align: justify;\"><strong>EVALDO<\/strong>&nbsp;MIGUEL DE ALMEIDA&nbsp;<strong>CALCAGNO<\/strong>&nbsp;\u2013&nbsp;<strong>22\/04\/1952 a 22\/06\/2020<\/strong>. Morreu no fim da manh\u00e3 desta segunda-feira (22), \u201cO Colunista\u201d Evalgo Calcagno, aos 68 anos de idade. Ele estava internado h\u00e1 cerca de uma semana no Hospital S\u00e3o Paulo e foi v\u00edtima de uma pneumot\u00f3rax. Estamos falando de uma grande personalidade da comunica\u00e7\u00e3o muriaeense. Era \u201cO Colunista\u201d e mesmo com os avan\u00e7os nos meios informativos, ele n\u00e3o parou, sua Coluna Social, no seu&nbsp;<strong>Site \u201cBoulevard\u201d<\/strong>&nbsp;era sucesso at\u00e9 os dias atuais. O homem simples, com defici\u00eancia f\u00edsica, deixou um legado na comunica\u00e7\u00e3o, deixou amizades entre todas as classes sociais de Muria\u00e9, onde era muito querido, al\u00e9m de ter deixado vazio no meio cultural. <strong>Fonte: Silvan Alves<\/strong><\/p>\n<p><img decoding=\"async\" src=\"http:\/\/www.silvanalves.com.br\/portal\/wp-content\/uploads\/2020\/06\/DSC_0087_707x375_707x375.jpg\"><\/p>\n","protected":false},"excerpt":{"rendered":"<p>EVALDO&nbsp;MIGUEL DE ALMEIDA&nbsp;CALCAGNO&nbsp;\u2013&nbsp;22\/04\/1952 a 22\/06\/2020. Morreu no fim da manh\u00e3 desta segunda-feira (22), \u201cO Colunista\u201d Evalgo Calcagno, aos 68 anos de idade. Ele estava internado h\u00e1 cerca de uma semana no Hospital S\u00e3o Paulo e foi v\u00edtima de uma pneumot\u00f3rax. Estamos falando de uma grande personalidade da comunica\u00e7\u00e3o muriaeense. Era \u201cO Colunista\u201d e mesmo com [&hellip;]<\/p>\n","protected":false},"author":6,"featured_media":0,"comment_status":"open","ping_status":"closed","sticky":false,"template":"","format":"standard","meta":{"_joinchat":[],"footnotes":""},"categories":[1],"tags":[],"class_list":["post-71263","post","type-post","status-publish","format-standard","hentry","category-sem-categoria"],"_links":{"self":[{"href":"http:\/\/folhadosudeste.com\/site\/index.php?rest_route=\/wp\/v2\/posts\/71263","targetHints":{"allow":["GET"]}}],"collection":[{"href":"http:\/\/folhadosudeste.com\/site\/index.php?rest_route=\/wp\/v2\/posts"}],"about":[{"href":"http:\/\/folhadosudeste.com\/site\/index.php?rest_route=\/wp\/v2\/types\/post"}],"author":[{"embeddable":true,"href":"http:\/\/folhadosudeste.com\/site\/index.php?rest_route=\/wp\/v2\/users\/6"}],"replies":[{"embeddable":true,"href":"http:\/\/folhadosudeste.com\/site\/index.php?rest_route=%2Fwp%2Fv2%2Fcomments&post=71263"}],"version-history":[{"count":1,"href":"http:\/\/folhadosudeste.com\/site\/index.php?rest_route=\/wp\/v2\/posts\/71263\/revisions"}],"predecessor-version":[{"id":71264,"href":"http:\/\/folhadosudeste.com\/site\/index.php?rest_route=\/wp\/v2\/posts\/71263\/revisions\/71264"}],"wp:attachment":[{"href":"http:\/\/folhadosudeste.com\/site\/index.php?rest_route=%2Fwp%2Fv2%2Fmedia&parent=71263"}],"wp:term":[{"taxonomy":"category","embeddable":true,"href":"http:\/\/folhadosudeste.com\/site\/index.php?rest_route=%2Fwp%2Fv2%2Fcategories&post=71263"},{"taxonomy":"post_tag","embeddable":true,"href":"http:\/\/folhadosudeste.com\/site\/index.php?rest_route=%2Fwp%2Fv2%2Ftags&post=71263"}],"curies":[{"name":"wp","href":"https:\/\/api.w.org\/{rel}","templated":true}]}}