{"id":71269,"date":"2020-06-23T15:02:35","date_gmt":"2020-06-23T15:02:35","guid":{"rendered":"http:\/\/folhadosudeste.com\/site\/?p=71269"},"modified":"2020-06-23T15:02:35","modified_gmt":"2020-06-23T15:02:35","slug":"alsol-do-grupo-energisa-investe-r-70-milhoes-em-4-usinas-solares-em-mg","status":"publish","type":"post","link":"http:\/\/folhadosudeste.com\/site\/?p=71269","title":{"rendered":"Alsol, do Grupo Energisa, investe R$ 70 milh\u00f5es em 4 usinas solares em MG"},"content":{"rendered":"<p><a href=\"http:\/\/folhadosudeste.com\/site\/wp-content\/uploads\/2020\/06\/UFV-Capim-III-leve.jpg\"><img loading=\"lazy\" decoding=\"async\" class=\"alignnone size-full wp-image-71270\" src=\"http:\/\/folhadosudeste.com\/site\/wp-content\/uploads\/2020\/06\/UFV-Capim-III-leve.jpg\" alt=\"\" width=\"1000\" height=\"666\" srcset=\"http:\/\/folhadosudeste.com\/site\/wp-content\/uploads\/2020\/06\/UFV-Capim-III-leve.jpg 1000w, http:\/\/folhadosudeste.com\/site\/wp-content\/uploads\/2020\/06\/UFV-Capim-III-leve-300x200.jpg 300w, http:\/\/folhadosudeste.com\/site\/wp-content\/uploads\/2020\/06\/UFV-Capim-III-leve-768x511.jpg 768w, http:\/\/folhadosudeste.com\/site\/wp-content\/uploads\/2020\/06\/UFV-Capim-III-leve-120x80.jpg 120w, http:\/\/folhadosudeste.com\/site\/wp-content\/uploads\/2020\/06\/UFV-Capim-III-leve-345x230.jpg 345w\" sizes=\"auto, (max-width: 1000px) 100vw, 1000px\" \/><\/a><\/p>\n<ul>\n<li><b>Usinas de gera\u00e7\u00e3o solar distribu\u00edda fornecem energia limpa e mais barata a 500 unidades consumidoras, principalmente pequenas e m\u00e9dias empresas<\/b><\/li>\n<li style=\"text-align: justify;\"><b>A usina Santa Rosa ser\u00e1 conectada at\u00e9 o fim de junho; a usina Capim III foi inaugurada em maio. Ambas j\u00e1 t\u00eam 100% de suas cotas de energia contratadas<\/b><\/li>\n<\/ul>\n<p style=\"text-align: justify;\"><u><\/u>A Alsol Energias Renov\u00e1veis, empresa do grupo Energisa, est\u00e1 investindo R$ 70 milh\u00f5es em quatro usinas de gera\u00e7\u00e3o solar distribu\u00edda em Minas Gerais. Todas estar\u00e3o conectadas at\u00e9 julho deste ano, com capacidade de gera\u00e7\u00e3o de cerca de 20,3 MWp (Megawtt pico) \u2013 energia suficiente para abastecer 20 mil resid\u00eancias. O foco principal dos projetos \u2013 dois deles j\u00e1 em opera\u00e7\u00e3o \u2013 \u00e9 o atendimento a pequenas e m\u00e9dias empresas, com objetivo de levar energia a custo mais competitivo a empreendedores neste momento de crise provocada pela Covid-19. Juntas, as quatro obras geraram ou v\u00e3o abrir 240 empregos diretos.<\/p>\n<p><!--more--><\/p>\n<p style=\"text-align: justify;\"><u><\/u>Para o presidente da Alsol e vice-presidente de Gera\u00e7\u00e3o, Transmiss\u00e3o e Servi\u00e7os da Energisa, Geraldo Mota, as novas usinas representam mais um passo na consolida\u00e7\u00e3o da companhia como plataforma de servi\u00e7os integrada de energia. \u201cTemos um compromisso com os clientes, que \u00e9 o de servir, estar pr\u00f3ximo e suprir suas necessidades, ainda mais no cen\u00e1rio atual. Da\u00ed, a import\u00e2ncia de seguirmos investindo neste segmento fundamental para a energia do futuro\u201d, afirma o executivo.<\/p>\n<p style=\"text-align: justify;\"><u><\/u>No fim de maio, a Alsol conectou a usina solar fotovoltaica Capim III, em Uberl\u00e2ndia (MG), com capacidade de 2,3 MWp, gerando energia de forma limpa e sustent\u00e1vel. O investimento foi de cerca de R$ 10 milh\u00f5es.<\/p>\n<p style=\"text-align: justify;\"><u><\/u>Outras duas plantas est\u00e3o sendo conclu\u00eddas, com aportes que somam aproximadamente R$ 40 milh\u00f5es, impulsionando ainda mais a gera\u00e7\u00e3o solar no estado. A usina Santa Rosa, que deve ser inaugurada at\u00e9 o fim de junho, ter\u00e1 capacidade de gera\u00e7\u00e3o de 6,1 MWp. J\u00e1 usina Granja Marileusa I tem conex\u00e3o prevista para julho, com praticamente a mesma capacidade (5,9 MWp).<\/p>\n<p style=\"text-align: justify;\"><u><\/u>Em janeiro, foi inaugurada a usina Jardim II, tamb\u00e9m em Uberl\u00e2ndia, com capacidade de gera\u00e7\u00e3o de 6 MW. O projeto recebeu investimentos da ordem de R$ 20 milh\u00f5es.<\/p>\n<p style=\"text-align: justify;\"><u><\/u>Os clientes dessas usinas s\u00e3o majoritariamente micro, pequenas e m\u00e9dias empresas, que atuam em segmentos essenciais, como supermercados, farm\u00e1cias, padarias e a\u00e7ougues. Neste modelo da Alsol (que faz todos os investimentos e comercializa cotas das fazendas solares), os empreendedores podem obter descontos de aproximadamente 20% na fatura de energia.<\/p>\n<p style=\"text-align: justify;\"><u><\/u>As unidades de Jardim II, Capim III e Santa Rosa j\u00e1 tiveram 100% de suas cotas de energia contratadas, com cerca 500 unidades consumidoras aderindo \u00e0 modalidade gera\u00e7\u00e3o compartilhada, em que clientes localizados dentro da mesma \u00e1rea de concess\u00e3o da distribuidora local usufruem de energia gerada por um mesmo sistema, atrav\u00e9s da compensa\u00e7\u00e3o remota. A Alsol tem clientes em praticamente todas as regi\u00f5es de Minas Gerais.<\/p>\n<p style=\"text-align: justify;\"><u><\/u>\u201cO investimento em energia limpa \u00e9 uma dupla oportunidade para empreendedores que desejam reduzir custos, como as despesas com energia el\u00e9trica, e as suas emiss\u00f5es de poluentes. S\u00e3o duas quest\u00f5es que ganham ainda mais relev\u00e2ncia na economia p\u00f3s-pandemia, portanto, a energia limpa \u00e9 uma aliada na recupera\u00e7\u00e3o econ\u00f4mica e no desenvolvimento regional\u201d, destaca o fundador e CTO da Alsol, Gustavo Malagoli Buiatti.<\/p>\n<p style=\"text-align: justify;\"><u><\/u>As fazendas solares t\u00eam baixo impacto ambiental, considerando par\u00e2metros como solo, \u00e1gua e ar, e reduzem a necessidade de energia proveniente da matriz el\u00e9trica convencional, mais poluente. Estima-se que as quatro usinas somadas evitar\u00e3o a emiss\u00e3o de aproximadamente 2,3 mil toneladas de CO2 por ano, o equivalente ao plantio de 9160 \u00e1rvores.<\/p>\n<p style=\"text-align: justify;\"><u><\/u><b>Sobre a Alsol Energias Renov\u00e1veis<\/b><\/p>\n<p style=\"text-align: justify;\">Pioneira no pa\u00eds em sistemas fotovoltaicos e armazenamento de energia, a Alsol pertence ao Grupo Energisa. \u00c9 especializada em gera\u00e7\u00e3o distribu\u00edda e trabalha com o conceito de Energia 4.0. Conta com mais de 560 projetos em funcionamento, compreendendo cerca de 43 MWp de sistemas fotovoltaicos em opera\u00e7\u00e3o e outros 21 MWp em implanta\u00e7\u00e3o, al\u00e9m de 3,5 MW de storage, biodiesel e biog\u00e1s. Os projetos consistem na combina\u00e7\u00e3o de m\u00faltiplas fontes de energia que se complementam para proporcionar garantia total de fornecimento, possibilitando a redu\u00e7\u00e3o de custos com energia el\u00e9trica. Movida pela inova\u00e7\u00e3o, a Alsol est\u00e1 sempre em busca de novas ideias e melhorias nos seus processos e produtos, reinventando os rumos da energia renov\u00e1vel no Brasil.<\/p>\n<p style=\"text-align: justify;\"><b>Sobre a Energisa<\/b><\/p>\n<p style=\"text-align: justify;\">Com 115 anos de hist\u00f3ria, o Grupo Energisa \u00e9 o 5\u00ba maior em distribui\u00e7\u00e3o de energia el\u00e9trica. Uma das primeiras empresas a abrir capital no Brasil, a companhia controla 11 distribuidoras em Minas Gerais, Para\u00edba, Rio de Janeiro, Sergipe, Mato Grosso, Mato Grosso do Sul, Tocantins, S\u00e3o Paulo, Paran\u00e1, Rond\u00f4nia e Acre. Com receita l\u00edquida anual de R$ 16,9 bilh\u00f5es (ano 2019), o Grupo atende a 7,8 milh\u00f5es de clientes (o que representa uma popula\u00e7\u00e3o atendida de quase 20 milh\u00f5es de pessoas) em 862 munic\u00edpios de todas as regi\u00f5es do Brasil, al\u00e9m de gerar aproximadamente 20,5 mil empregos diretos e indiretos.<\/p>\n<p style=\"text-align: justify;\"><u><\/u>Com a miss\u00e3o de transformar energia em conforto, desenvolvimento e oportunidades de forma sustent\u00e1vel, respons\u00e1vel e \u00e9tica, a Energisa atua com um portf\u00f3lio diversificado que engloba distribui\u00e7\u00e3o, gera\u00e7\u00e3o, transmiss\u00e3o, servi\u00e7os para o setor el\u00e9trico (Energisa Solu\u00e7\u00f5es), servi\u00e7os especializados de Call Center (Multi Energisa), comercializa\u00e7\u00e3o de energia (Energisa Comercializadora) e solu\u00e7\u00f5es em energias renov\u00e1veis (Alsol).<\/p>\n<p><a href=\"http:\/\/folhadosudeste.com\/site\/wp-content\/uploads\/2020\/06\/UFV-Granja-Marileusa-leve.jpg\"><img loading=\"lazy\" decoding=\"async\" class=\"alignnone size-full wp-image-71271\" src=\"http:\/\/folhadosudeste.com\/site\/wp-content\/uploads\/2020\/06\/UFV-Granja-Marileusa-leve.jpg\" alt=\"\" width=\"1000\" height=\"666\" srcset=\"http:\/\/folhadosudeste.com\/site\/wp-content\/uploads\/2020\/06\/UFV-Granja-Marileusa-leve.jpg 1000w, http:\/\/folhadosudeste.com\/site\/wp-content\/uploads\/2020\/06\/UFV-Granja-Marileusa-leve-300x200.jpg 300w, http:\/\/folhadosudeste.com\/site\/wp-content\/uploads\/2020\/06\/UFV-Granja-Marileusa-leve-768x511.jpg 768w, http:\/\/folhadosudeste.com\/site\/wp-content\/uploads\/2020\/06\/UFV-Granja-Marileusa-leve-120x80.jpg 120w, http:\/\/folhadosudeste.com\/site\/wp-content\/uploads\/2020\/06\/UFV-Granja-Marileusa-leve-345x230.jpg 345w\" sizes=\"auto, (max-width: 1000px) 100vw, 1000px\" \/><\/a> <a href=\"http:\/\/folhadosudeste.com\/site\/wp-content\/uploads\/2020\/06\/UFV-Jardim-II.jpeg\"><img loading=\"lazy\" decoding=\"async\" class=\"alignnone size-full wp-image-71272\" src=\"http:\/\/folhadosudeste.com\/site\/wp-content\/uploads\/2020\/06\/UFV-Jardim-II.jpeg\" alt=\"\" width=\"1000\" height=\"1000\" srcset=\"http:\/\/folhadosudeste.com\/site\/wp-content\/uploads\/2020\/06\/UFV-Jardim-II.jpeg 1000w, http:\/\/folhadosudeste.com\/site\/wp-content\/uploads\/2020\/06\/UFV-Jardim-II-150x150.jpeg 150w, http:\/\/folhadosudeste.com\/site\/wp-content\/uploads\/2020\/06\/UFV-Jardim-II-300x300.jpeg 300w, http:\/\/folhadosudeste.com\/site\/wp-content\/uploads\/2020\/06\/UFV-Jardim-II-768x768.jpeg 768w\" sizes=\"auto, (max-width: 1000px) 100vw, 1000px\" \/><\/a><\/p>\n","protected":false},"excerpt":{"rendered":"<p>Usinas de gera\u00e7\u00e3o solar distribu\u00edda fornecem energia limpa e mais barata a 500 unidades consumidoras, principalmente pequenas e m\u00e9dias empresas A usina Santa Rosa ser\u00e1 conectada at\u00e9 o fim de junho; a usina Capim III foi inaugurada em maio. Ambas j\u00e1 t\u00eam 100% de suas cotas de energia contratadas A Alsol Energias Renov\u00e1veis, empresa do [&hellip;]<\/p>\n","protected":false},"author":6,"featured_media":0,"comment_status":"open","ping_status":"closed","sticky":false,"template":"","format":"standard","meta":{"_joinchat":[],"footnotes":""},"categories":[1],"tags":[],"class_list":["post-71269","post","type-post","status-publish","format-standard","hentry","category-sem-categoria"],"_links":{"self":[{"href":"http:\/\/folhadosudeste.com\/site\/index.php?rest_route=\/wp\/v2\/posts\/71269","targetHints":{"allow":["GET"]}}],"collection":[{"href":"http:\/\/folhadosudeste.com\/site\/index.php?rest_route=\/wp\/v2\/posts"}],"about":[{"href":"http:\/\/folhadosudeste.com\/site\/index.php?rest_route=\/wp\/v2\/types\/post"}],"author":[{"embeddable":true,"href":"http:\/\/folhadosudeste.com\/site\/index.php?rest_route=\/wp\/v2\/users\/6"}],"replies":[{"embeddable":true,"href":"http:\/\/folhadosudeste.com\/site\/index.php?rest_route=%2Fwp%2Fv2%2Fcomments&post=71269"}],"version-history":[{"count":1,"href":"http:\/\/folhadosudeste.com\/site\/index.php?rest_route=\/wp\/v2\/posts\/71269\/revisions"}],"predecessor-version":[{"id":71273,"href":"http:\/\/folhadosudeste.com\/site\/index.php?rest_route=\/wp\/v2\/posts\/71269\/revisions\/71273"}],"wp:attachment":[{"href":"http:\/\/folhadosudeste.com\/site\/index.php?rest_route=%2Fwp%2Fv2%2Fmedia&parent=71269"}],"wp:term":[{"taxonomy":"category","embeddable":true,"href":"http:\/\/folhadosudeste.com\/site\/index.php?rest_route=%2Fwp%2Fv2%2Fcategories&post=71269"},{"taxonomy":"post_tag","embeddable":true,"href":"http:\/\/folhadosudeste.com\/site\/index.php?rest_route=%2Fwp%2Fv2%2Ftags&post=71269"}],"curies":[{"name":"wp","href":"https:\/\/api.w.org\/{rel}","templated":true}]}}