{"id":71298,"date":"2020-06-25T18:43:45","date_gmt":"2020-06-25T18:43:45","guid":{"rendered":"http:\/\/folhadosudeste.com\/site\/?p=71298"},"modified":"2020-06-25T18:43:45","modified_gmt":"2020-06-25T18:43:45","slug":"funcionamento-da-prefeitura-no-feriado-municipal-dedicado-ao-padroeiro-da-cidade","status":"publish","type":"post","link":"http:\/\/folhadosudeste.com\/site\/?p=71298","title":{"rendered":"Funcionamento da Prefeitura no feriado municipal dedicado ao padroeiro da cidade"},"content":{"rendered":"<p><a href=\"http:\/\/folhadosudeste.com\/site\/wp-content\/uploads\/2020\/06\/Centro-Administrativo-3.jpg\"><img loading=\"lazy\" decoding=\"async\" class=\"alignnone size-full wp-image-71299\" src=\"http:\/\/folhadosudeste.com\/site\/wp-content\/uploads\/2020\/06\/Centro-Administrativo-3.jpg\" alt=\"\" width=\"1500\" height=\"1202\" srcset=\"http:\/\/folhadosudeste.com\/site\/wp-content\/uploads\/2020\/06\/Centro-Administrativo-3.jpg 1500w, http:\/\/folhadosudeste.com\/site\/wp-content\/uploads\/2020\/06\/Centro-Administrativo-3-300x240.jpg 300w, http:\/\/folhadosudeste.com\/site\/wp-content\/uploads\/2020\/06\/Centro-Administrativo-3-768x615.jpg 768w, http:\/\/folhadosudeste.com\/site\/wp-content\/uploads\/2020\/06\/Centro-Administrativo-3-1024x821.jpg 1024w\" sizes=\"auto, (max-width: 1500px) 100vw, 1500px\" \/><\/a><\/p>\n<p style=\"text-align: justify;\"><i>Expediente acontecer\u00e1 at\u00e9 \u00e0s 18h desta sexta-feira (26); funcionamento normal retorna na ter\u00e7a-feira (30), \u00e0s 12h<\/i><\/p>\n<p style=\"text-align: justify;\">Devido ao feriado municipal do dia dedicado ao padroeiro da cidade, S\u00e3o Paulo, em 29 de junho, o expediente na Prefeitura de Muria\u00e9 ser\u00e1 at\u00e9 \u00e0s 18h desta sexta-feira (26). O funcionamento normal retorna na pr\u00f3xima ter\u00e7a-feira (30), \u00e0s 12h.<\/p>\n<p style=\"text-align: justify;\"><b>Servi\u00e7os considerados essenciais \u00e0 popula\u00e7\u00e3o, como urg\u00eancia e emerg\u00eancia, funcionar\u00e3o normalmente durante o feriado:<\/b><\/p>\n<p><!--more--><\/p>\n<p style=\"text-align: justify;\">&nbsp;&#8211; Coleta de lixo, limpeza urbana e reparos: quaisquer emerg\u00eancia, a popula\u00e7\u00e3o pode entrar em contato com o Departamento Municipal de Saneamento Urbano (Demsur) pelo n\u00famero 115.<\/p>\n<p style=\"text-align: justify;\">&nbsp;&#8211; Defesa Civil: a Defesa Civil funciona em esquema de plant\u00e3o e pode ser acionada pelo n\u00famero 98826-9846.<\/p>\n<p style=\"text-align: justify;\">&nbsp;&#8211; Casa Acolhedora: para acolhimento de fam\u00edlias e pessoas em situa\u00e7\u00e3o de rua.<\/p>\n<p style=\"text-align: justify;\">&nbsp;&#8211; Abordagem Social e Centro Pop: servi\u00e7os podem ser contatados pelos telefones 3728-3877 (Centro Pop) e 98831-6240 (plant\u00e3o).<\/p>\n<p style=\"text-align: justify;\">&nbsp;&#8211; Fiscaliza\u00e7\u00e3o: as equipes que est\u00e3o atuando na fiscaliza\u00e7\u00e3o de estabelecimentos comerciais durante a pandemia do coronav\u00edrus continuar\u00e3o atendendo den\u00fancias normalmente, caso houver.<\/p>\n","protected":false},"excerpt":{"rendered":"<p>Expediente acontecer\u00e1 at\u00e9 \u00e0s 18h desta sexta-feira (26); funcionamento normal retorna na ter\u00e7a-feira (30), \u00e0s 12h Devido ao feriado municipal do dia dedicado ao padroeiro da cidade, S\u00e3o Paulo, em 29 de junho, o expediente na Prefeitura de Muria\u00e9 ser\u00e1 at\u00e9 \u00e0s 18h desta sexta-feira (26). O funcionamento normal retorna na pr\u00f3xima ter\u00e7a-feira (30), \u00e0s [&hellip;]<\/p>\n","protected":false},"author":6,"featured_media":0,"comment_status":"open","ping_status":"closed","sticky":false,"template":"","format":"standard","meta":{"_joinchat":[],"footnotes":""},"categories":[1],"tags":[],"class_list":["post-71298","post","type-post","status-publish","format-standard","hentry","category-sem-categoria"],"_links":{"self":[{"href":"http:\/\/folhadosudeste.com\/site\/index.php?rest_route=\/wp\/v2\/posts\/71298","targetHints":{"allow":["GET"]}}],"collection":[{"href":"http:\/\/folhadosudeste.com\/site\/index.php?rest_route=\/wp\/v2\/posts"}],"about":[{"href":"http:\/\/folhadosudeste.com\/site\/index.php?rest_route=\/wp\/v2\/types\/post"}],"author":[{"embeddable":true,"href":"http:\/\/folhadosudeste.com\/site\/index.php?rest_route=\/wp\/v2\/users\/6"}],"replies":[{"embeddable":true,"href":"http:\/\/folhadosudeste.com\/site\/index.php?rest_route=%2Fwp%2Fv2%2Fcomments&post=71298"}],"version-history":[{"count":1,"href":"http:\/\/folhadosudeste.com\/site\/index.php?rest_route=\/wp\/v2\/posts\/71298\/revisions"}],"predecessor-version":[{"id":71300,"href":"http:\/\/folhadosudeste.com\/site\/index.php?rest_route=\/wp\/v2\/posts\/71298\/revisions\/71300"}],"wp:attachment":[{"href":"http:\/\/folhadosudeste.com\/site\/index.php?rest_route=%2Fwp%2Fv2%2Fmedia&parent=71298"}],"wp:term":[{"taxonomy":"category","embeddable":true,"href":"http:\/\/folhadosudeste.com\/site\/index.php?rest_route=%2Fwp%2Fv2%2Fcategories&post=71298"},{"taxonomy":"post_tag","embeddable":true,"href":"http:\/\/folhadosudeste.com\/site\/index.php?rest_route=%2Fwp%2Fv2%2Ftags&post=71298"}],"curies":[{"name":"wp","href":"https:\/\/api.w.org\/{rel}","templated":true}]}}