{"id":71311,"date":"2020-06-25T19:33:25","date_gmt":"2020-06-25T19:33:25","guid":{"rendered":"http:\/\/folhadosudeste.com\/site\/?p=71311"},"modified":"2020-06-25T19:33:25","modified_gmt":"2020-06-25T19:33:25","slug":"seguindo-calendario-nacional-vacinacao-contra-sarampo-e-prorrogada-em-muriae","status":"publish","type":"post","link":"http:\/\/folhadosudeste.com\/site\/?p=71311","title":{"rendered":"Seguindo calend\u00e1rio nacional, vacina\u00e7\u00e3o contra sarampo \u00e9 prorrogada em Muria\u00e9"},"content":{"rendered":"<p><a href=\"http:\/\/folhadosudeste.com\/site\/wp-content\/uploads\/2020\/06\/DSC_0429.jpg\"><img loading=\"lazy\" decoding=\"async\" class=\"alignnone size-full wp-image-71312\" src=\"http:\/\/folhadosudeste.com\/site\/wp-content\/uploads\/2020\/06\/DSC_0429.jpg\" alt=\"\" width=\"1500\" height=\"1062\" srcset=\"http:\/\/folhadosudeste.com\/site\/wp-content\/uploads\/2020\/06\/DSC_0429.jpg 1500w, http:\/\/folhadosudeste.com\/site\/wp-content\/uploads\/2020\/06\/DSC_0429-300x212.jpg 300w, http:\/\/folhadosudeste.com\/site\/wp-content\/uploads\/2020\/06\/DSC_0429-768x544.jpg 768w, http:\/\/folhadosudeste.com\/site\/wp-content\/uploads\/2020\/06\/DSC_0429-1024x725.jpg 1024w\" sizes=\"auto, (max-width: 1500px) 100vw, 1500px\" \/><\/a><\/p>\n<p style=\"text-align: justify;\"><i>Doses est\u00e3o dispon\u00edveis em todas unidades de sa\u00fade de segunda a sexta-feira, das 8h \u00e0s 16h30min. P\u00fablico-alvo compreende pessoas de 20 a 49 anos<\/i><\/p>\n<p style=\"text-align: justify;\">Seguindo calend\u00e1rio do Minist\u00e9rio da Sa\u00fade em todo o pa\u00eds, Muria\u00e9 vai prorrogar a vacina\u00e7\u00e3o contra o sarampo at\u00e9 31 de agosto.<\/p>\n<p style=\"text-align: justify;\">O objetivo \u00e9 proporcionar mais tempo para que o p\u00fablico-alvo &#8211; ou seja, pessoas entre 20 e 49 anos &#8211; possa receber a vacina, garantindo maior ades\u00e3o \u00e0 tr\u00edplice viral e, consequentemente, ampliar a imuniza\u00e7\u00e3o contra a doen\u00e7a.<\/p>\n<p><!--more--><\/p>\n<p style=\"text-align: justify;\">Al\u00e9m do sarampo, a vacina protege ainda contra rub\u00e9ola e caxumba. As doses est\u00e3o dispon\u00edveis em todas as unidades de sa\u00fade da cidade e distritos de segunda a sexta-feira, das 8h \u00e0s 16h30min. A \u201cDose Zero\u201d \u00e9 uma estrat\u00e9gia imediata do Minist\u00e9rio da Sa\u00fade para barrar a transmiss\u00e3o do v\u00edrus do sarampo que foi reintroduzido no pa\u00eds em 2019.<\/p>\n<p style=\"text-align: justify;\">A meta da Secretaria Municipal de Sa\u00fade \u00e9 vacinar 90% do grupo priorit\u00e1rio \u2013 um total de 47.904 pessoas. No entanto, at\u00e9 o momento, apenas 8.315 haviam recebido a vacina, o que equivale a 17,3% do grupo eletivo imunizado. Vale frisar que n\u00e3o h\u00e1 falta de doses da tr\u00edplice viral no munic\u00edpio, e que a vacina\u00e7\u00e3o continua normalmente na cidade, por ser considerada servi\u00e7o essencial.<\/p>\n","protected":false},"excerpt":{"rendered":"<p>Doses est\u00e3o dispon\u00edveis em todas unidades de sa\u00fade de segunda a sexta-feira, das 8h \u00e0s 16h30min. P\u00fablico-alvo compreende pessoas de 20 a 49 anos Seguindo calend\u00e1rio do Minist\u00e9rio da Sa\u00fade em todo o pa\u00eds, Muria\u00e9 vai prorrogar a vacina\u00e7\u00e3o contra o sarampo at\u00e9 31 de agosto. O objetivo \u00e9 proporcionar mais tempo para que o [&hellip;]<\/p>\n","protected":false},"author":6,"featured_media":0,"comment_status":"open","ping_status":"closed","sticky":false,"template":"","format":"standard","meta":{"_joinchat":[],"footnotes":""},"categories":[1],"tags":[],"class_list":["post-71311","post","type-post","status-publish","format-standard","hentry","category-sem-categoria"],"_links":{"self":[{"href":"http:\/\/folhadosudeste.com\/site\/index.php?rest_route=\/wp\/v2\/posts\/71311","targetHints":{"allow":["GET"]}}],"collection":[{"href":"http:\/\/folhadosudeste.com\/site\/index.php?rest_route=\/wp\/v2\/posts"}],"about":[{"href":"http:\/\/folhadosudeste.com\/site\/index.php?rest_route=\/wp\/v2\/types\/post"}],"author":[{"embeddable":true,"href":"http:\/\/folhadosudeste.com\/site\/index.php?rest_route=\/wp\/v2\/users\/6"}],"replies":[{"embeddable":true,"href":"http:\/\/folhadosudeste.com\/site\/index.php?rest_route=%2Fwp%2Fv2%2Fcomments&post=71311"}],"version-history":[{"count":1,"href":"http:\/\/folhadosudeste.com\/site\/index.php?rest_route=\/wp\/v2\/posts\/71311\/revisions"}],"predecessor-version":[{"id":71313,"href":"http:\/\/folhadosudeste.com\/site\/index.php?rest_route=\/wp\/v2\/posts\/71311\/revisions\/71313"}],"wp:attachment":[{"href":"http:\/\/folhadosudeste.com\/site\/index.php?rest_route=%2Fwp%2Fv2%2Fmedia&parent=71311"}],"wp:term":[{"taxonomy":"category","embeddable":true,"href":"http:\/\/folhadosudeste.com\/site\/index.php?rest_route=%2Fwp%2Fv2%2Fcategories&post=71311"},{"taxonomy":"post_tag","embeddable":true,"href":"http:\/\/folhadosudeste.com\/site\/index.php?rest_route=%2Fwp%2Fv2%2Ftags&post=71311"}],"curies":[{"name":"wp","href":"https:\/\/api.w.org\/{rel}","templated":true}]}}