{"id":71314,"date":"2020-06-26T17:00:04","date_gmt":"2020-06-26T17:00:04","guid":{"rendered":"http:\/\/folhadosudeste.com\/site\/?p=71314"},"modified":"2020-06-26T17:11:13","modified_gmt":"2020-06-26T17:11:13","slug":"mais-um-muriaeense-vence-a-covid-19-e-divide-sua-experiencia-como-forma-de-alerta","status":"publish","type":"post","link":"http:\/\/folhadosudeste.com\/site\/?p=71314","title":{"rendered":"MAIS UM MURIAEENSE VENCE A COVID-19 E DIVIDE SUA EXPERI\u00caNCIA COMO FORMA DE ALERTA"},"content":{"rendered":"<p><a href=\"http:\/\/folhadosudeste.com\/site\/wp-content\/uploads\/2020\/06\/32009efd-5a06-4bc7-9efc-a1ed7f8d088d.jpg\"><img loading=\"lazy\" decoding=\"async\" class=\"alignnone size-full wp-image-71315\" src=\"http:\/\/folhadosudeste.com\/site\/wp-content\/uploads\/2020\/06\/32009efd-5a06-4bc7-9efc-a1ed7f8d088d.jpg\" alt=\"\" width=\"915\" height=\"1280\" srcset=\"http:\/\/folhadosudeste.com\/site\/wp-content\/uploads\/2020\/06\/32009efd-5a06-4bc7-9efc-a1ed7f8d088d.jpg 915w, http:\/\/folhadosudeste.com\/site\/wp-content\/uploads\/2020\/06\/32009efd-5a06-4bc7-9efc-a1ed7f8d088d-214x300.jpg 214w, http:\/\/folhadosudeste.com\/site\/wp-content\/uploads\/2020\/06\/32009efd-5a06-4bc7-9efc-a1ed7f8d088d-768x1074.jpg 768w, http:\/\/folhadosudeste.com\/site\/wp-content\/uploads\/2020\/06\/32009efd-5a06-4bc7-9efc-a1ed7f8d088d-732x1024.jpg 732w\" sizes=\"auto, (max-width: 915px) 100vw, 915px\" \/><\/a><\/p>\n<p style=\"text-align: justify;\">Olene Demarque, 64 anos, foi mais um dos que venceu a COVID-19 em Muria\u00e9 e resolveu dividir sua experi\u00eancia para alertar as pessoas e pedir que a elas se cuidem.&nbsp; Depois de passar 12 dias internado, dos quais 9 no CTI, ele conta sua trajet\u00f3ria no combate \u00e0 doen\u00e7a. \u201cDesde que come\u00e7ou o avan\u00e7o da doen\u00e7a eu sempre usei m\u00e1scara e fazia todos os procedimentos indicados pela OMS, usando \u00e1lcool, lavando as m\u00e3os. Mas n\u00e3o deixei de ir ao supermercado, feira e loteria, era necessidade.\u201d<\/p>\n<p style=\"text-align: justify;\">Olene conta como percebeu que havia algo errado com a sua sa\u00fade. \u201cUm dia, comecei a senti dores no corpo, tosse seca, dor de cabe\u00e7a, depois de uns dois dias, come\u00e7ou a febre, 37.7. No dia seguinte, no mesmo hor\u00e1rio outra febre, dessa vez, de 38.2. Ent\u00e3o, fomos para Casa de Sa\u00fade Santa L\u00facia, eu sabia que era grupo de risco e fiquei preocupado. Fui internado e isolado, depois precisei ir para o CTI. Gra\u00e7as a Deus eu venci a doen\u00e7a, mas aprendi muito com o isolamento. S\u00e3o muitas as li\u00e7\u00f5es que aprendemos quando ficamos isolados. A mais importante \u00e9 ter f\u00e9 e acreditar que DEUS \u00c9 MAIOR.\u201d<\/p>\n<p><!--more--><\/p>\n<p style=\"text-align: justify;\">Olene, que carinhosamente chamamos de Heleno, fez quest\u00e3o de agradecer a todos que rezaram e torceram pela sua sa\u00fade. \u201cAgrade\u00e7o ao jornal Folha do Sudeste a oportunidade de poder divulgar a minha cura do COVID- 19 e tamb\u00e9m alertar as pessoas para que se cuidem. Isso n\u00e3o \u00e9 brincadeira. Agrade\u00e7o primeiro a Deus, minha fam\u00edlia e amigos. Aos m\u00e9dicos, enfermeiros e todos profissionais da Casa de Sa\u00fade Santa L\u00facia, que cuidaram de mim com compet\u00eancia, zelo e carinho o meu sincero muito obrigado.\u201d<\/p>\n<p style=\"text-align: justify;\"><a href=\"http:\/\/folhadosudeste.com\/site\/wp-content\/uploads\/2020\/06\/6df0f50f-c8d4-4c4f-bce3-c33aaf1dda4c.jpg\"><img loading=\"lazy\" decoding=\"async\" class=\"alignnone size-full wp-image-71316\" src=\"http:\/\/folhadosudeste.com\/site\/wp-content\/uploads\/2020\/06\/6df0f50f-c8d4-4c4f-bce3-c33aaf1dda4c.jpg\" alt=\"\" width=\"774\" height=\"1032\" srcset=\"http:\/\/folhadosudeste.com\/site\/wp-content\/uploads\/2020\/06\/6df0f50f-c8d4-4c4f-bce3-c33aaf1dda4c.jpg 774w, http:\/\/folhadosudeste.com\/site\/wp-content\/uploads\/2020\/06\/6df0f50f-c8d4-4c4f-bce3-c33aaf1dda4c-225x300.jpg 225w, http:\/\/folhadosudeste.com\/site\/wp-content\/uploads\/2020\/06\/6df0f50f-c8d4-4c4f-bce3-c33aaf1dda4c-768x1024.jpg 768w\" sizes=\"auto, (max-width: 774px) 100vw, 774px\" \/><\/a><\/p>\n<p><a href=\"http:\/\/folhadosudeste.com\/site\/wp-content\/uploads\/2020\/06\/6ba2def1-8c80-4568-b549-b9dc4903c531.jpg\"><img loading=\"lazy\" decoding=\"async\" class=\"alignnone size-full wp-image-71317\" src=\"http:\/\/folhadosudeste.com\/site\/wp-content\/uploads\/2020\/06\/6ba2def1-8c80-4568-b549-b9dc4903c531.jpg\" alt=\"\" width=\"1280\" height=\"960\" srcset=\"http:\/\/folhadosudeste.com\/site\/wp-content\/uploads\/2020\/06\/6ba2def1-8c80-4568-b549-b9dc4903c531.jpg 1280w, http:\/\/folhadosudeste.com\/site\/wp-content\/uploads\/2020\/06\/6ba2def1-8c80-4568-b549-b9dc4903c531-300x225.jpg 300w, http:\/\/folhadosudeste.com\/site\/wp-content\/uploads\/2020\/06\/6ba2def1-8c80-4568-b549-b9dc4903c531-768x576.jpg 768w, http:\/\/folhadosudeste.com\/site\/wp-content\/uploads\/2020\/06\/6ba2def1-8c80-4568-b549-b9dc4903c531-1024x768.jpg 1024w\" sizes=\"auto, (max-width: 1280px) 100vw, 1280px\" \/><\/a><\/p>\n","protected":false},"excerpt":{"rendered":"<p>Olene Demarque, 64 anos, foi mais um dos que venceu a COVID-19 em Muria\u00e9 e resolveu dividir sua experi\u00eancia para alertar as pessoas e pedir que a elas se cuidem.&nbsp; Depois de passar 12 dias internado, dos quais 9 no CTI, ele conta sua trajet\u00f3ria no combate \u00e0 doen\u00e7a. \u201cDesde que come\u00e7ou o avan\u00e7o da [&hellip;]<\/p>\n","protected":false},"author":6,"featured_media":0,"comment_status":"open","ping_status":"closed","sticky":false,"template":"","format":"standard","meta":{"_joinchat":[],"footnotes":""},"categories":[1],"tags":[],"class_list":["post-71314","post","type-post","status-publish","format-standard","hentry","category-sem-categoria"],"_links":{"self":[{"href":"http:\/\/folhadosudeste.com\/site\/index.php?rest_route=\/wp\/v2\/posts\/71314","targetHints":{"allow":["GET"]}}],"collection":[{"href":"http:\/\/folhadosudeste.com\/site\/index.php?rest_route=\/wp\/v2\/posts"}],"about":[{"href":"http:\/\/folhadosudeste.com\/site\/index.php?rest_route=\/wp\/v2\/types\/post"}],"author":[{"embeddable":true,"href":"http:\/\/folhadosudeste.com\/site\/index.php?rest_route=\/wp\/v2\/users\/6"}],"replies":[{"embeddable":true,"href":"http:\/\/folhadosudeste.com\/site\/index.php?rest_route=%2Fwp%2Fv2%2Fcomments&post=71314"}],"version-history":[{"count":1,"href":"http:\/\/folhadosudeste.com\/site\/index.php?rest_route=\/wp\/v2\/posts\/71314\/revisions"}],"predecessor-version":[{"id":71318,"href":"http:\/\/folhadosudeste.com\/site\/index.php?rest_route=\/wp\/v2\/posts\/71314\/revisions\/71318"}],"wp:attachment":[{"href":"http:\/\/folhadosudeste.com\/site\/index.php?rest_route=%2Fwp%2Fv2%2Fmedia&parent=71314"}],"wp:term":[{"taxonomy":"category","embeddable":true,"href":"http:\/\/folhadosudeste.com\/site\/index.php?rest_route=%2Fwp%2Fv2%2Fcategories&post=71314"},{"taxonomy":"post_tag","embeddable":true,"href":"http:\/\/folhadosudeste.com\/site\/index.php?rest_route=%2Fwp%2Fv2%2Ftags&post=71314"}],"curies":[{"name":"wp","href":"https:\/\/api.w.org\/{rel}","templated":true}]}}