{"id":71319,"date":"2020-06-26T18:07:40","date_gmt":"2020-06-26T18:07:40","guid":{"rendered":"http:\/\/folhadosudeste.com\/site\/?p=71319"},"modified":"2020-06-26T18:07:40","modified_gmt":"2020-06-26T18:07:40","slug":"coluna-social-9","status":"publish","type":"post","link":"http:\/\/folhadosudeste.com\/site\/?p=71319","title":{"rendered":"COLUNA SOCIAL"},"content":{"rendered":"<p>Parab\u00e9ns Dudu !<\/p>\n<p><a href=\"http:\/\/folhadosudeste.com\/site\/wp-content\/uploads\/2020\/06\/eduardo.jpg\"><img loading=\"lazy\" decoding=\"async\" class=\"alignnone size-full wp-image-71320\" src=\"http:\/\/folhadosudeste.com\/site\/wp-content\/uploads\/2020\/06\/eduardo.jpg\" alt=\"\" width=\"768\" height=\"1024\" srcset=\"http:\/\/folhadosudeste.com\/site\/wp-content\/uploads\/2020\/06\/eduardo.jpg 768w, http:\/\/folhadosudeste.com\/site\/wp-content\/uploads\/2020\/06\/eduardo-225x300.jpg 225w\" sizes=\"auto, (max-width: 768px) 100vw, 768px\" \/><\/a><\/p>\n<p style=\"text-align: justify;\">Parab\u00e9ns ao vasca\u00edno Eduardo Ewers que comemorou seus 3 aninhos no dia 23 de junho com sua fam\u00edlia de Carangola, devido a situa\u00e7\u00e3o que estamos passando nesse momento, n\u00e3o p\u00f4de fazer uma festa com a presen\u00e7a de todos os familiares e amiguinhos, mas todos mesmo de casa puderam participar atrav\u00e9s de uma v\u00eddeo chamada e apreciaram a bela decora\u00e7\u00e3o com o tema Lucas Neto e interagiram com o Dudu que ficou muito feliz. Seus pais s\u00e3o Laila Ewers e Thiago Amorim. Felicidades Dudu, que Papai do C\u00e9u proteja com sa\u00fade e muita alegria. S\u00e3o os votos da equipe Folha do Sudeste.<\/p>\n<p><!--more--><\/p>\n<p style=\"text-align: justify;\">Felicidades Guilherme!<\/p>\n<p><a href=\"http:\/\/folhadosudeste.com\/site\/wp-content\/uploads\/2020\/06\/4a0c018d-2958-48db-81ad-1d9a01d2fa17.jpg\"><img loading=\"lazy\" decoding=\"async\" class=\"alignnone size-full wp-image-71322\" src=\"http:\/\/folhadosudeste.com\/site\/wp-content\/uploads\/2020\/06\/4a0c018d-2958-48db-81ad-1d9a01d2fa17.jpg\" alt=\"\" width=\"706\" height=\"702\" srcset=\"http:\/\/folhadosudeste.com\/site\/wp-content\/uploads\/2020\/06\/4a0c018d-2958-48db-81ad-1d9a01d2fa17.jpg 706w, http:\/\/folhadosudeste.com\/site\/wp-content\/uploads\/2020\/06\/4a0c018d-2958-48db-81ad-1d9a01d2fa17-150x150.jpg 150w, http:\/\/folhadosudeste.com\/site\/wp-content\/uploads\/2020\/06\/4a0c018d-2958-48db-81ad-1d9a01d2fa17-300x298.jpg 300w\" sizes=\"auto, (max-width: 706px) 100vw, 706px\" \/><\/a><\/p>\n<p style=\"text-align: justify;\">Quem tamb\u00e9m comemorou seus 14 anos no dia 23 de junho, foi o outro vasca\u00edno Guilherme Amorim. Ele recebeu os parab\u00e9ns dos pais H\u00e9rito Amorim e L\u00facia Aparecida e dos irm\u00e3os Raphael e Thiago. Desejamos ao Guigui felicidades, sa\u00fade e muitos anos de vida!<\/p>\n<p>&nbsp;<\/p>\n<p>71 anos de Dircy<\/p>\n<p><a href=\"http:\/\/folhadosudeste.com\/site\/wp-content\/uploads\/2020\/06\/dircy.jpg\"><img loading=\"lazy\" decoding=\"async\" class=\"alignnone size-full wp-image-71323\" src=\"http:\/\/folhadosudeste.com\/site\/wp-content\/uploads\/2020\/06\/dircy.jpg\" alt=\"\" width=\"960\" height=\"960\" srcset=\"http:\/\/folhadosudeste.com\/site\/wp-content\/uploads\/2020\/06\/dircy.jpg 960w, http:\/\/folhadosudeste.com\/site\/wp-content\/uploads\/2020\/06\/dircy-150x150.jpg 150w, http:\/\/folhadosudeste.com\/site\/wp-content\/uploads\/2020\/06\/dircy-300x300.jpg 300w, http:\/\/folhadosudeste.com\/site\/wp-content\/uploads\/2020\/06\/dircy-768x768.jpg 768w\" sizes=\"auto, (max-width: 960px) 100vw, 960px\" \/><\/a><\/p>\n<p style=\"text-align: justify;\">Quem comemorou seus 71 anos, dia 24\/06, com muita sa\u00fade, foi Dircy, m\u00e3e do jornalista e personal trainer Aquino Cavalher, que inclusive j\u00e1 foi colaborador deste seman\u00e1rio durante muitos anos. Ela recebeu o carinho do filho, dos irm\u00e3os, familiares e amigos. Parab\u00e9ns Dona Dircy! Receba o abra\u00e7o carinhoso da equipe Folha do Sudeste, com votos de felicidades, sa\u00fade e muitos anos de vida. Que a M\u00e3e Aparecida lhe proteja sempre!<\/p>\n<p>&nbsp;<\/p>\n<p style=\"text-align: justify;\">Parab\u00e9ns Lav\u00ednia!<\/p>\n<p><a href=\"http:\/\/folhadosudeste.com\/site\/wp-content\/uploads\/2020\/06\/28f5e0de-4f2f-432f-9e06-1a4bf7e5f0bd.jpg\"><img loading=\"lazy\" decoding=\"async\" class=\"alignnone size-full wp-image-71324\" src=\"http:\/\/folhadosudeste.com\/site\/wp-content\/uploads\/2020\/06\/28f5e0de-4f2f-432f-9e06-1a4bf7e5f0bd.jpg\" alt=\"\" width=\"720\" height=\"692\" srcset=\"http:\/\/folhadosudeste.com\/site\/wp-content\/uploads\/2020\/06\/28f5e0de-4f2f-432f-9e06-1a4bf7e5f0bd.jpg 720w, http:\/\/folhadosudeste.com\/site\/wp-content\/uploads\/2020\/06\/28f5e0de-4f2f-432f-9e06-1a4bf7e5f0bd-300x288.jpg 300w\" sizes=\"auto, (max-width: 720px) 100vw, 720px\" \/><\/a><\/p>\n<p style=\"text-align: justify;\">Parab\u00e9ns a gatinha Lav\u00ednia Braga de Oliveira que estar\u00e1 comemorando seus 11 anos no dia 28 de junho. A princesa \u00e9 filha de Juliana Braga e Luciano Garcia (leia-se Drogaria Santa Rita). Desejamos a Lal\u00e1 felicidades, sa\u00fade e que Jesus continue aben\u00e7oando sua vida!<\/p>\n<p>&nbsp;<\/p>\n<p style=\"text-align: justify;\">Parab\u00e9ns Juliana!<\/p>\n<p><a href=\"http:\/\/folhadosudeste.com\/site\/wp-content\/uploads\/2020\/06\/juliana.jpg\"><img loading=\"lazy\" decoding=\"async\" class=\"alignnone size-full wp-image-71325\" src=\"http:\/\/folhadosudeste.com\/site\/wp-content\/uploads\/2020\/06\/juliana.jpg\" alt=\"\" width=\"720\" height=\"960\" srcset=\"http:\/\/folhadosudeste.com\/site\/wp-content\/uploads\/2020\/06\/juliana.jpg 720w, http:\/\/folhadosudeste.com\/site\/wp-content\/uploads\/2020\/06\/juliana-225x300.jpg 225w\" sizes=\"auto, (max-width: 720px) 100vw, 720px\" \/><\/a><\/p>\n<p style=\"text-align: justify;\">Quem comemorou idade nova no dia 22 de junho foi a design em unha Juliana Braga. Ela recebeu os parab\u00e9ns do seu esposo Luciano Garcia, de sua filha Lav\u00ednia, familiares e de muitos amigos nas redes sociais. Desejamos a Juliana muitas felicidades e que Deus lhe proteja e d\u00ea muita sa\u00fade. Depois que passar o corona v\u00edrus, queremos o churrasco!!!<\/p>\n<p>&nbsp;<\/p>\n<p style=\"text-align: justify;\">Parab\u00e9ns Sandra!<\/p>\n<p><a href=\"http:\/\/folhadosudeste.com\/site\/wp-content\/uploads\/2020\/06\/sandra.jpg\"><img loading=\"lazy\" decoding=\"async\" class=\"alignnone size-full wp-image-71326\" src=\"http:\/\/folhadosudeste.com\/site\/wp-content\/uploads\/2020\/06\/sandra.jpg\" alt=\"\" width=\"649\" height=\"649\" srcset=\"http:\/\/folhadosudeste.com\/site\/wp-content\/uploads\/2020\/06\/sandra.jpg 649w, http:\/\/folhadosudeste.com\/site\/wp-content\/uploads\/2020\/06\/sandra-150x150.jpg 150w, http:\/\/folhadosudeste.com\/site\/wp-content\/uploads\/2020\/06\/sandra-300x300.jpg 300w\" sizes=\"auto, (max-width: 649px) 100vw, 649px\" \/><\/a><\/p>\n<p style=\"text-align: justify;\">Parabenizamos tamb\u00e9m a enfermeira Sandra Braga, que completou mais um ano de vida no dia 18 de junho. Ela recebeu os parab\u00e9ns dos amigos e familiares pelas redes sociais, j\u00e1 que o momento n\u00e3o permite abra\u00e7os. Receba tamb\u00e9m os nossos parab\u00e9ns, com desejos de felicidades, sa\u00fade e muitos anos de vida!<\/p>\n<p>&nbsp;<\/p>\n<p style=\"text-align: justify;\">Parab\u00e9ns Diones!<\/p>\n<p><a href=\"http:\/\/folhadosudeste.com\/site\/wp-content\/uploads\/2020\/06\/DIONES.jpg\"><img loading=\"lazy\" decoding=\"async\" class=\"alignnone size-full wp-image-71327\" src=\"http:\/\/folhadosudeste.com\/site\/wp-content\/uploads\/2020\/06\/DIONES.jpg\" alt=\"\" width=\"768\" height=\"960\" srcset=\"http:\/\/folhadosudeste.com\/site\/wp-content\/uploads\/2020\/06\/DIONES.jpg 768w, http:\/\/folhadosudeste.com\/site\/wp-content\/uploads\/2020\/06\/DIONES-240x300.jpg 240w\" sizes=\"auto, (max-width: 768px) 100vw, 768px\" \/><\/a><\/p>\n<p style=\"text-align: justify;\">Em tempo, parabenizamos o nosso amigo, bailarino e professor de dan\u00e7a Diones Castro, pela passagem de seu anivers\u00e1rio no dia 4 de junho. Receba os parab\u00e9ns da equipe Folha do Sudeste, com votos de felicidades, sa\u00fade e muito sucesso!<\/p>\n<p>&nbsp;<\/p>\n<p style=\"text-align: justify;\">Felicidades J\u00falio!<\/p>\n<p><a href=\"http:\/\/folhadosudeste.com\/site\/wp-content\/uploads\/2020\/06\/jio.jpg\"><img loading=\"lazy\" decoding=\"async\" class=\"alignnone size-full wp-image-71328\" src=\"http:\/\/folhadosudeste.com\/site\/wp-content\/uploads\/2020\/06\/jio.jpg\" alt=\"\" width=\"960\" height=\"960\" srcset=\"http:\/\/folhadosudeste.com\/site\/wp-content\/uploads\/2020\/06\/jio.jpg 960w, http:\/\/folhadosudeste.com\/site\/wp-content\/uploads\/2020\/06\/jio-150x150.jpg 150w, http:\/\/folhadosudeste.com\/site\/wp-content\/uploads\/2020\/06\/jio-300x300.jpg 300w, http:\/\/folhadosudeste.com\/site\/wp-content\/uploads\/2020\/06\/jio-768x768.jpg 768w\" sizes=\"auto, (max-width: 960px) 100vw, 960px\" \/><\/a><\/p>\n<p style=\"text-align: justify;\">Parabenizamos o nosso amigo e radialista J\u00falio Soares, que comemorou seus 74 anos no dia 15 de junho. J\u00falio \u00e9 casado com a simp\u00e1tica In\u00eas Miranda, mais conhecida como Preta, pai de Paulo, S\u00e9rgio e Juliana e av\u00f4 de 6 netos. J\u00falio agora est\u00e1 curtindo a sua fam\u00edlia, depois de 52 anos espalhando sua bela voz em toda regi\u00e3o, atrav\u00e9s das ondas do r\u00e1dio. Desejamos a ele felicidades, sa\u00fade e muitos anos de vida. Receba o abra\u00e7o carinhoso da equipe Folha do Sudeste.<\/p>\n","protected":false},"excerpt":{"rendered":"<p>Parab\u00e9ns Dudu ! Parab\u00e9ns ao vasca\u00edno Eduardo Ewers que comemorou seus 3 aninhos no dia 23 de junho com sua fam\u00edlia de Carangola, devido a situa\u00e7\u00e3o que estamos passando nesse momento, n\u00e3o p\u00f4de fazer uma festa com a presen\u00e7a de todos os familiares e amiguinhos, mas todos mesmo de casa puderam participar atrav\u00e9s de uma [&hellip;]<\/p>\n","protected":false},"author":6,"featured_media":0,"comment_status":"open","ping_status":"closed","sticky":false,"template":"","format":"standard","meta":{"_joinchat":[],"footnotes":""},"categories":[1],"tags":[],"class_list":["post-71319","post","type-post","status-publish","format-standard","hentry","category-sem-categoria"],"_links":{"self":[{"href":"http:\/\/folhadosudeste.com\/site\/index.php?rest_route=\/wp\/v2\/posts\/71319","targetHints":{"allow":["GET"]}}],"collection":[{"href":"http:\/\/folhadosudeste.com\/site\/index.php?rest_route=\/wp\/v2\/posts"}],"about":[{"href":"http:\/\/folhadosudeste.com\/site\/index.php?rest_route=\/wp\/v2\/types\/post"}],"author":[{"embeddable":true,"href":"http:\/\/folhadosudeste.com\/site\/index.php?rest_route=\/wp\/v2\/users\/6"}],"replies":[{"embeddable":true,"href":"http:\/\/folhadosudeste.com\/site\/index.php?rest_route=%2Fwp%2Fv2%2Fcomments&post=71319"}],"version-history":[{"count":1,"href":"http:\/\/folhadosudeste.com\/site\/index.php?rest_route=\/wp\/v2\/posts\/71319\/revisions"}],"predecessor-version":[{"id":71329,"href":"http:\/\/folhadosudeste.com\/site\/index.php?rest_route=\/wp\/v2\/posts\/71319\/revisions\/71329"}],"wp:attachment":[{"href":"http:\/\/folhadosudeste.com\/site\/index.php?rest_route=%2Fwp%2Fv2%2Fmedia&parent=71319"}],"wp:term":[{"taxonomy":"category","embeddable":true,"href":"http:\/\/folhadosudeste.com\/site\/index.php?rest_route=%2Fwp%2Fv2%2Fcategories&post=71319"},{"taxonomy":"post_tag","embeddable":true,"href":"http:\/\/folhadosudeste.com\/site\/index.php?rest_route=%2Fwp%2Fv2%2Ftags&post=71319"}],"curies":[{"name":"wp","href":"https:\/\/api.w.org\/{rel}","templated":true}]}}