{"id":71370,"date":"2020-06-30T19:36:58","date_gmt":"2020-06-30T19:36:58","guid":{"rendered":"http:\/\/folhadosudeste.com\/site\/?p=71370"},"modified":"2020-06-30T19:36:58","modified_gmt":"2020-06-30T19:36:58","slug":"confirmadas-mais-duas-mortes-por-covid-19-em-muriae","status":"publish","type":"post","link":"http:\/\/folhadosudeste.com\/site\/?p=71370","title":{"rendered":"Confirmadas mais duas mortes por covid-19 em Muria\u00e9"},"content":{"rendered":"<p style=\"text-align: justify;\"><a href=\"http:\/\/folhadosudeste.com\/site\/wp-content\/uploads\/2020\/06\/E3ABAC93-FCB9-4F28-8690-9D4DFB0E64A0.jpeg\"><img loading=\"lazy\" decoding=\"async\" class=\"alignnone size-full wp-image-71371\" src=\"http:\/\/folhadosudeste.com\/site\/wp-content\/uploads\/2020\/06\/E3ABAC93-FCB9-4F28-8690-9D4DFB0E64A0.jpeg\" alt=\"\" width=\"1081\" height=\"1081\" srcset=\"http:\/\/folhadosudeste.com\/site\/wp-content\/uploads\/2020\/06\/E3ABAC93-FCB9-4F28-8690-9D4DFB0E64A0.jpeg 1081w, http:\/\/folhadosudeste.com\/site\/wp-content\/uploads\/2020\/06\/E3ABAC93-FCB9-4F28-8690-9D4DFB0E64A0-150x150.jpeg 150w, http:\/\/folhadosudeste.com\/site\/wp-content\/uploads\/2020\/06\/E3ABAC93-FCB9-4F28-8690-9D4DFB0E64A0-300x300.jpeg 300w, http:\/\/folhadosudeste.com\/site\/wp-content\/uploads\/2020\/06\/E3ABAC93-FCB9-4F28-8690-9D4DFB0E64A0-768x768.jpeg 768w, http:\/\/folhadosudeste.com\/site\/wp-content\/uploads\/2020\/06\/E3ABAC93-FCB9-4F28-8690-9D4DFB0E64A0-1024x1024.jpeg 1024w\" sizes=\"auto, (max-width: 1081px) 100vw, 1081px\" \/><\/a><br \/>\nMais dois \u00f3bitos por covid-19 foram confirmados em Muria\u00e9 atrav\u00e9s de exames de laborat\u00f3rio. Ambos os pacientes eram homens, moravam no munic\u00edpio e tinham hist\u00f3rico de problemas com \u00e1lcool e tabagismo.<\/p>\n<p style=\"text-align: justify;\">O mais jovem tinha 38 anos e morreu em 23 de junho; j\u00e1 o mais velho estava com 61 anos e tamb\u00e9m sofria de press\u00e3o alta. Ele faleceu no dia 25 deste m\u00eas.<\/p>\n<p><!--more--><\/p>\n<p style=\"text-align: justify;\">Em rela\u00e7\u00e3o \u00e0s novas infecc\u00e7\u00f5es, foram anotados mais 82 casos da doen\u00e7a entre muriaeenses e 6 entre pessas de outras cidades.<\/p>\n<p style=\"text-align: justify;\">Veja os n\u00fameros completos do boletim desta ter\u00e7a-feira, dia 30 de junho:<\/p>\n<p style=\"text-align: justify;\"><strong>Moradores de Muria\u00e9 &#8211;<\/strong> J\u00e1 s\u00e3o 765 confirma\u00e7\u00f5es desde o in\u00edcio da pandemia, com 385 pacientes ainda ativos, 356 j\u00e1 recuperados e 24 \u00f3bitos.<\/p>\n<p style=\"text-align: justify;\"><strong>Pessoas de outras cidades &#8211;<\/strong>Somam 75 casos at\u00e9 o momento. S\u00e3o 27 pessoas em tratamento da doen\u00e7a, 39 curados e 9 mortos.<\/p>\n","protected":false},"excerpt":{"rendered":"<p>Mais dois \u00f3bitos por covid-19 foram confirmados em Muria\u00e9 atrav\u00e9s de exames de laborat\u00f3rio. Ambos os pacientes eram homens, moravam no munic\u00edpio e tinham hist\u00f3rico de problemas com \u00e1lcool e tabagismo. O mais jovem tinha 38 anos e morreu em 23 de junho; j\u00e1 o mais velho estava com 61 anos e tamb\u00e9m sofria de [&hellip;]<\/p>\n","protected":false},"author":6,"featured_media":0,"comment_status":"open","ping_status":"closed","sticky":false,"template":"","format":"standard","meta":{"_joinchat":[],"footnotes":""},"categories":[1],"tags":[],"class_list":["post-71370","post","type-post","status-publish","format-standard","hentry","category-sem-categoria"],"_links":{"self":[{"href":"http:\/\/folhadosudeste.com\/site\/index.php?rest_route=\/wp\/v2\/posts\/71370","targetHints":{"allow":["GET"]}}],"collection":[{"href":"http:\/\/folhadosudeste.com\/site\/index.php?rest_route=\/wp\/v2\/posts"}],"about":[{"href":"http:\/\/folhadosudeste.com\/site\/index.php?rest_route=\/wp\/v2\/types\/post"}],"author":[{"embeddable":true,"href":"http:\/\/folhadosudeste.com\/site\/index.php?rest_route=\/wp\/v2\/users\/6"}],"replies":[{"embeddable":true,"href":"http:\/\/folhadosudeste.com\/site\/index.php?rest_route=%2Fwp%2Fv2%2Fcomments&post=71370"}],"version-history":[{"count":1,"href":"http:\/\/folhadosudeste.com\/site\/index.php?rest_route=\/wp\/v2\/posts\/71370\/revisions"}],"predecessor-version":[{"id":71372,"href":"http:\/\/folhadosudeste.com\/site\/index.php?rest_route=\/wp\/v2\/posts\/71370\/revisions\/71372"}],"wp:attachment":[{"href":"http:\/\/folhadosudeste.com\/site\/index.php?rest_route=%2Fwp%2Fv2%2Fmedia&parent=71370"}],"wp:term":[{"taxonomy":"category","embeddable":true,"href":"http:\/\/folhadosudeste.com\/site\/index.php?rest_route=%2Fwp%2Fv2%2Fcategories&post=71370"},{"taxonomy":"post_tag","embeddable":true,"href":"http:\/\/folhadosudeste.com\/site\/index.php?rest_route=%2Fwp%2Fv2%2Ftags&post=71370"}],"curies":[{"name":"wp","href":"https:\/\/api.w.org\/{rel}","templated":true}]}}