{"id":71379,"date":"2020-07-01T17:28:25","date_gmt":"2020-07-01T17:28:25","guid":{"rendered":"http:\/\/folhadosudeste.com\/site\/?p=71379"},"modified":"2020-07-01T17:28:25","modified_gmt":"2020-07-01T17:28:25","slug":"muriae-confirma-61-novos-casos-e-mais-uma-morte-entre-moradores","status":"publish","type":"post","link":"http:\/\/folhadosudeste.com\/site\/?p=71379","title":{"rendered":"Muria\u00e9 confirma 61 novos casos e mais uma morte entre moradores"},"content":{"rendered":"<p><a href=\"http:\/\/folhadosudeste.com\/site\/wp-content\/uploads\/2020\/07\/WhatsApp-Image-2020-07-01-at-14.07.17.jpeg\"><img loading=\"lazy\" decoding=\"async\" class=\"alignnone size-full wp-image-71380\" src=\"http:\/\/folhadosudeste.com\/site\/wp-content\/uploads\/2020\/07\/WhatsApp-Image-2020-07-01-at-14.07.17.jpeg\" alt=\"\" width=\"1081\" height=\"1081\" srcset=\"http:\/\/folhadosudeste.com\/site\/wp-content\/uploads\/2020\/07\/WhatsApp-Image-2020-07-01-at-14.07.17.jpeg 1081w, http:\/\/folhadosudeste.com\/site\/wp-content\/uploads\/2020\/07\/WhatsApp-Image-2020-07-01-at-14.07.17-150x150.jpeg 150w, http:\/\/folhadosudeste.com\/site\/wp-content\/uploads\/2020\/07\/WhatsApp-Image-2020-07-01-at-14.07.17-300x300.jpeg 300w, http:\/\/folhadosudeste.com\/site\/wp-content\/uploads\/2020\/07\/WhatsApp-Image-2020-07-01-at-14.07.17-768x768.jpeg 768w, http:\/\/folhadosudeste.com\/site\/wp-content\/uploads\/2020\/07\/WhatsApp-Image-2020-07-01-at-14.07.17-1024x1024.jpeg 1024w\" sizes=\"auto, (max-width: 1081px) 100vw, 1081px\" \/><\/a><\/p>\n<p style=\"text-align: justify;\">Os n\u00fameros da covid-19 continuam crescendo em Muria\u00e9. No boletim desta quarta-feira (1), foram registrados 61 novos casos da doen\u00e7a entre muriaeenses, al\u00e9m da confirma\u00e7\u00e3o de mais um \u00f3bito provocado pelo coronav\u00edrus.<\/p>\n<p style=\"text-align: justify;\">A vida perdida foi de senhora de 86 anos que tinha tamb\u00e9m press\u00e3o alta e problemas renais. Ela faleceu na \u00faltima sexta-feira em um hospital da cidade.<\/p>\n<p style=\"text-align: justify;\">Entre pessoas que moram em outras cidades, mas receberam atendimento em Muria\u00e9, foram confirmados mais nove infec\u00e7\u00f5es e duas mortes: uma ocorrida ontem (de um homem de 56 anos que era hipertenso) e outra, na v\u00e9spera (de uma mulher de 46 anos que n\u00e3o tinha comorbidades).<\/p>\n<p><!--more--><\/p>\n<p style=\"text-align: justify;\">N\u00fameros completos desta quarta, dia 1 de julho:<\/p>\n<p style=\"text-align: justify;\"><strong>Moradores de Muria\u00e9 &#8211;<\/strong>&nbsp;445 muriaeenses ainda est\u00e3o em tratamento da nova doen\u00e7a, enquanto 356 j\u00e1 se recuperaram e 25 morreram. O n\u00famero total de confirma\u00e7\u00f5es \u00e9 de 826 casos desde que a pandemia chegou \u00e0 cidade, em mar\u00e7o.<\/p>\n<p style=\"text-align: justify;\"><strong>Pessoas de outras cidades &#8211;<\/strong>&nbsp;S\u00e3o 34 pacientes ainda ativos, 39 curados e 11 mortos, totalizando 84 casos confirmados at\u00e9 o momento.<\/p>\n<p style=\"text-align: justify;\"><strong>Casos em investiga\u00e7\u00e3o &#8211;<\/strong>&nbsp;135 exames est\u00e3o sendo analisados nos laborat\u00f3rios do SUS em Minas (125 s\u00e3o muriaeenses e 10, de outras cidades). Este n\u00famero&nbsp;<strong>N\u00c3O INCLUI<\/strong>&nbsp;os testes r\u00e1pidos e os exames particulares, cujos dados s\u00f3 s\u00e3o registrados no boletim do dia seguinte.<\/p>\n<p style=\"text-align: justify;\"><strong>Pacientes em observa\u00e7\u00e3o &#8211;<\/strong>&nbsp;379 pessoas (sendo 375 de Muria\u00e9) apresentaram sintomas gripe e est\u00e3o sendo monitoradas pela Secretaria Municipal de Sa\u00fade.<\/p>\n<p style=\"text-align: justify;\"><strong>Descartados \u2013<\/strong>&nbsp;890 exames deram negativo at\u00e9 o momento.<\/p>\n","protected":false},"excerpt":{"rendered":"<p>Os n\u00fameros da covid-19 continuam crescendo em Muria\u00e9. No boletim desta quarta-feira (1), foram registrados 61 novos casos da doen\u00e7a entre muriaeenses, al\u00e9m da confirma\u00e7\u00e3o de mais um \u00f3bito provocado pelo coronav\u00edrus. A vida perdida foi de senhora de 86 anos que tinha tamb\u00e9m press\u00e3o alta e problemas renais. Ela faleceu na \u00faltima sexta-feira em [&hellip;]<\/p>\n","protected":false},"author":6,"featured_media":0,"comment_status":"open","ping_status":"closed","sticky":false,"template":"","format":"standard","meta":{"_joinchat":[],"footnotes":""},"categories":[1],"tags":[],"class_list":["post-71379","post","type-post","status-publish","format-standard","hentry","category-sem-categoria"],"_links":{"self":[{"href":"http:\/\/folhadosudeste.com\/site\/index.php?rest_route=\/wp\/v2\/posts\/71379","targetHints":{"allow":["GET"]}}],"collection":[{"href":"http:\/\/folhadosudeste.com\/site\/index.php?rest_route=\/wp\/v2\/posts"}],"about":[{"href":"http:\/\/folhadosudeste.com\/site\/index.php?rest_route=\/wp\/v2\/types\/post"}],"author":[{"embeddable":true,"href":"http:\/\/folhadosudeste.com\/site\/index.php?rest_route=\/wp\/v2\/users\/6"}],"replies":[{"embeddable":true,"href":"http:\/\/folhadosudeste.com\/site\/index.php?rest_route=%2Fwp%2Fv2%2Fcomments&post=71379"}],"version-history":[{"count":1,"href":"http:\/\/folhadosudeste.com\/site\/index.php?rest_route=\/wp\/v2\/posts\/71379\/revisions"}],"predecessor-version":[{"id":71381,"href":"http:\/\/folhadosudeste.com\/site\/index.php?rest_route=\/wp\/v2\/posts\/71379\/revisions\/71381"}],"wp:attachment":[{"href":"http:\/\/folhadosudeste.com\/site\/index.php?rest_route=%2Fwp%2Fv2%2Fmedia&parent=71379"}],"wp:term":[{"taxonomy":"category","embeddable":true,"href":"http:\/\/folhadosudeste.com\/site\/index.php?rest_route=%2Fwp%2Fv2%2Fcategories&post=71379"},{"taxonomy":"post_tag","embeddable":true,"href":"http:\/\/folhadosudeste.com\/site\/index.php?rest_route=%2Fwp%2Fv2%2Ftags&post=71379"}],"curies":[{"name":"wp","href":"https:\/\/api.w.org\/{rel}","templated":true}]}}