{"id":71383,"date":"2020-07-02T17:31:55","date_gmt":"2020-07-02T17:31:55","guid":{"rendered":"http:\/\/folhadosudeste.com\/site\/?p=71383"},"modified":"2020-07-02T17:31:55","modified_gmt":"2020-07-02T17:31:55","slug":"prefeito-de-muriae-recebe-premio-nacional-do-programa-prefeito-amigo-da-crianca","status":"publish","type":"post","link":"http:\/\/folhadosudeste.com\/site\/?p=71383","title":{"rendered":"Prefeito de Muria\u00e9 recebe pr\u00eamio nacional do Programa \u201cPrefeito Amigo da Crian\u00e7a\u201d"},"content":{"rendered":"<p><a href=\"http:\/\/folhadosudeste.com\/site\/wp-content\/uploads\/2020\/07\/Prefeito-de-Muria\u00e9-recebe-pr\u00eamio-nacional-do-Programa-\u201cPrefeito-Amigo-da-Crian\u00e7a\u201d.jpg\"><img loading=\"lazy\" decoding=\"async\" class=\"alignnone size-full wp-image-71384\" src=\"http:\/\/folhadosudeste.com\/site\/wp-content\/uploads\/2020\/07\/Prefeito-de-Muria\u00e9-recebe-pr\u00eamio-nacional-do-Programa-\u201cPrefeito-Amigo-da-Crian\u00e7a\u201d.jpg\" alt=\"\" width=\"1061\" height=\"511\" srcset=\"http:\/\/folhadosudeste.com\/site\/wp-content\/uploads\/2020\/07\/Prefeito-de-Muria\u00e9-recebe-pr\u00eamio-nacional-do-Programa-\u201cPrefeito-Amigo-da-Crian\u00e7a\u201d.jpg 1061w, http:\/\/folhadosudeste.com\/site\/wp-content\/uploads\/2020\/07\/Prefeito-de-Muria\u00e9-recebe-pr\u00eamio-nacional-do-Programa-\u201cPrefeito-Amigo-da-Crian\u00e7a\u201d-300x144.jpg 300w, http:\/\/folhadosudeste.com\/site\/wp-content\/uploads\/2020\/07\/Prefeito-de-Muria\u00e9-recebe-pr\u00eamio-nacional-do-Programa-\u201cPrefeito-Amigo-da-Crian\u00e7a\u201d-768x370.jpg 768w, http:\/\/folhadosudeste.com\/site\/wp-content\/uploads\/2020\/07\/Prefeito-de-Muria\u00e9-recebe-pr\u00eamio-nacional-do-Programa-\u201cPrefeito-Amigo-da-Crian\u00e7a\u201d-1024x493.jpg 1024w\" sizes=\"auto, (max-width: 1061px) 100vw, 1061px\" \/><\/a><\/p>\n<p style=\"font-weight: 400; text-align: justify;\"><em>Grego foi selecionado juntamente com gestores municipais em todo pa\u00eds. Esta \u00e9 a primeira vez que um prefeito de Muria\u00e9 recebe o pr\u00eamio<\/em><\/p>\n<p style=\"font-weight: 400; text-align: justify;\">O prefeito de Muria\u00e9, Grego, foi um dos agraciados em todo pa\u00eds com o t\u00edtulo de \u201cPrefeito Amigo da Crian\u00e7a\u201d. O respeitado pr\u00eamio \u00e9 uma forma de reconhecer os gestores locais que se dedicaram e, ao cumprir todas as etapas propostas pela Funda\u00e7\u00e3o Abrinq (Associa\u00e7\u00e3o Brasileira dos Fabricantes de Brinquedos), demonstraram priorizar ao longo dos quatro anos de gest\u00e3o a\u00e7\u00f5es voltadas \u00e0s crian\u00e7as e aos adolescentes, contribuindo para a melhoria de indicadores para este p\u00fablico.<\/p>\n<p style=\"font-weight: 400; text-align: justify;\">Na sexta edi\u00e7\u00e3o do pr\u00eamio, Grego foi selecionado juntamente com mais 11 prefeitos de Minas e um total de 124 gestores de todo o pa\u00eds. Por causa da pandemia, o evento de premia\u00e7\u00e3o de entrega do selo pela Abrinq foi adiado, sem data prevista para ser divulgada.<\/p>\n<p><!--more--><\/p>\n<p style=\"font-weight: 400; text-align: justify;\">Esta \u00e9 a terceira vez que a gest\u00e3o de Muria\u00e9 participa do programa, no entanto, \u00e9 a primeira vez que um gestor do munic\u00edpio recebe o reconhecimento pleno do Prefeito Amigo da Crian\u00e7a, que foi criado em 1996 e tem o objetivo de mobilizar, engajar e apoiar tecnicamente de forma gratuita os gestores p\u00fablicos e suas equipes no planejamento e na implementa\u00e7\u00e3o de a\u00e7\u00f5es e pol\u00edticas que resultem em avan\u00e7os na garantia dos direitos das crian\u00e7as e dos adolescentes.<\/p>\n<p style=\"font-weight: 400; text-align: justify;\"><strong>A\u00e7\u00f5es de destaque \u2013<\/strong>&nbsp;Entre as a\u00e7\u00f5es municipais que levaram o munic\u00edpio a se destacar nacionalmente no programa est\u00e3o:<\/p>\n<p style=\"font-weight: 400; text-align: justify;\">&#8211; Cria\u00e7\u00e3o do Projeto Apadrinhar, para apoio a crian\u00e7as e adolescentes em acolhimento institucional.<\/p>\n<p style=\"font-weight: 400; text-align: justify;\">&#8211; Redu\u00e7\u00e3o de quatro pontos na m\u00e9dia de alunos por turma nas pr\u00e9-escolas da rede municipal, proporcionando um aprendizado mais personalizado e facilitado. De 20 alunos por turma, em 2016, para 16, em 2019.<\/p>\n<p style=\"font-weight: 400; text-align: justify;\">&#8211; Aumento de 12,2 pontos percentuais na propor\u00e7\u00e3o de docentes de pr\u00e9-escolas p\u00fablicas municipais com ensino superior. De 86,10%, em 2016, para 98,30%, em 2019.<\/p>\n<p style=\"font-weight: 400; text-align: justify;\">&#8211; Aumento de 6,9 pontos percentuais na propor\u00e7\u00e3o de docentes de creches p\u00fablicas municipais com ensino superior completo. De 90,6%, em 2016, para 97,5%, em 2019.<\/p>\n<p style=\"font-weight: 400; text-align: justify;\">&#8211; Aumento das matr\u00edculas em tempo integral em creches municipais pr\u00f3prias. De 895 matr\u00edculas, em 2016, para 998 matr\u00edculas, em 2019.<\/p>\n<p style=\"font-weight: 400; text-align: justify;\">&#8211; PMIA: al\u00e9m disso, Muria\u00e9 conta com o Plano Municipal para a Inf\u00e2ncia e Adolesc\u00eancia. O PMIA orienta os programas, projetos e a\u00e7\u00f5es voltados para crian\u00e7as e adolescentes no munic\u00edpio.<\/p>\n<p style=\"font-weight: 400; text-align: justify;\">O Plano \u00e9 composto por representantes de diversas secretarias e \u00f3rg\u00e3os municipais, como Conselho Municipal dos Direitos da Crian\u00e7a e do Adolescente (CMDCA), Conselho Tutelar, secretarias de Sa\u00fade, de Educa\u00e7\u00e3o e de Desenvolvimento Social e Demsur.<\/p>\n<p style=\"font-weight: 400; text-align: justify;\"><strong>&nbsp;<\/strong><strong>OBS:&nbsp;&nbsp;O resultado da 6\u00aa edi\u00e7\u00e3o do Programa &#8220;Prefeito Amigo da Crian\u00e7a&#8221; est\u00e1 dispon\u00edvel em&nbsp;<a href=\"http:\/\/www.prefeitoamigo.org.br\/\" data-saferedirecturl=\"https:\/\/www.google.com\/url?q=http:\/\/www.prefeitoamigo.org.br&amp;source=gmail&amp;ust=1593797091687000&amp;usg=AFQjCNFJRXlS5mXRBeAwynduOYij32NTWw\">www.prefeitoamigo.org.br<\/a>.<\/strong><\/p>\n","protected":false},"excerpt":{"rendered":"<p>Grego foi selecionado juntamente com gestores municipais em todo pa\u00eds. Esta \u00e9 a primeira vez que um prefeito de Muria\u00e9 recebe o pr\u00eamio O prefeito de Muria\u00e9, Grego, foi um dos agraciados em todo pa\u00eds com o t\u00edtulo de \u201cPrefeito Amigo da Crian\u00e7a\u201d. O respeitado pr\u00eamio \u00e9 uma forma de reconhecer os gestores locais que [&hellip;]<\/p>\n","protected":false},"author":6,"featured_media":0,"comment_status":"open","ping_status":"closed","sticky":false,"template":"","format":"standard","meta":{"_joinchat":[],"footnotes":""},"categories":[1],"tags":[],"class_list":["post-71383","post","type-post","status-publish","format-standard","hentry","category-sem-categoria"],"_links":{"self":[{"href":"http:\/\/folhadosudeste.com\/site\/index.php?rest_route=\/wp\/v2\/posts\/71383","targetHints":{"allow":["GET"]}}],"collection":[{"href":"http:\/\/folhadosudeste.com\/site\/index.php?rest_route=\/wp\/v2\/posts"}],"about":[{"href":"http:\/\/folhadosudeste.com\/site\/index.php?rest_route=\/wp\/v2\/types\/post"}],"author":[{"embeddable":true,"href":"http:\/\/folhadosudeste.com\/site\/index.php?rest_route=\/wp\/v2\/users\/6"}],"replies":[{"embeddable":true,"href":"http:\/\/folhadosudeste.com\/site\/index.php?rest_route=%2Fwp%2Fv2%2Fcomments&post=71383"}],"version-history":[{"count":1,"href":"http:\/\/folhadosudeste.com\/site\/index.php?rest_route=\/wp\/v2\/posts\/71383\/revisions"}],"predecessor-version":[{"id":71385,"href":"http:\/\/folhadosudeste.com\/site\/index.php?rest_route=\/wp\/v2\/posts\/71383\/revisions\/71385"}],"wp:attachment":[{"href":"http:\/\/folhadosudeste.com\/site\/index.php?rest_route=%2Fwp%2Fv2%2Fmedia&parent=71383"}],"wp:term":[{"taxonomy":"category","embeddable":true,"href":"http:\/\/folhadosudeste.com\/site\/index.php?rest_route=%2Fwp%2Fv2%2Fcategories&post=71383"},{"taxonomy":"post_tag","embeddable":true,"href":"http:\/\/folhadosudeste.com\/site\/index.php?rest_route=%2Fwp%2Fv2%2Ftags&post=71383"}],"curies":[{"name":"wp","href":"https:\/\/api.w.org\/{rel}","templated":true}]}}