{"id":71386,"date":"2020-07-02T17:33:03","date_gmt":"2020-07-02T17:33:03","guid":{"rendered":"http:\/\/folhadosudeste.com\/site\/?p=71386"},"modified":"2020-07-02T17:33:03","modified_gmt":"2020-07-02T17:33:03","slug":"saude-mental-planeja-edicao-anual-de-seu-almoco-beneficente","status":"publish","type":"post","link":"http:\/\/folhadosudeste.com\/site\/?p=71386","title":{"rendered":"Sa\u00fade Mental planeja edi\u00e7\u00e3o anual de seu almo\u00e7o beneficente"},"content":{"rendered":"<p><a href=\"http:\/\/folhadosudeste.com\/site\/wp-content\/uploads\/2020\/07\/Almo\u00e7o-beneficente-CAPS-III.jpg\"><img loading=\"lazy\" decoding=\"async\" class=\"alignnone size-full wp-image-71387\" src=\"http:\/\/folhadosudeste.com\/site\/wp-content\/uploads\/2020\/07\/Almo\u00e7o-beneficente-CAPS-III.jpg\" alt=\"\" width=\"912\" height=\"1280\" srcset=\"http:\/\/folhadosudeste.com\/site\/wp-content\/uploads\/2020\/07\/Almo\u00e7o-beneficente-CAPS-III.jpg 912w, http:\/\/folhadosudeste.com\/site\/wp-content\/uploads\/2020\/07\/Almo\u00e7o-beneficente-CAPS-III-214x300.jpg 214w, http:\/\/folhadosudeste.com\/site\/wp-content\/uploads\/2020\/07\/Almo\u00e7o-beneficente-CAPS-III-768x1078.jpg 768w, http:\/\/folhadosudeste.com\/site\/wp-content\/uploads\/2020\/07\/Almo\u00e7o-beneficente-CAPS-III-730x1024.jpg 730w\" sizes=\"auto, (max-width: 912px) 100vw, 912px\" \/><\/a><\/p>\n<p style=\"text-align: justify;\"><i>Iniciativa acontece no dia 2 de agosto, com retirada da marmitex no CAPS III. N\u00e3o haver\u00e1 evento com reuni\u00e3o de pessoas<u><\/u><u><\/u><\/i><\/p>\n<p><!--more--><\/p>\n<p style=\"text-align: justify;\"><u><\/u>Para auxiliar na manuten\u00e7\u00e3o dos servi\u00e7os prestados aos pacientes, a Sa\u00fade Mental de Muria\u00e9 est\u00e1 em fase de planejamento da edi\u00e7\u00e3o anual de seu almo\u00e7o beneficente.&nbsp;<u><\/u>Por causa da pandemia, n\u00e3o haver\u00e1 evento com reuni\u00e3o de pessoas. A iniciativa compreende apenas a retirada da marmitex no CAPS III das 11h30min \u00e0s 13h30min. O almo\u00e7o acontecer\u00e1 em 2 de agosto. O CAPS III est\u00e1 localizado no Centro Educacional Dom Delfim (antiga Febem), na Barra.<u><\/u><u><\/u><u><\/u>&nbsp;<u><\/u><\/p>\n<p style=\"text-align: justify;\">O card\u00e1pio ser\u00e1 composto por arroz, creme de milho, pernil assado e farofa. Cada &#8220;quentinha&#8221; custa R$ 10.&nbsp;<u><\/u>Interessados em contribuir com o almo\u00e7o podem entrar em contato pelos telefones 3729-1281 e 3722-2304.&nbsp;<u><\/u><u><\/u>Vale frisar que todas as medidas de higiene para preven\u00e7\u00e3o ao coronav\u00edrus ser\u00e3o tomadas tanto no preparo quanto na entrega da marmitex.<\/p>\n","protected":false},"excerpt":{"rendered":"<p>Iniciativa acontece no dia 2 de agosto, com retirada da marmitex no CAPS III. N\u00e3o haver\u00e1 evento com reuni\u00e3o de pessoas<\/p>\n","protected":false},"author":6,"featured_media":0,"comment_status":"open","ping_status":"closed","sticky":false,"template":"","format":"standard","meta":{"_joinchat":[],"footnotes":""},"categories":[1],"tags":[],"class_list":["post-71386","post","type-post","status-publish","format-standard","hentry","category-sem-categoria"],"_links":{"self":[{"href":"http:\/\/folhadosudeste.com\/site\/index.php?rest_route=\/wp\/v2\/posts\/71386","targetHints":{"allow":["GET"]}}],"collection":[{"href":"http:\/\/folhadosudeste.com\/site\/index.php?rest_route=\/wp\/v2\/posts"}],"about":[{"href":"http:\/\/folhadosudeste.com\/site\/index.php?rest_route=\/wp\/v2\/types\/post"}],"author":[{"embeddable":true,"href":"http:\/\/folhadosudeste.com\/site\/index.php?rest_route=\/wp\/v2\/users\/6"}],"replies":[{"embeddable":true,"href":"http:\/\/folhadosudeste.com\/site\/index.php?rest_route=%2Fwp%2Fv2%2Fcomments&post=71386"}],"version-history":[{"count":1,"href":"http:\/\/folhadosudeste.com\/site\/index.php?rest_route=\/wp\/v2\/posts\/71386\/revisions"}],"predecessor-version":[{"id":71388,"href":"http:\/\/folhadosudeste.com\/site\/index.php?rest_route=\/wp\/v2\/posts\/71386\/revisions\/71388"}],"wp:attachment":[{"href":"http:\/\/folhadosudeste.com\/site\/index.php?rest_route=%2Fwp%2Fv2%2Fmedia&parent=71386"}],"wp:term":[{"taxonomy":"category","embeddable":true,"href":"http:\/\/folhadosudeste.com\/site\/index.php?rest_route=%2Fwp%2Fv2%2Fcategories&post=71386"},{"taxonomy":"post_tag","embeddable":true,"href":"http:\/\/folhadosudeste.com\/site\/index.php?rest_route=%2Fwp%2Fv2%2Ftags&post=71386"}],"curies":[{"name":"wp","href":"https:\/\/api.w.org\/{rel}","templated":true}]}}