{"id":71390,"date":"2020-07-02T18:32:55","date_gmt":"2020-07-02T18:32:55","guid":{"rendered":"http:\/\/folhadosudeste.com\/site\/?p=71390"},"modified":"2020-07-02T18:32:55","modified_gmt":"2020-07-02T18:32:55","slug":"muriae-registra-80-novos-casos-de-covid-entre-moradores-incluindo-confirmacao-de-mais-uma-morte-ja-sao-mil-pacientes-totais","status":"publish","type":"post","link":"http:\/\/folhadosudeste.com\/site\/?p=71390","title":{"rendered":"Muria\u00e9 registra 80 novos casos de covid entre moradores, incluindo confirma\u00e7\u00e3o de mais uma morte; j\u00e1 s\u00e3o mil pacientes totais"},"content":{"rendered":"<p><img decoding=\"async\" src=\"https:\/\/muriae.mg.gov.br\/wp-content\/uploads\/2020\/07\/02072020.jpg\"><\/p>\n<p style=\"text-align: justify;\">O boletim desta quinta-feira (2) confirmou mais 80 casos de covid-19 entre moradores de Muria\u00e9. Entre as confirma\u00e7\u00f5es, est\u00e1 a de uma senhora que morreu ontem. Ela tinha 73 anos e tamb\u00e9m tinha press\u00e3o alta.<\/p>\n<p style=\"text-align: justify;\">Em rela\u00e7\u00e3o a pessoas de outras cidades que foram atendidas em Muria\u00e9, foram registradas mais 10 infec\u00e7\u00f5es pelo novo coronav\u00edrus, sendo uma delas a confirma\u00e7\u00e3o de um \u00f3bito: tamb\u00e9m de uma senhora, que estava com 72 anos. Ela faleceu no \u00faltimo s\u00e1bado e era hipertensa, diab\u00e9tica e lutava contra um c\u00e2ncer.<\/p>\n<p style=\"text-align: justify;\">Com isso, 906 muriaeenses e 94 pessoas de fora j\u00e1 tiveram covid-19, resultando em exatos mil casos confirmados da nova doen\u00e7a at\u00e9 o momento em Muria\u00e9.<\/p>\n<p><!--more--><\/p>\n<p style=\"text-align: justify;\">N\u00fameros completos de hoje (02\/07\/2020):<\/p>\n<p style=\"text-align: justify;\"><strong>Moradores de Muria\u00e9<\/strong><br \/>\nPacientes ativos: 524 (ontem eram 445);<br \/>\nPacientes curados: 356 (n\u00e3o houve amplia\u00e7\u00e3o nas \u00faltimas 24 horas);<br \/>\n\u00d3bitos: 26 (ontem eram 25);<br \/>\nCasos em investiga\u00e7\u00e3o: 110;<br \/>\nCasos monitorados: 475;<br \/>\nCasos descartados: 736;<\/p>\n<p style=\"text-align: justify;\"><strong>Moradores de outras cidades<\/strong><br \/>\nPacientes ativos: 43 (ontem eram 34);<br \/>\nPacientes curados: 39 (n\u00e3o houve amplia\u00e7\u00e3o nas \u00faltimas 24 horas);<br \/>\n\u00d3bitos: 12 (ontem eram 11);<br \/>\nCasos em investiga\u00e7\u00e3o: 04;<br \/>\nCasos monitorados: 10;<br \/>\nCasos descartados: 248;<\/p>\n<p style=\"text-align: justify;\"><strong>OBS 1:<\/strong>&nbsp;O n\u00famero de casos em investiga\u00e7\u00e3o se refere somente a exames que j\u00e1 est\u00e3o em an\u00e1lise nos laborat\u00f3rios do SUS;<\/p>\n<p style=\"text-align: justify;\"><strong>OBS 2:<\/strong>&nbsp;Os resultados de testes r\u00e1pidos s\u00f3 s\u00e3o registrados no boletim do dia posterior ao da data de realiza\u00e7\u00e3o; j\u00e1 os de exames particulares s\u00e3o computados apenas quando os laborat\u00f3rios enviam os dados para a Secretaria Municipal de Sa\u00fade.<\/p>\n<p style=\"text-align: justify;\"><strong>OBS 3:<\/strong>&nbsp;Os crit\u00e9rios para realiza\u00e7\u00e3o de testes r\u00e1pidos nas unidades b\u00e1sicas de sa\u00fade foram flexibilizados, resultando assim no aumento de casos confirmados de covid-19 em Muria\u00e9.<\/p>\n","protected":false},"excerpt":{"rendered":"<p>O boletim desta quinta-feira (2) confirmou mais 80 casos de covid-19 entre moradores de Muria\u00e9. Entre as confirma\u00e7\u00f5es, est\u00e1 a de uma senhora que morreu ontem. Ela tinha 73 anos e tamb\u00e9m tinha press\u00e3o alta. Em rela\u00e7\u00e3o a pessoas de outras cidades que foram atendidas em Muria\u00e9, foram registradas mais 10 infec\u00e7\u00f5es pelo novo coronav\u00edrus, [&hellip;]<\/p>\n","protected":false},"author":6,"featured_media":0,"comment_status":"open","ping_status":"closed","sticky":false,"template":"","format":"standard","meta":{"_joinchat":[],"footnotes":""},"categories":[1],"tags":[],"class_list":["post-71390","post","type-post","status-publish","format-standard","hentry","category-sem-categoria"],"_links":{"self":[{"href":"http:\/\/folhadosudeste.com\/site\/index.php?rest_route=\/wp\/v2\/posts\/71390","targetHints":{"allow":["GET"]}}],"collection":[{"href":"http:\/\/folhadosudeste.com\/site\/index.php?rest_route=\/wp\/v2\/posts"}],"about":[{"href":"http:\/\/folhadosudeste.com\/site\/index.php?rest_route=\/wp\/v2\/types\/post"}],"author":[{"embeddable":true,"href":"http:\/\/folhadosudeste.com\/site\/index.php?rest_route=\/wp\/v2\/users\/6"}],"replies":[{"embeddable":true,"href":"http:\/\/folhadosudeste.com\/site\/index.php?rest_route=%2Fwp%2Fv2%2Fcomments&post=71390"}],"version-history":[{"count":1,"href":"http:\/\/folhadosudeste.com\/site\/index.php?rest_route=\/wp\/v2\/posts\/71390\/revisions"}],"predecessor-version":[{"id":71391,"href":"http:\/\/folhadosudeste.com\/site\/index.php?rest_route=\/wp\/v2\/posts\/71390\/revisions\/71391"}],"wp:attachment":[{"href":"http:\/\/folhadosudeste.com\/site\/index.php?rest_route=%2Fwp%2Fv2%2Fmedia&parent=71390"}],"wp:term":[{"taxonomy":"category","embeddable":true,"href":"http:\/\/folhadosudeste.com\/site\/index.php?rest_route=%2Fwp%2Fv2%2Fcategories&post=71390"},{"taxonomy":"post_tag","embeddable":true,"href":"http:\/\/folhadosudeste.com\/site\/index.php?rest_route=%2Fwp%2Fv2%2Ftags&post=71390"}],"curies":[{"name":"wp","href":"https:\/\/api.w.org\/{rel}","templated":true}]}}