{"id":71411,"date":"2020-07-06T17:32:43","date_gmt":"2020-07-06T17:32:43","guid":{"rendered":"http:\/\/folhadosudeste.com\/site\/?p=71411"},"modified":"2020-07-06T17:32:43","modified_gmt":"2020-07-06T17:32:43","slug":"prefeito-de-muriae-anunciara-flexibilizacao-do-comercio-em-live-as-19h","status":"publish","type":"post","link":"http:\/\/folhadosudeste.com\/site\/?p=71411","title":{"rendered":"Prefeito de Muria\u00e9 anunciar\u00e1 flexibiliza\u00e7\u00e3o do com\u00e9rcio em\u00a0live\u00a0\u00e0s 19h"},"content":{"rendered":"<p><img decoding=\"async\" src=\"https:\/\/s2.glbimg.com\/CJl3uMQW9I2kA5wcDHXeZZxkw58=\/0x0:900x600\/984x0\/smart\/filters:strip_icc()\/i.s3.glbimg.com\/v1\/AUTH_59edd422c0c84a879bd37670ae4f538a\/internal_photos\/bs\/2018\/U\/q\/AIePPJTbqefLBy98XTew\/prefeitura-inicia-operacao-cidade-limpa-para-melhorar-limpeza-e-conservacao-urbana-em-muriae.jpg\" alt=\"Muria\u00c3\u00a9 passa a contar com Opera\u00c3\u00a7\u00c3\u00a3o 'Cidade Limpa' a partir desta ...\"><\/p>\n<p style=\"text-align: justify;\"><em>Reuni\u00e3o do Comit\u00ea Gestor aconteceu por videoconfer\u00eancia, j\u00e1 que tr\u00eas integrantes est\u00e3o com suspeita de covid<\/em><br \/>\n&nbsp;<br \/>\nO prefeito de Muria\u00e9, Grego, far\u00e1 transmiss\u00e3o ao vivo nesta segunda-feira (6), \u00e0s 19h, para falar como ser\u00e1 feita a flexibiliza\u00e7\u00e3o do com\u00e9rcio, que acontecer\u00e1 de forma gradual. A&nbsp;live&nbsp;ser\u00e1 transmitida pela p\u00e1gina do prefeito no Facebook @GregoMuriae.<br \/>\n&nbsp;<br \/>\nA reuni\u00e3o do Comit\u00ea Gestor, que geralmente acontece na Unica, foi realizada por videoconfer\u00eancia, j\u00e1 que tr\u00eas integrantes est\u00e3o em quarentena por suspeita de covid, felizmente assintom\u00e1ticos.<br \/>\n&nbsp;<br \/>\nAl\u00e9m do prefeito Grego, participaram da videoconfer\u00eancia os secret\u00e1rios municipais Paulo C\u00e9sar de Oliveira (Sa\u00fade), S\u00edlvio Salvato (Planejamento e Controle e Fazenda) e S\u00e9rgio Duarte (Administra\u00e7\u00e3o); secret\u00e1rio Adjunto de Sa\u00fade, Wescley Souza; procurador geral do Munic\u00edpio, Luciano Bandeira; assessora t\u00e9cnica da Secretaria de Desenvolvimento Social, Giselle Braga; m\u00e9dico infectologista da Epidemiologia, Daniel Licy; vereador Doutor Jos\u00e9 Carlos; comandante do 47\u00b0 Batalh\u00e3o da Pol\u00edcia Militar, tenente-coronel M\u00e1rcio; e o promotor F\u00e1bio Lauriano.<\/p>\n","protected":false},"excerpt":{"rendered":"<p>Reuni\u00e3o do Comit\u00ea Gestor aconteceu por videoconfer\u00eancia, j\u00e1 que tr\u00eas integrantes est\u00e3o com suspeita de covid &nbsp; O prefeito de Muria\u00e9, Grego, far\u00e1 transmiss\u00e3o ao vivo nesta segunda-feira (6), \u00e0s 19h, para falar como ser\u00e1 feita a flexibiliza\u00e7\u00e3o do com\u00e9rcio, que acontecer\u00e1 de forma gradual. A&nbsp;live&nbsp;ser\u00e1 transmitida pela p\u00e1gina do prefeito no Facebook @GregoMuriae. &nbsp; [&hellip;]<\/p>\n","protected":false},"author":6,"featured_media":0,"comment_status":"open","ping_status":"closed","sticky":false,"template":"","format":"standard","meta":{"_joinchat":[],"footnotes":""},"categories":[1],"tags":[],"class_list":["post-71411","post","type-post","status-publish","format-standard","hentry","category-sem-categoria"],"_links":{"self":[{"href":"http:\/\/folhadosudeste.com\/site\/index.php?rest_route=\/wp\/v2\/posts\/71411","targetHints":{"allow":["GET"]}}],"collection":[{"href":"http:\/\/folhadosudeste.com\/site\/index.php?rest_route=\/wp\/v2\/posts"}],"about":[{"href":"http:\/\/folhadosudeste.com\/site\/index.php?rest_route=\/wp\/v2\/types\/post"}],"author":[{"embeddable":true,"href":"http:\/\/folhadosudeste.com\/site\/index.php?rest_route=\/wp\/v2\/users\/6"}],"replies":[{"embeddable":true,"href":"http:\/\/folhadosudeste.com\/site\/index.php?rest_route=%2Fwp%2Fv2%2Fcomments&post=71411"}],"version-history":[{"count":1,"href":"http:\/\/folhadosudeste.com\/site\/index.php?rest_route=\/wp\/v2\/posts\/71411\/revisions"}],"predecessor-version":[{"id":71412,"href":"http:\/\/folhadosudeste.com\/site\/index.php?rest_route=\/wp\/v2\/posts\/71411\/revisions\/71412"}],"wp:attachment":[{"href":"http:\/\/folhadosudeste.com\/site\/index.php?rest_route=%2Fwp%2Fv2%2Fmedia&parent=71411"}],"wp:term":[{"taxonomy":"category","embeddable":true,"href":"http:\/\/folhadosudeste.com\/site\/index.php?rest_route=%2Fwp%2Fv2%2Fcategories&post=71411"},{"taxonomy":"post_tag","embeddable":true,"href":"http:\/\/folhadosudeste.com\/site\/index.php?rest_route=%2Fwp%2Fv2%2Ftags&post=71411"}],"curies":[{"name":"wp","href":"https:\/\/api.w.org\/{rel}","templated":true}]}}