{"id":71413,"date":"2020-07-06T19:20:53","date_gmt":"2020-07-06T19:20:53","guid":{"rendered":"http:\/\/folhadosudeste.com\/site\/?p=71413"},"modified":"2020-07-06T19:20:53","modified_gmt":"2020-07-06T19:20:53","slug":"prefeitura-lanca-edital-para-contratacao-de-profissionais-da-saude-para-combate-a-covid","status":"publish","type":"post","link":"http:\/\/folhadosudeste.com\/site\/?p=71413","title":{"rendered":"Prefeitura lan\u00e7a edital para contrata\u00e7\u00e3o de profissionais da sa\u00fade para combate \u00e0 covid"},"content":{"rendered":"<p><a href=\"http:\/\/folhadosudeste.com\/site\/wp-content\/uploads\/2020\/07\/medical-563427_1920.jpg\"><img loading=\"lazy\" decoding=\"async\" class=\"alignnone size-full wp-image-71414\" src=\"http:\/\/folhadosudeste.com\/site\/wp-content\/uploads\/2020\/07\/medical-563427_1920.jpg\" alt=\"\" width=\"1920\" height=\"1280\" srcset=\"http:\/\/folhadosudeste.com\/site\/wp-content\/uploads\/2020\/07\/medical-563427_1920.jpg 1920w, http:\/\/folhadosudeste.com\/site\/wp-content\/uploads\/2020\/07\/medical-563427_1920-300x200.jpg 300w, http:\/\/folhadosudeste.com\/site\/wp-content\/uploads\/2020\/07\/medical-563427_1920-768x512.jpg 768w, http:\/\/folhadosudeste.com\/site\/wp-content\/uploads\/2020\/07\/medical-563427_1920-1024x683.jpg 1024w, http:\/\/folhadosudeste.com\/site\/wp-content\/uploads\/2020\/07\/medical-563427_1920-120x80.jpg 120w, http:\/\/folhadosudeste.com\/site\/wp-content\/uploads\/2020\/07\/medical-563427_1920-345x230.jpg 345w\" sizes=\"auto, (max-width: 1920px) 100vw, 1920px\" \/><\/a><\/p>\n<p style=\"text-align: justify;\"><i>H\u00e1 oportunidades para m\u00e9dico, enfermeiro, auxiliar de enfermagem, auxiliar em sa\u00fade bucal e cirurgi\u00e3o-dentista. Inscri\u00e7\u00f5es prosseguem at\u00e9 10 de julho<u><\/u><u><\/u><\/i><\/p>\n<p style=\"text-align: justify;\"><u><\/u>A Prefeitura de Muria\u00e9, por meio da Secretaria Municipal de Sa\u00fade, lan\u00e7ou novo edital de processo seletivo para contrata\u00e7\u00e3o de profissionais para atua\u00e7\u00e3o no enfrentamento ao coronav\u00edrus. Est\u00e1 sendo oferecida uma vaga mais cadastro de reserva para as fun\u00e7\u00f5es de m\u00e9dico, enfermeiro, auxiliar de enfermagem, auxiliar em sa\u00fade bucal e cirurgi\u00e3o-dentista.<u><\/u><u><\/u><\/p>\n<p style=\"text-align: justify;\"><u><\/u>Em raz\u00e3o da finalidade das contrata\u00e7\u00f5es, n\u00e3o ser\u00e1 permitida a participa\u00e7\u00e3o de candidatos com mais de 60 anos, gestantes e lactantes, portadores de comorbidades ou outras condi\u00e7\u00f5es de risco de desenvolver sintomas mais graves da covid-19.<u><\/u><u><\/u><\/p>\n<p><!--more--><\/p>\n<p style=\"text-align: justify;\"><u><\/u><b>Inscri\u00e7\u00f5es \u2013<\/b>&nbsp;As inscri\u00e7\u00f5es podem ser feitas at\u00e9 a pr\u00f3xima sexta-feira (10), das 13h \u00e0s 17h, presencialmente na sede da Secretaria Municipal de Sa\u00fade, localizada no 1\u00ba andar do Centro Administrativo.<u><\/u><u><\/u><\/p>\n<p style=\"text-align: justify;\"><u><\/u>Para fazer o cadastro, o interessado deve apresentar ficha de inscri\u00e7\u00e3o preenchida (a ser obtida no local), c\u00f3pia do comprovante de resid\u00eancia atualizado (\u00faltimos 90 dias), envelope contendo a documenta\u00e7\u00e3o para a qualifica\u00e7\u00e3o t\u00e9cnica e declara\u00e7\u00e3o de que n\u00e3o possui nenhuma das comorbidades listadas no edital.&nbsp;<u><\/u><u><\/u><\/p>\n<p style=\"text-align: justify;\"><u><\/u><b>Cargos e sal\u00e1rios \u2013<\/b>&nbsp;Os profissionais v\u00e3o atuar no Programa Estrat\u00e9gia Sa\u00fade da Fam\u00edlia (ESF) e ter\u00e3o que cumprir carga hor\u00e1ria de 40 horas semanais. Os quesitos exigidos e sal\u00e1rios de acordo com as fun\u00e7\u00f5es podem ser conferidos abaixo:<u><\/u><u><\/u><\/p>\n<p style=\"text-align: justify;\"><u><\/u>&#8211; M\u00e9dico: profissional deve possuir bacharelado em Medicina e ser inscrito no conselho profissional da categoria. Vencimentos s\u00e3o de R$11.581,57.&nbsp;<u><\/u><u><\/u><\/p>\n<p style=\"text-align: justify;\"><u><\/u>&#8211; Auxiliar de enfermagem: profissional deve possuir ensino m\u00e9dio t\u00e9cnico em Enfermagem. Vencimentos s\u00e3o de R$1.213,32.<u><\/u><u><\/u><\/p>\n<p style=\"text-align: justify;\"><u><\/u>&#8211; Enfermeiro: profissional deve possuir bacharelado em Enfermagem e ser inscrito no conselho profissional da categoria. Vencimentos s\u00e3o de R$3.253,69.<u><\/u><u><\/u><\/p>\n<p style=\"text-align: justify;\"><u><\/u>&nbsp;<u><\/u>&#8211; Auxiliar em sa\u00fade bucal: profissional deve possuir ensino m\u00e9dio t\u00e9cnico em Enfermagem. Vencimentos s\u00e3o de R$ 1.045,00.<\/p>\n<p style=\"text-align: justify;\"><u><\/u>&#8211; Cirurgi\u00e3o-dentista: profissional deve possuir bacharelado em Odontologia e ser inscrito no conselho profissional da categoria. Vencimentos s\u00e3o de R$ 1.962,42.&nbsp;<u><\/u><u><\/u><\/p>\n<p style=\"text-align: justify;\"><u><\/u><b>Etapa &#8211;<\/b>&nbsp;O processo seletivo constar\u00e1 de etapa \u00fanica de sele\u00e7\u00e3o denominada \u201cAn\u00e1lise Curricular: Forma\u00e7\u00e3o e Experi\u00eancia\u201d.<u><\/u><u><\/u><\/p>\n<p style=\"text-align: justify;\"><u><\/u><b>Validade e prazo de contrata\u00e7\u00e3o \u2013<\/b>&nbsp;O processo seletivo ter\u00e1 validade enquanto perdurar o Decreto Municipal n\u00ba 9.569, de 16 de mar\u00e7o de 2020. Os candidatos aprovados e integrantes do cadastro de reserva ser\u00e3o convocados \u00e0 medida que forem surgindo vagas, dentro do prazo de validade do edital.<u><\/u><u><\/u><\/p>\n<p style=\"text-align: justify;\"><u><\/u>Vale frisar que, por se tratar de contrata\u00e7\u00e3o para atendimento de um programa espec\u00edfico, o eventual v\u00ednculo estabelecido com os profissionais selecionados n\u00e3o implica continuidade de servi\u00e7os por tempo indeterminado e, em nenhuma hip\u00f3tese, gera estabilidade contratual com a Prefeitura.<u><\/u><u><\/u><\/p>\n<p style=\"text-align: justify;\"><u><\/u><b>Resultados &#8211;<\/b>&nbsp;O edital com as informa\u00e7\u00f5es detalhadas pode ser conferido no site da Prefeitura (<a href=\"http:\/\/muriae.mg.gov.br\/\" target=\"_blank\" rel=\"noopener\" data-saferedirecturl=\"https:\/\/www.google.com\/url?q=http:\/\/muriae.mg.gov.br&amp;source=gmail&amp;ust=1594147690849000&amp;usg=AFQjCNHIhWd0oop1f51qiJzNloPTJKe96w\">muriae.mg.gov.br<\/a>, link \u201cCidad\u00e3o\u201d, aba \u201cProcessos Seletivos) e no Di\u00e1rio Oficial dos Munic\u00edpios Mineiros (<a href=\"http:\/\/www.diariomunicipal.com.br\/amm-mg\" target=\"_blank\" rel=\"noopener\" data-saferedirecturl=\"https:\/\/www.google.com\/url?q=http:\/\/www.diariomunicipal.com.br\/amm-mg&amp;source=gmail&amp;ust=1594147690849000&amp;usg=AFQjCNEBpDig47t0sZPs0cTY0GdxYHlslg\">www.diariomunicipal.com.br\/<wbr>amm-mg<\/a>).<u><\/u><u><\/u><\/p>\n<p style=\"text-align: justify;\"><u><\/u>As publica\u00e7\u00f5es dos resultados do processo seletivo podem ser acompanhadas nestes mesmos endere\u00e7os eletr\u00f4nicos.<\/p>\n","protected":false},"excerpt":{"rendered":"<p>H\u00e1 oportunidades para m\u00e9dico, enfermeiro, auxiliar de enfermagem, auxiliar em sa\u00fade bucal e cirurgi\u00e3o-dentista. Inscri\u00e7\u00f5es prosseguem at\u00e9 10 de julho A Prefeitura de Muria\u00e9, por meio da Secretaria Municipal de Sa\u00fade, lan\u00e7ou novo edital de processo seletivo para contrata\u00e7\u00e3o de profissionais para atua\u00e7\u00e3o no enfrentamento ao coronav\u00edrus. Est\u00e1 sendo oferecida uma vaga mais cadastro de [&hellip;]<\/p>\n","protected":false},"author":6,"featured_media":0,"comment_status":"open","ping_status":"closed","sticky":false,"template":"","format":"standard","meta":{"_joinchat":[],"footnotes":""},"categories":[1],"tags":[],"class_list":["post-71413","post","type-post","status-publish","format-standard","hentry","category-sem-categoria"],"_links":{"self":[{"href":"http:\/\/folhadosudeste.com\/site\/index.php?rest_route=\/wp\/v2\/posts\/71413","targetHints":{"allow":["GET"]}}],"collection":[{"href":"http:\/\/folhadosudeste.com\/site\/index.php?rest_route=\/wp\/v2\/posts"}],"about":[{"href":"http:\/\/folhadosudeste.com\/site\/index.php?rest_route=\/wp\/v2\/types\/post"}],"author":[{"embeddable":true,"href":"http:\/\/folhadosudeste.com\/site\/index.php?rest_route=\/wp\/v2\/users\/6"}],"replies":[{"embeddable":true,"href":"http:\/\/folhadosudeste.com\/site\/index.php?rest_route=%2Fwp%2Fv2%2Fcomments&post=71413"}],"version-history":[{"count":1,"href":"http:\/\/folhadosudeste.com\/site\/index.php?rest_route=\/wp\/v2\/posts\/71413\/revisions"}],"predecessor-version":[{"id":71415,"href":"http:\/\/folhadosudeste.com\/site\/index.php?rest_route=\/wp\/v2\/posts\/71413\/revisions\/71415"}],"wp:attachment":[{"href":"http:\/\/folhadosudeste.com\/site\/index.php?rest_route=%2Fwp%2Fv2%2Fmedia&parent=71413"}],"wp:term":[{"taxonomy":"category","embeddable":true,"href":"http:\/\/folhadosudeste.com\/site\/index.php?rest_route=%2Fwp%2Fv2%2Fcategories&post=71413"},{"taxonomy":"post_tag","embeddable":true,"href":"http:\/\/folhadosudeste.com\/site\/index.php?rest_route=%2Fwp%2Fv2%2Ftags&post=71413"}],"curies":[{"name":"wp","href":"https:\/\/api.w.org\/{rel}","templated":true}]}}