{"id":71416,"date":"2020-07-06T23:28:36","date_gmt":"2020-07-06T23:28:36","guid":{"rendered":"http:\/\/folhadosudeste.com\/site\/?p=71416"},"modified":"2020-07-06T23:28:36","modified_gmt":"2020-07-06T23:28:36","slug":"comercio-volta-a-funcionar-de-forma-gradual-a-partir-de-quarta-feira","status":"publish","type":"post","link":"http:\/\/folhadosudeste.com\/site\/?p=71416","title":{"rendered":"Com\u00e9rcio volta a funcionar de forma gradual a partir de quarta-feira"},"content":{"rendered":"<p><a href=\"http:\/\/folhadosudeste.com\/site\/wp-content\/uploads\/2020\/07\/04e24d8a-fee7-409a-9c2d-c20b93602988.jpg\"><img loading=\"lazy\" decoding=\"async\" class=\"alignnone size-full wp-image-71417\" src=\"http:\/\/folhadosudeste.com\/site\/wp-content\/uploads\/2020\/07\/04e24d8a-fee7-409a-9c2d-c20b93602988.jpg\" alt=\"\" width=\"1280\" height=\"720\" srcset=\"http:\/\/folhadosudeste.com\/site\/wp-content\/uploads\/2020\/07\/04e24d8a-fee7-409a-9c2d-c20b93602988.jpg 1280w, http:\/\/folhadosudeste.com\/site\/wp-content\/uploads\/2020\/07\/04e24d8a-fee7-409a-9c2d-c20b93602988-300x169.jpg 300w, http:\/\/folhadosudeste.com\/site\/wp-content\/uploads\/2020\/07\/04e24d8a-fee7-409a-9c2d-c20b93602988-768x432.jpg 768w, http:\/\/folhadosudeste.com\/site\/wp-content\/uploads\/2020\/07\/04e24d8a-fee7-409a-9c2d-c20b93602988-1024x576.jpg 1024w\" sizes=\"auto, (max-width: 1280px) 100vw, 1280px\" \/><\/a><\/p>\n<p style=\"text-align: justify;\"><em>Medidas foram anunciadas pelo prefeito Grego durante transmiss\u00e3o ao vivo nesta segunda-feira<\/em><\/p>\n<p style=\"text-align: justify;\">O com\u00e9rcio em Muria\u00e9 ser\u00e1 reaberto de forma gradual a partir da pr\u00f3xima quarta-feira, dia 8 de julho. As regras constam na resolu\u00e7\u00e3o n\u00famero 16 do Comit\u00ea Extraordin\u00e1rio Covid-19 e foram anunciadas agora h\u00e1 pouco pelo prefeito Grego, em transmiss\u00e3o ao vivo pela internet.<\/p>\n<p style=\"text-align: justify;\">Os setores autorizados a retomar suas atividades j\u00e1 nesta semana poder\u00e3o funcionar de segunda a s\u00e1bado, das 12h \u00e0s 20h. Os demais segmentos poder\u00e3o reabrir suas portas ao p\u00fablico somente a partir de 13 de julho, tamb\u00e9m com hor\u00e1rios espec\u00edficos. J\u00e1 a feira livre de domingo permanece suspensa por tempo indeterminado.<\/p>\n<p><!--more--><\/p>\n<p style=\"text-align: justify;\">O uso de m\u00e1scaras e a disponibiliza\u00e7\u00e3o de \u00e1lcool 79 (l\u00edquido ou gel) continuam sendo obrigat\u00f3rios. J\u00e1 as vendas atrav\u00e9s de teleatendimento, com servi\u00e7o de delivery, poder\u00e3o continuar acontecendo normalmente a qualquer dia e hor\u00e1rio. A \u00fanica proibi\u00e7\u00e3o \u00e9 a retirada dos produtos no estabelecimento fora dos hor\u00e1rios permitidos.<\/p>\n<p style=\"text-align: justify;\">As regras para o funcionamento de cada setor est\u00e3o listadas logo abaixo.<\/p>\n<p style=\"text-align: justify;\">Funcionamento autorizado partir de quarta-feira (08\/07) &#8211; de segunda a s\u00e1bado, entre 12 e 20h:<br \/>\n&#8211; Cl\u00ednicas est\u00e9ticas, sal\u00f5es de beleza, barbearias e similares;<br \/>\n&#8211; Lavadores de ve\u00edculos;<br \/>\n&#8211; Autoescolas<\/p>\n<p style=\"text-align: justify;\">Funcionamento autorizado a partir de segunda-feira (13\/07) &#8211; de segunda a sexta, das 12 \u00e0s 18h; aos s\u00e1bados, das 9h \u00e0s 13h:<br \/>\n&#8211; Com\u00e9rcio varejista e galerias de lojas;<br \/>\n&#8211; Centro de com\u00e9rcio popular (\u201ccamel\u00f3dromo\u201d e ambulantes;<br \/>\n&#8211; Bares, restaurantes, lanchonetes e quiosques (poder\u00e3o servir somente produtos de alimenta\u00e7\u00e3o. O consumo de bebidas alco\u00f3licas no local permanece proibido);<br \/>\n&#8211; Chaveiros;<br \/>\n&#8211; Academias;<br \/>\n&#8211; Cl\u00ednicas m\u00e9dicas e veterin\u00e1rias;<br \/>\n&#8211; Laborat\u00f3rios cl\u00ednicos e similares;<br \/>\n&#8211; \u00d3ticas;<br \/>\n&#8211; Servi\u00e7os de apoio, diagn\u00f3stico e terapia;<br \/>\n&#8211; Lojas de material m\u00e9dico-hospitalar;<br \/>\n&#8211; Petshops e lojas de produtos veterin\u00e1rios;<br \/>\n&#8211; \u00c1rea Azul (Rotativo);<\/p>\n<p style=\"text-align: justify;\">Funcionamento autorizado sem restri\u00e7\u00f5es de dia e\/ou hor\u00e1rio:<br \/>\n&#8211; Supermercados e similares (hortifrutis, mercearias e a\u00e7ougues). Continua proibido consumir qualquer produto dentro dos estabelecimentos;<br \/>\n&#8211; Padarias;<br \/>\n&#8211; Distribuidoras de \u00e1gua e g\u00e1s de cozinha;<br \/>\n&#8211; Oficinas mec\u00e2nicas;<br \/>\n&#8211; T\u00e1xis e aplicativos de transporte;<br \/>\n&#8211; Farm\u00e1cias;<br \/>\n&#8211; Postos de combust\u00edveis;<br \/>\n&#8211; Funer\u00e1rias;<br \/>\n&#8211; Cantinas de hospitais;<br \/>\n&#8211; Servi\u00e7os de seguran\u00e7a e vigil\u00e2ncia;<br \/>\n&#8211; Atividades de ind\u00fastria;<\/p>\n<p style=\"text-align: justify;\">Permanecem proibidos e\/ou fechados:<br \/>\n&#8211; Cirurgias eletivas;<br \/>\n&#8211; Boates e casas de festas e eventos;<br \/>\n&#8211; Exposi\u00e7\u00f5es, congressos, semin\u00e1rios;<br \/>\n&#8211; Eventos com p\u00fablico superior a 30 pessoas;<br \/>\n&#8211; Cinemas e teatros;<br \/>\n&#8211; Clubes de servi\u00e7os e lazer;<br \/>\n&#8211; Parques de divers\u00e3o e tem\u00e1ticos;<br \/>\n&#8211; Museus, bibliotecas e centros culturais;<br \/>\n&#8211; Pra\u00e7as p\u00fablicas, Lagoa da G\u00e1vea, quadras, gin\u00e1sios, campos de futebol, centros esportivos e \u00e1reas de lazer p\u00fablicas ou particulares;<\/p>\n<p style=\"text-align: justify;\">OUTROS CASOS:<br \/>\nBancos, lot\u00e9ricas e institui\u00e7\u00f5es financeiras: devem cumprir as normas espec\u00edficas de funcionamento para o setor. Recomenda-se o uso preferencial de canais digitais, como aplicativos e internet banking;<\/p>\n<p style=\"text-align: justify;\">\u00d3rg\u00e3os p\u00fablicos estaduais e federais (UAI, Correios, etc): devem cumprir as regras espec\u00edficas de suas esferas.<\/p>\n","protected":false},"excerpt":{"rendered":"<p>Medidas foram anunciadas pelo prefeito Grego durante transmiss\u00e3o ao vivo nesta segunda-feira O com\u00e9rcio em Muria\u00e9 ser\u00e1 reaberto de forma gradual a partir da pr\u00f3xima quarta-feira, dia 8 de julho. As regras constam na resolu\u00e7\u00e3o n\u00famero 16 do Comit\u00ea Extraordin\u00e1rio Covid-19 e foram anunciadas agora h\u00e1 pouco pelo prefeito Grego, em transmiss\u00e3o ao vivo pela [&hellip;]<\/p>\n","protected":false},"author":6,"featured_media":0,"comment_status":"open","ping_status":"closed","sticky":false,"template":"","format":"standard","meta":{"_joinchat":[],"footnotes":""},"categories":[1],"tags":[],"class_list":["post-71416","post","type-post","status-publish","format-standard","hentry","category-sem-categoria"],"_links":{"self":[{"href":"http:\/\/folhadosudeste.com\/site\/index.php?rest_route=\/wp\/v2\/posts\/71416","targetHints":{"allow":["GET"]}}],"collection":[{"href":"http:\/\/folhadosudeste.com\/site\/index.php?rest_route=\/wp\/v2\/posts"}],"about":[{"href":"http:\/\/folhadosudeste.com\/site\/index.php?rest_route=\/wp\/v2\/types\/post"}],"author":[{"embeddable":true,"href":"http:\/\/folhadosudeste.com\/site\/index.php?rest_route=\/wp\/v2\/users\/6"}],"replies":[{"embeddable":true,"href":"http:\/\/folhadosudeste.com\/site\/index.php?rest_route=%2Fwp%2Fv2%2Fcomments&post=71416"}],"version-history":[{"count":1,"href":"http:\/\/folhadosudeste.com\/site\/index.php?rest_route=\/wp\/v2\/posts\/71416\/revisions"}],"predecessor-version":[{"id":71418,"href":"http:\/\/folhadosudeste.com\/site\/index.php?rest_route=\/wp\/v2\/posts\/71416\/revisions\/71418"}],"wp:attachment":[{"href":"http:\/\/folhadosudeste.com\/site\/index.php?rest_route=%2Fwp%2Fv2%2Fmedia&parent=71416"}],"wp:term":[{"taxonomy":"category","embeddable":true,"href":"http:\/\/folhadosudeste.com\/site\/index.php?rest_route=%2Fwp%2Fv2%2Fcategories&post=71416"},{"taxonomy":"post_tag","embeddable":true,"href":"http:\/\/folhadosudeste.com\/site\/index.php?rest_route=%2Fwp%2Fv2%2Ftags&post=71416"}],"curies":[{"name":"wp","href":"https:\/\/api.w.org\/{rel}","templated":true}]}}