{"id":71419,"date":"2020-07-07T17:59:50","date_gmt":"2020-07-07T17:59:50","guid":{"rendered":"http:\/\/folhadosudeste.com\/site\/?p=71419"},"modified":"2020-07-07T17:59:50","modified_gmt":"2020-07-07T17:59:50","slug":"presidente-bolsonaro-esta-com-covid-19","status":"publish","type":"post","link":"http:\/\/folhadosudeste.com\/site\/?p=71419","title":{"rendered":"Presidente Bolsonaro est\u00e1 com COVID-19"},"content":{"rendered":"<p><img decoding=\"async\" src=\"https:\/\/cdn.brasildefato.com.br\/media\/6897cf4d1929e3904b0ddf0b9469fa48.jpg\" alt=\"Comitiva de Bolsonaro tem 17 infectados por coronav\u00edrus | Sa\u00fade\"><\/p>\n<p style=\"text-align: justify;\"><em>Ele afirmou ainda que teve febre de 38 graus, mal-estar e dor no corpo. Presidente vai trabalhar nos pr\u00f3ximos dias no Pal\u00e1cio da Alvorada, por videoconfer\u00eancia<\/em><\/p>\n<p style=\"text-align: justify;\">O presidente Jair Bolsonaro informou nesta ter\u00e7a-feira (7) que seu exame para detectar se est\u00e1 com Covid-19, a doen\u00e7a causada pelo novo coronav\u00edrus, deu positivo.<\/p>\n<p style=\"text-align: justify;\">O presidente afirmou que chegou a ter febre de 38 graus, mas que, \u00e0 noite, a temperatura come\u00e7ou a ceder. Relatou tamb\u00e9m que sentiu mal-estar e cansa\u00e7o. Ele disse que agora est\u00e1 se sentindo &#8220;perfeitamente bem&#8221;.<\/p>\n<p style=\"text-align: justify;\">De acordo com Bolsonaro, ele tomou hidroxicloroquina, rem\u00e9dio que vem defendendo como tratamento para a Covid-19. N\u00e3o h\u00e1 comprova\u00e7\u00e3o cient\u00edfica da efic\u00e1cia da hidroxicloroquina para a doen\u00e7a.<\/p>\n<p><!--more--><\/p>\n<p style=\"text-align: justify;\">&#8220;Estou bem, estou normal. Em compara\u00e7\u00e3o a ontem [segunda], estou muito bem. Estou at\u00e9 com vontade de fazer uma caminhada, mas n\u00e3o vou faz\u00ea-lo por recomenda\u00e7\u00e3o m\u00e9dica, mas eu estou muito bem&#8221;, afirmou.<br \/>\nBolsonaro j\u00e1 havia informado a apoiadores na segunda-feira (6) que estava com febre e dores no corpo e, por isso, decidiu fazer o exame. Ele tamb\u00e9m disse que fez uma radiografia e que o pulm\u00e3o &#8220;estava limpo&#8221;.<\/p>\n<p style=\"text-align: justify;\">O presidente tem 65 anos e faz parte da faixa et\u00e1ria considerada por especialistas como grupo de risco.<\/p>\n<p style=\"text-align: justify;\">Ele informou que nos pr\u00f3ximos dias vai despachar por videoconfer\u00eancia na resid\u00eancia oficial do Pal\u00e1cio da Alvorada e que talvez receba auxiliares para assinar documentos. Bolsonaro cancelou viagens que faria \u00e0 Bahia e a Minas Gerais.<\/p>\n<p style=\"text-align: justify;\">O presidente fez o an\u00fancio do resultado do exame para a TV Brasil e mais duas emissoras. Nenhuma outra emissora foi convidada. Ao final do an\u00fancio, ele se afastou alguns passos dos rep\u00f3rteres e tirou a m\u00e1scara. Mostrou o rosto, disse estar &#8220;bem&#8221; e pediu cuidado aos mais idosos.<\/p>\n<p style=\"text-align: justify;\">&#8220;Vamos tomar cuidado, em especial com o mais idosos e que t\u00eam comorbidade. Os mais jovens, tomem cuidado, mas se forem acometidos do v\u00edrus, fiquem tranquilos que para voc\u00eas a possibilidade de algo mais grave \u00e9 pr\u00f3ximo de zero&#8221;, declarou.<\/p>\n<p style=\"text-align: justify;\">Dados oficiais sobre a pandemia mostram que pessoas mais jovens, e mesmo aquelas sem comorbidades, tamb\u00e9m podem desenvolver formas graves da doen\u00e7a.<\/p>\n<p style=\"text-align: justify;\">Mesmo defendendo cuidado com os mais velhos, Bolsonaro tem feito reuni\u00f5es com ministros, alguns deles com mais de 60 anos, como ministro da Economia, Paulo Guedes, que tem 70. O presidente tamb\u00e9m se aproximou e falou com apoiadores nos \u00faltimos dias e pode ter transmitido a doen\u00e7a. De acordo com a Organiza\u00e7\u00e3o Mundial de Sa\u00fade (OMS), uma pessoa infectada pode transmitir o v\u00edrus at\u00e9 6 dias antes de come\u00e7ar a apresentar sintomas.<\/p>\n<p style=\"text-align: justify;\">Bolsonaro disse ainda que o novo coronav\u00edrus \u00e9 &#8220;como uma chuva&#8221; e vai atingir a maioria das pessoas.<\/p>\n<p style=\"text-align: justify;\">&#8220;O que eu posso falar para todo mundo aqui. Esse v\u00edrus \u00e9 quase como, eu j\u00e1 dizia no passado e era muito criticado, era como uma chuva, vai atingir voc\u00ea, n\u00e9? Alguns, n\u00e3o. Alguns tem que tomar um maior cuidado com esse fen\u00f4meno por assim dizer&#8221;, afirmou.<\/p>\n<p style=\"text-align: justify;\">No entanto, n\u00e3o h\u00e1 comprova\u00e7\u00e3o cient\u00edfica de que a maior parte da popula\u00e7\u00e3o necessariamente deve contrair o v\u00edrus. Cientistas estimam que, no Brasil, se 70% das pessoas pegassem a doen\u00e7a, haveria 1,8 milh\u00e3o de mortes. Bolsonaro j\u00e1 declarou em outra ocasi\u00e3o que 70% dos brasileiros teriam Covid-19.<\/p>\n<p style=\"text-align: justify;\">O presidente tamb\u00e9m informou que a primeira-dama Michelle Bolsonaro realizou nesta ter\u00e7a-feira um exame para saber se tem o novo coronav\u00edrus. Ele n\u00e3o citou o resultado do teste. <strong>Fonte: g1.globo.com<\/strong><\/p>\n","protected":false},"excerpt":{"rendered":"<p>Ele afirmou ainda que teve febre de 38 graus, mal-estar e dor no corpo. Presidente vai trabalhar nos pr\u00f3ximos dias no Pal\u00e1cio da Alvorada, por videoconfer\u00eancia O presidente Jair Bolsonaro informou nesta ter\u00e7a-feira (7) que seu exame para detectar se est\u00e1 com Covid-19, a doen\u00e7a causada pelo novo coronav\u00edrus, deu positivo. O presidente afirmou que [&hellip;]<\/p>\n","protected":false},"author":6,"featured_media":0,"comment_status":"open","ping_status":"closed","sticky":false,"template":"","format":"standard","meta":{"_joinchat":[],"footnotes":""},"categories":[1],"tags":[],"class_list":["post-71419","post","type-post","status-publish","format-standard","hentry","category-sem-categoria"],"_links":{"self":[{"href":"http:\/\/folhadosudeste.com\/site\/index.php?rest_route=\/wp\/v2\/posts\/71419","targetHints":{"allow":["GET"]}}],"collection":[{"href":"http:\/\/folhadosudeste.com\/site\/index.php?rest_route=\/wp\/v2\/posts"}],"about":[{"href":"http:\/\/folhadosudeste.com\/site\/index.php?rest_route=\/wp\/v2\/types\/post"}],"author":[{"embeddable":true,"href":"http:\/\/folhadosudeste.com\/site\/index.php?rest_route=\/wp\/v2\/users\/6"}],"replies":[{"embeddable":true,"href":"http:\/\/folhadosudeste.com\/site\/index.php?rest_route=%2Fwp%2Fv2%2Fcomments&post=71419"}],"version-history":[{"count":1,"href":"http:\/\/folhadosudeste.com\/site\/index.php?rest_route=\/wp\/v2\/posts\/71419\/revisions"}],"predecessor-version":[{"id":71420,"href":"http:\/\/folhadosudeste.com\/site\/index.php?rest_route=\/wp\/v2\/posts\/71419\/revisions\/71420"}],"wp:attachment":[{"href":"http:\/\/folhadosudeste.com\/site\/index.php?rest_route=%2Fwp%2Fv2%2Fmedia&parent=71419"}],"wp:term":[{"taxonomy":"category","embeddable":true,"href":"http:\/\/folhadosudeste.com\/site\/index.php?rest_route=%2Fwp%2Fv2%2Fcategories&post=71419"},{"taxonomy":"post_tag","embeddable":true,"href":"http:\/\/folhadosudeste.com\/site\/index.php?rest_route=%2Fwp%2Fv2%2Ftags&post=71419"}],"curies":[{"name":"wp","href":"https:\/\/api.w.org\/{rel}","templated":true}]}}